{"id":49270,"date":"2025-04-24T13:32:16","date_gmt":"2025-04-24T13:32:16","guid":{"rendered":"https:\/\/www.europesays.com\/fr\/49270\/"},"modified":"2025-04-24T13:32:16","modified_gmt":"2025-04-24T13:32:16","slug":"un-nouveau-circuit-bouliste-dedie-aux-femmes-une-etape-a-marseille","status":"publish","type":"post","link":"https:\/\/www.europesays.com\/fr\/49270\/","title":{"rendered":"un nouveau circuit bouliste d\u00e9di\u00e9 aux femmes, une \u00e9tape \u00e0 Marseille"},"content":{"rendered":"<p>Longtemps essentiellement masculine, la p\u00e9tanque <a href=\"https:\/\/www.laprovence.com\/article\/sports\/105480513540515\/petanque-anna-maillard-en-tete-daffiche-du-100-feminin\" target=\"_blank\" rel=\"noopener\">s&rsquo;ouvre de plus en plus \u00e0 la gent f\u00e9minine<\/a>. Alors que peu d&rsquo;organisateurs misaient sur des \u00e9preuves exclusivement d\u00e9di\u00e9es aux femmes, la tendance commence \u00e0 s&rsquo;inverser.<\/p>\n<p>Nouveaut\u00e9 cette ann\u00e9e lanc\u00e9e symboliquement \u00e0 S\u00e8te les 8 et 9 mars, qui co\u00efncidait avec la journ\u00e9e internationale des droits des femmes, la Tourn\u00e9e p\u00e9tanque Entr&rsquo;Elles a pour objectif de principal la promotion de la p\u00e9tanque f\u00e9minine.<\/p>\n<p>Pour cette premi\u00e8re ann\u00e9e, 6 \u00e9tapes se d\u00e9roulant en doublettes ou en triplettes, de niveau national et international, ont int\u00e9gr\u00e9 ce circuit.<\/p>\n<p>Apr\u00e8s S\u00e8te (triplettes, 8-9 mars), Palavas-les-Flots (doublettes, 1er &#8211; 3 ao\u00fbt), Villemolaque (doublettes, 6-8 ao\u00fbt), Saint-Ju\u00e9ry (doublettes, 22-24 ao\u00fbt) et avant Monaco (doublettes, 13-14 septembre), Marseille, avec <a href=\"https:\/\/www.laprovence.com\/article\/sports\/43992529877765\/petanque-le-concours-100-feminin-de-provence-succede-aux-12-heures-boulistes\" target=\"_blank\" rel=\"noopener\">le 100 % f\u00e9minin de Provence<\/a>, class\u00e9 Top 1000, s&rsquo;offre une place de choix : deuxi\u00e8me \u00e9tape en triplettes et surtout avant-derni\u00e8re du circuit qui peut s&rsquo;av\u00e9rer d\u00e9terminante pour les joueuses en qu\u00eate de points.<\/p>\n<p>Car, l&rsquo;enjeu de ce circuit, c&rsquo;est une grande finale r\u00e9unissant les 16 joueuses les mieux class\u00e9es, en d\u00e9cembre, \u00e0 Saint-Marcel-les-Valence.<\/p>\n<p>\u00ab\u00a0Cette nouveaut\u00e9 \u00e9tait dans les tuyaux il y a un an et demi ou deux ans, confie G\u00e9rard Ponci\u00e9, organisateur du 100 % f\u00e9minin de Provence. Avec comme locomotive Palavas-les-Flots, cette tourn\u00e9e correspond \u00e0 ce que nous voulons faire \u00e0 Marseille, \u00e0 savoir contribuer \u00e0 ce que la p\u00e9tanque f\u00e9minine occupe toute la place qu&rsquo;elle m\u00e9rite. On ne pouvait donc pas refuser de l&rsquo;int\u00e9grer. Logiquement, \u00e7a donnera aussi une raison suppl\u00e9mentaire pour que l&rsquo;\u00e9tape marseillaise soit coch\u00e9e dans les calendriers boulistes f\u00e9minins.\u00a0\u00bb<\/p>\n","protected":false},"excerpt":{"rendered":"Longtemps essentiellement masculine, la p\u00e9tanque s&rsquo;ouvre de plus en plus \u00e0 la gent f\u00e9minine. Alors que peu d&rsquo;organisateurs&hellip;\n","protected":false},"author":2,"featured_media":49271,"comment_status":"","ping_status":"","sticky":false,"template":"","format":"standard","meta":{"footnotes":""},"categories":[2814],"tags":[17,1111,11,1007,14107,14106,9728,1777,674,4651,1011,27,884,12,4565,6426,882,25,60],"class_list":{"0":"post-49270","1":"post","2":"type-post","3":"status-publish","4":"format-standard","5":"has-post-thumbnail","7":"category-marseille","8":"tag-17","9":"tag-actu","10":"tag-actualites","11":"tag-aux","12":"tag-bouliste","13":"tag-circuit","14":"tag-dedie","15":"tag-eu","16":"tag-europe","17":"tag-femmes","18":"tag-fr","19":"tag-france","20":"tag-marseille","21":"tag-news","22":"tag-nouveau","23":"tag-petanque","24":"tag-provence-alpes-cote-dazur","25":"tag-republique-francaise","26":"tag-sports"},"share_on_mastodon":{"url":"https:\/\/pubeurope.com\/@fr\/114393195738477864","error":""},"_links":{"self":[{"href":"https:\/\/www.europesays.com\/fr\/wp-json\/wp\/v2\/posts\/49270","targetHints":{"allow":["GET"]}}],"collection":[{"href":"https:\/\/www.europesays.com\/fr\/wp-json\/wp\/v2\/posts"}],"about":[{"href":"https:\/\/www.europesays.com\/fr\/wp-json\/wp\/v2\/types\/post"}],"author":[{"embeddable":true,"href":"https:\/\/www.europesays.com\/fr\/wp-json\/wp\/v2\/users\/2"}],"replies":[{"embeddable":true,"href":"https:\/\/www.europesays.com\/fr\/wp-json\/wp\/v2\/comments?post=49270"}],"version-history":[{"count":0,"href":"https:\/\/www.europesays.com\/fr\/wp-json\/wp\/v2\/posts\/49270\/revisions"}],"wp:featuredmedia":[{"embeddable":true,"href":"https:\/\/www.europesays.com\/fr\/wp-json\/wp\/v2\/media\/49271"}],"wp:attachment":[{"href":"https:\/\/www.europesays.com\/fr\/wp-json\/wp\/v2\/media?parent=49270"}],"wp:term":[{"taxonomy":"category","embeddable":true,"href":"https:\/\/www.europesays.com\/fr\/wp-json\/wp\/v2\/categories?post=49270"},{"taxonomy":"post_tag","embeddable":true,"href":"https:\/\/www.europesays.com\/fr\/wp-json\/wp\/v2\/tags?post=49270"}],"curies":[{"name":"wp","href":"https:\/\/api.w.org\/{rel}","templated":true}]}}