{"id":492700,"date":"2025-10-27T07:54:23","date_gmt":"2025-10-27T07:54:23","guid":{"rendered":"https:\/\/www.europesays.com\/fr\/492700\/"},"modified":"2025-10-27T07:54:23","modified_gmt":"2025-10-27T07:54:23","slug":"la-volonte-de-mettre-la-culture-au-pas","status":"publish","type":"post","link":"https:\/\/www.europesays.com\/fr\/492700\/","title":{"rendered":"La VOLONT\u00c9 DE METTRE LA CULTURE AU PAS"},"content":{"rendered":"<p>Posted On 27 octobre 2025 <\/p>\n<p>Le t\u00e9moignage de Yves Aupetitallot, l&rsquo;ex directeur du CNAC\/ Le Magasin de 1996 \u00e0 2015 est essentiel. <a href=\"https:\/\/grenoble-le-changement.fr\/2025\/02\/01\/quand-lhistoire-du-theatre-de-grenoble-rejoint-lactualite\/\" target=\"_blank\" rel=\"noopener\">Comme celui de Guy Sisti sur le Th\u00e9\u00e2tre Municipal<\/a>, il n&rsquo;\u00e9claire pas seulement l&rsquo;histoire de cette institution culturelle autrefois phare de la ville. Il explique l&rsquo;histoire de l&rsquo;aventure culturelle grenobloise et de ses acteurs, avec un recul, une distance, une pertinence et une connaissance remarquables.\u00a0<\/p>\n<p>Le format long dans lequel Yves Aupetitallot se livre pour \u00a0\u00bb Grenoble, le Changement\u00a0\u00bb constitue un apport d\u00e9terminant \u00e0 la compr\u00e9hension de tout ce qui s&rsquo;est jou\u00e9 ces derni\u00e8res ann\u00e9es dans l&rsquo;\u00e8re Piolle et la prise en mains du culturel et du socio-culturel par la majorit\u00e9 municipale.\u00a0<\/p>\n<p>On ne peut pas comprendre la fermeture de biblioth\u00e8ques, de la MJC Pr\u00e9mol, du Plateau , le sabrage des Musiciens du Louvre, la cr\u00e9ation de \u00a0\u00bb tiers lieux\u00a0\u00bb attribu\u00e9s aux amis politiques&#8230;. sans connaitre l&rsquo;implacable id\u00e9ologie qui les sous tend.\u00a0<\/p>\n<p><a href=\"https:\/\/grenoble-le-changement.fr\/wp-content\/uploads\/2025\/10\/Capture-de\u0301cran-2025-10-26-a\u0300-11.04.45.png\" rel=\"lightbox[85741] noopener\" target=\"_blank\"><img decoding=\"async\" data-id=\"85742\" src=\"https:\/\/grenoble-le-changement.fr\/wp-content\/uploads\/2025\/10\/Capture-de\u0301cran-2025-10-26-a\u0300-11.04.45.png\" alt=\"\" class=\"wp-image-85742 jetpack-lazy-image\" data-lazy-src=\"https:\/\/www.europesays.com\/fr\/wp-content\/uploads\/2025\/10\/Capture-de\u0301cran-2025-10-26-a\u0300-11.04.45.png\" \/><\/a><br \/>\nYves Aupetitallot,  Directeur du CNAC\/ Le Magasin \u00e0 Grenoble jusqu&rsquo;en 2015 <\/p>\n<p><strong>Laurence RUFFIN NE PEUT PAS \u00c9CHAPPER AU VERDICT <\/strong><\/p>\n<p>Le probl\u00e8me majeur pour Laurence Ruffin qui voudrait continuer \u00e0 la mettre en oeuvre est qu&rsquo;elle est mise \u00e0 nu par des acteurs tr\u00e8s diff\u00e9rents du monde culturel : Jo\u00ebl Pommerat, Metteur en sc\u00e8ne,\u00a0 <a href=\"https:\/\/grenoble-le-changement.fr\/2021\/03\/01\/frederic-martel-france-culture-et-e-piolle-oukases-coups-de-menton-et-arbitraire-politique\/\" target=\"_blank\" rel=\"noopener\">Fr\u00e9d\u00e9ric Martel (France Culture)<\/a> et tant d&rsquo;autres revues ou intervenants. Le niveau de prise de conscience est tel que Yves Aupetitallot exprime en conclusion \u00a0\u00bb la conviction que l\u2019avenir de Grenoble passe par l\u2019union de ceux, dans la classe politique locale, de droite et de gauche, qui sont encore porteurs des valeurs r\u00e9publicaines et la\u00efques et qui ont \u00e9t\u00e9 dans une opposition active \u00e0 la politique de Piolle. \u00ab\u00a0<\/p>\n<p><strong>\u00a0\u00bb UNE VISION OUVERTE DE L&rsquo;ART CONTEMPORAIN\u00a0\u00bb<\/strong><\/p>\n<p><strong>Q. Comment \u00eates-vous arriv\u00e9 \u00e0 Grenoble pour prendre la direction du MAGASIN ?<\/strong><\/p>\n<p>Y.A : \u00ab\u00a0J\u2019arrive \u00e0 Grenoble en 1996 apr\u00e8s avoir r\u00e9alis\u00e9 un projet pour le Conseil de l\u2019Europe \u00e0 Anvers et une exposition au Palais des Beaux-Arts de Bruxelles.<\/p>\n<p>\u00ab\u00a0A ce moment l\u00e0, le Magasin traverse une importante crise financi\u00e8re et institutionnelle \u00e0 l\u2019image de celle d\u2019autres centres, le CAPC de Bordeaux ou l\u2019Institut de Villeurbanne, sans oublier les maisons de la culture. Apr\u00e8s plus d\u2019une d\u00e9cennie, la d\u00e9centralisation culturelle traversait une v\u00e9ritable crise de croissance. Cette crise \u00e9tait d\u2019autant plus sensible qu\u2019elle ravivait les oppositions locales \u00e0 l\u2019existence m\u00eame du MAGASIN et \u00e0 la vision de l\u2019art contemporain qui l\u2019animait.\u00a0\u00bb<\/p>\n<p><strong>Q. Est-ce que vous pouvez nous en dire plus sur ces oppositions locales ?<\/strong><\/p>\n<p>Y.A\u00a0\u00bb : La culture \u00e0 Grenoble fait depuis longtemps l\u2019objet de d\u00e9bats au sein de la gauche, notamment dans la gauche socialiste des ann\u00e9es soixante-dix et quatre-vingt, alors partag\u00e9e entre deux visions, entre deux cultures de gauche expos\u00e9es par Michel Rocard au congr\u00e8s de Nantes.\u00a0\u00bb<\/p>\n<p><img decoding=\"async\" data-id=\"50908\" src=\"https:\/\/grenoble-le-changement.fr\/wp-content\/uploads\/2021\/12\/CNAC-AC-Magasin-.jpg\" alt=\"\" class=\"wp-image-50908 jetpack-lazy-image\" data-lazy-src=\"https:\/\/www.europesays.com\/fr\/wp-content\/uploads\/2025\/10\/CNAC-AC-Magasin-.jpg\" \/><br \/>\nL&rsquo;inauguration du CNAC\/ Le Magasin par Alain Carignon et Fran\u00e7ois L\u00e9otard , l&rsquo;\u00e2ge d&rsquo;or de la culture \u00e0 Grenoble<\/p>\n<p><strong>DEUX CULTURES DE GAUCHE SE SONT OPPOS\u00c9ES \u00e0 GRENOBLE<\/strong><\/p>\n<p><strong>Q. Comment ces deux cultures de gauche se sont-elles manifest\u00e9es \u00e0 Grenoble dans le domaine culturel ?<\/strong><\/p>\n<p>Y.A : \u00ab\u00a0Prenons\u00a0 deux figures embl\u00e9matiques de la culture \u00e0 Grenoble, deux hommes qui ont exerc\u00e9 la direction de son mus\u00e9e et qui se sont, l\u2019un et l\u2019autre, r\u00e9clam\u00e9s d\u2019une orientation de gauche. Maurice Besset, tout d\u2019abord, ancien \u00e9l\u00e8ve de l\u2019Ecole Normale Sup\u00e9rieure, qui a dirig\u00e9 le mus\u00e9e de 1969 \u00e0 1975, apr\u00e8s avoir \u00e9t\u00e9 le responsable du centre culturel fran\u00e7ais d\u2019Innsbruck puis conservateur du mus\u00e9e national d\u2019art moderne. Il est le beau-fr\u00e8re du r\u00e9alisateur Claude Santelli, le voisin de Michel Rocard et qui, pour la petite histoire, l\u2019aidait pour ses versions latines.<\/p>\n<p>\u00ab\u00a0Historien de l\u2019art, universitaire, ami et ex\u00e9cuteur testamentaire de Le Corbusier, il est appel\u00e9 \u00e0 Grenoble par l\u2019adjoint \u00e0 la culture, Bernard Gilman, avec un projet de mus\u00e9e sur la Bastille.<\/p>\n<p><strong>Maurice BESSET RENONCE \u00e0 GRENOBLE\u00a0<\/strong><\/p>\n<p>\u00ab\u00a0Il laisse \u00e0 Grenoble le bilan remarquable de son programme d\u2019expositions et de sa politique d\u2019enrichissement des collections avec des acquisitions d\u2019artistes am\u00e9ricains contemporains qui font la richesse du mus\u00e9e avec la donation Agutte Sembat. Passionn\u00e9 de p\u00e9dagogie, concepteur d\u2019un \u00ab mus\u00e9e vivant \u00bb, il met en place de nombreux supports p\u00e9dagogiques.\u00a0 Mais ses relations avec la Ville vont peu \u00e0 peu se d\u00e9grader faute de voir se concr\u00e9tiser le projet de mus\u00e9e. Il d\u00e9missionne pour int\u00e9grer l\u2019Universit\u00e9 de Gen\u00e8ve comme l\u2019avait fait l\u2019un de ses pr\u00e9d\u00e9cesseurs \u00e0 Grenoble, Jean Lemayrie.<\/p>\n<p><strong>Pierre GAUDIBERT MILITANT d&rsquo;EXTR\u00caME GAUCHE LUI SUCC\u00c9DE\u00a0<\/strong><\/p>\n<p>\u00ab\u00a0En second, Pierre Gaudibert, qui r\u00e9alise en 1977 une enqu\u00eate sur le mus\u00e9e de Grenoble \u00e0 la demande de la Ville. Il en prend la direction l\u2019ann\u00e9e suivante apr\u00e8s trois ann\u00e9es d\u2019interim assur\u00e9es par Marie-Claude Beaud jusqu\u2019\u00e0 son d\u00e9part pour le mus\u00e9e de Toulon.<\/p>\n<p>\u00ab\u00a0Critique d&rsquo;art et militant il d\u00e9bute dans les ann\u00e9es 60 comme animateur culturel, puis conservateur du mus\u00e9e de la Ville de Paris o\u00f9 il cr\u00e9\u00e9 l\u2019ARC et y r\u00e9alise la notable exposition de 1969 \u00ab Salle Rouge pour le Vietnam-Hommage au peuple vietnamien luttant contre l\u2019agression am\u00e9ricaine \u00bb. Pour Pierre Gaudibert l\u2019engagement politique fait partie de l\u2019action culturelle, ce qu\u2019il ne cessera de d\u00e9velopper dans de nombreux ouvrages critiquant\u00a0\u00ab les avant-gardes intellectualistes, leur cosmopolitisme et leur soumission \u00e0 l\u2019imp\u00e9rialisme culturel am\u00e9ricain \u00bb; une profession de foi en totale contradiction avec Maurice Besset. Ce sont ses propres mots comme ceux de son appel \u00e0 l\u2019interculturel avec les pays socialistes, le Tiers Monde et les jeunes nations. Il se passionne pour l\u2019art africain et organise une exposition d\u2019artistes contemporains marocains \u00e0 Grenoble, en pr\u00e9figuration d\u2019un centre d\u2019art dans la future halle du MAGASIN qu\u2019il projetait comme le lieu \u00e0 venir des expressions artistiques du Tiers-Monde.\u00a0\u00bb<\/p>\n<p><img decoding=\"async\" data-id=\"78671\" src=\"https:\/\/grenoble-le-changement.fr\/wp-content\/uploads\/2024\/12\/crs-bibli.png\" alt=\"\" class=\"wp-image-78671 jetpack-lazy-image\" data-lazy-src=\"https:\/\/www.europesays.com\/fr\/wp-content\/uploads\/2025\/10\/crs-bibli.png\" \/><br \/>\nle Conseil Municipal d\u00e9lib\u00e9rant sous la protection des CRS pour fermer des biblioth\u00e8ques:  Grenoble aura v\u00e9cu cela avec un majorit\u00e9 d&rsquo;\u00e9lus Verts\/LFI <\/p>\n<p><strong>Pierre GAUDIBERT VOULAIT LA FERMETURE DU MAGASIN\u00a0<\/strong><\/p>\n<p><strong>Q. Il semble toutefois que le souvenir de Pierre Gaudibert demeure plus pr\u00e9sent aujourd\u2019hui \u00e0 Grenoble ?<\/strong><\/p>\n<p>Y.A: \u00ab\u00a0C\u2019est exact. Maurice Besset est quasiment absent, ignor\u00e9, alors que la m\u00e9moire de Pierre Gaudibert a toujours trouv\u00e9 un \u00e9cho favorable aupr\u00e8s des h\u00e9ritiers de Peuple et Culture . Ce mouvement d\u2019\u00e9ducation populaire a profond\u00e9ment marqu\u00e9 la culture \u00e0 Grenoble. Il est form\u00e9 par des cadets d\u2019Uriage qui avaient rejoint le maquis du Vercors et dont le manifeste de 1945 voulait rendre la culture au peuple et le peuple \u00e0 la culture. Le nouvel adjoint \u00e0 la culture de 1977 \u00e0 1983, Ren\u00e9 Rizzardo, qui a pr\u00e9sid\u00e9 \u00e0 la nomination de Pierre Gaudibert, \u00e9tait lui-m\u00eame issu de Peuple et Culture. Plus tard, la m\u00e9moire de Pierre Gaudibert sera encore observable chez les tenants de la sociologie de l\u2019art et de l\u2019IEP( 1).<\/p>\n<p><strong>Q. Lorsque vous arrivez \u00e0 Grenoble cette opposition entre deux visions de la culture est toujours \u00e0 l\u2019oeuvre ?<\/strong><\/p>\n<p>Y.A \u00ab\u00a0Absolument ! Certains des acteurs politiques et culturels grenoblois souhaitaient simplement la fin de l\u2019aventure, la fermeture d\u00e9finitive du MAGASIN et qui le faisaient savoir. Pour partie de ses d\u00e9tracteur,\u00a0 le MAGASIN repr\u00e9sentait ce contre quoi Pierre Gaudibert entendait comme eux-m\u00eames lutter. La crise que l\u2019institution venait de traverser leur offrait un argument de poids. D\u2019autres, convaincus par le directeur du mus\u00e9e d\u2019alors d\u2019un double-emploi, militaient pour sa disparition ou son rattachement au mus\u00e9e.<\/p>\n<p><strong>\u00a0\u00bb JE POUVAIS R\u00caVER D&rsquo;UN MEILLEUR ACCUEIL\u00a0\u00bb\u00a0<\/strong><\/p>\n<p>\u00ab\u00a0Cette question avait \u00e9t\u00e9 d\u00e9battue au sein de l\u2019\u00e9quipe de campagne de Michel Destot qui s\u2019\u00e9tait heureusement rang\u00e9 \u00e0 l\u2019avis de celui qui sera son premier adjoint \u00e0 la culture, Jean-Jacques Gleizal.<\/p>\n<p>\u00ab\u00a0Je pouvais r\u00eaver d\u2019un meilleur accueil, sans compter que je trouvais sur mon bureau un avis de la commission d\u00e9partementale de s\u00e9curit\u00e9 pour la fermeture du b\u00e2timent. L\u2019\u00e9tablissement n\u2019avait plus de direction depuis dix-huit mois, les caisses \u00e9taient vides et il ne restait plus qu\u2019une \u00e9quipe de 4 personnes.\u00a0\u00bb<\/p>\n<p><img decoding=\"async\" data-id=\"78660\" src=\"https:\/\/grenoble-le-changement.fr\/wp-content\/uploads\/2024\/12\/culture-tricycle-envahissement-1816-.png\" alt=\"\" class=\"wp-image-78660 jetpack-lazy-image\" data-lazy-src=\"https:\/\/www.europesays.com\/fr\/wp-content\/uploads\/2025\/10\/culture-tricycle-envahissement-1816-.png\" \/><br \/>\nles collectifs envahissant l&rsquo;h\u00f4tel de ville pour protester contre la prise en mains de la programmation des Th\u00e9\u00e2tres par la municipalit\u00e9 <\/p>\n<p><strong>\u00a0\u00bb LE MAGASIN DEVAIT REGAGNER UNE NOTORI\u00c9T\u00c9 FORTEMENT D\u00c9GRAD\u00c9E\u00a0\u00bb\u00a0<\/strong><\/p>\n<p><strong>Q. Dans un tel contexte qu\u2019elle \u00e9tait votre mission ?<\/strong><\/p>\n<p>Y.A : \u00ab\u00a0Il s\u2019agissait d\u2019abord de redonner confiance aux partenaires et financeurs publics de l\u2019institution. Le projet artistique devait renouer avec les acquis de la p\u00e9riode de Jacques Guillot mais aussi ceux de Adelina von F\u00fcrstenberg. L\u2019identit\u00e9 m\u00eame du MAGASIN\u00a0 que lui dessinait son architecture avec son espace central, la rue, lui destinait des expositions monographiques d\u2019artistes de la sc\u00e8ne internationale, reconnus ou en passe de l\u2019\u00eatre. Ces artistes \u00e9taient mis en situation d\u2019\u00eatre leur propre curateur d\u2019un projet incluant la cr\u00e9ation de pi\u00e8ces originales \u00e0 la mesure du b\u00e2timent. Le MAGASIN devait ainsi regagner une notori\u00e9t\u00e9 tr\u00e8s fortement d\u00e9grad\u00e9e. Il me fallait \u00e9galement r\u00e9ouvrir l\u2019\u00e9cole de formation professionnelle qui avait \u00e9t\u00e9 le mod\u00e8le de celle du Royal College de Londres.\u00a0\u00bb<\/p>\n<p><strong>\u00a0\u00bb LES \u00c9QUIPES ONT TR\u00c9S LARGEMENT CONTRIBU\u00c9 \u00e0 CETTE RENAISSANCE\u00a0\u00bb<\/strong><\/p>\n<p><strong>Q. Est-ce que vous pensez voir r\u00e9pondu \u00e0 votre mission et redress\u00e9 plus ou moins cette situation ?<\/strong><\/p>\n<p>Y.A : \u00a0\u00bb Plusieurs ann\u00e9es ont \u00e9t\u00e9 n\u00e9cessaires pour lui redonner une place dans le tissus culturel grenoblois, pour retrouver un public et asseoir \u00e0 nouveau sa notori\u00e9t\u00e9 tant fran\u00e7aise qu\u2019internationale. Nous avons pu le faire gr\u00e2ce \u00e0 la motivation des \u00e9quipes et au pr\u00e9sident de son conseil d\u2019administration, Daniel Janicot. Ma\u00eetre des requ\u00eates du Conseil d\u2019Etat, il a su redonner confiance aux tutelles publiques et a toujours laiss\u00e9 travailler les \u00e9quipes dans le respect de leurs pr\u00e9rogatives. En place pendant pr\u00e8s de deux d\u00e9cennies, sa pr\u00e9sidence a \u00e9t\u00e9 exemplaire et son d\u00e9vouement pour le Magasin et la ville de Grenoble doivent \u00eatre salu\u00e9s comme, encore une fois, les \u00e9quipes qui ont tr\u00e8s largement contribu\u00e9 \u00e0 cette renaissance. \u00ab\u00a0<\/p>\n<p><strong>Q. Mais au fond quelle \u00e9tait votre motivation pour ce poste et dans cette ville ? <\/strong><\/p>\n<p>Y.A : \u00ab\u00a0Dans toute autre ville que Grenoble il fallait \u00eatre bien t\u00e9m\u00e9raire pour postuler \u00e0 la direction d\u2019une institution dans un tel \u00e9tat ! Mais il s\u2019agissait de Grenoble et de ce qu\u2019elle repr\u00e9sentait alors en France, l\u2019une des villes les plus attractives sur le plan de sa culture, en particulier pour les arts visuels qui ont \u00e9t\u00e9 des pionniers dans leur domaine.\u00a0\u00bb\u00a0<\/p>\n<p><img decoding=\"async\" data-id=\"30617\" src=\"https:\/\/grenoble-le-changement.fr\/wp-content\/uploads\/2018\/10\/ancien-muse\u0301e-de-peinture-verdun-.png\" alt=\"\" class=\"wp-image-30617 jetpack-lazy-image\" data-lazy-src=\"https:\/\/www.europesays.com\/fr\/wp-content\/uploads\/2025\/10\/ancien-muse\u0301e-de-peinture-verdun-.png\" \/><\/p>\n<p><img decoding=\"async\" data-id=\"72180\" src=\"https:\/\/grenoble-le-changement.fr\/wp-content\/uploads\/2024\/03\/ancien-Muse\u0301e-Verdun-peinture-t-.png\" alt=\"\" class=\"wp-image-72180 jetpack-lazy-image\" data-lazy-src=\"https:\/\/www.europesays.com\/fr\/wp-content\/uploads\/2025\/10\/ancien-Muse\u0301e-Verdun-peinture-t-.png\" \/><br \/>\nl&rsquo;ancien Mus\u00e9e de Peinture de la place de Verdun, patrimoine abandonn\u00e9 de la ville qui tombe en d\u00e9cr\u00e9pitude <\/p>\n<p><strong>AVEC CARIGNON , GRENOBLE DEVENUE UN P\u00d4LE D&rsquo;EXCELLENCE DES ARTS VISUELS<\/strong><\/p>\n<p><strong>Q. En quoi Grenoble \u00e9tait alors pour les arts visuels une sorte de p\u00f4le d\u2019excellence ?<\/strong><\/p>\n<p>Y.A: \u00a0\u00bb En rappelant simplement les faits : un nouveau b\u00e2timent pour le mus\u00e9e des beaux-arts dont l\u2019histoire r\u00e9cente avait \u00e9t\u00e9 fa\u00e7onn\u00e9e par ses conservateurs \u00e9m\u00e9rites, Jean Lemayrie et Maurice Besset avec ses adjoints qui ont eux-aussi marqu\u00e9 la sc\u00e8ne artistique fran\u00e7aise, Marie-Claude Beaud et Thierry Raspail; le mus\u00e9e dauphinois de Jean Guibal qui a \u00e9t\u00e9 l\u2019un des premiers mus\u00e9es de ce type; l\u2019Ecole des beaux-arts de Guy Issanjou o\u00f9 ont \u00e9t\u00e9 form\u00e9s les artistes fran\u00e7ais parmi les plus importants de leur g\u00e9n\u00e9ration, le MAGASIN de son directeur-inventeur Jacques Guillot qui a inspir\u00e9 d\u2019autres centres d\u2019art contemporain europ\u00e9ens. Mais aussi le cin\u00e9ma avec Jean-Luc Godard, Jean-Pierre Beauviala, la vid\u00e9ogazette de la Villeneuve ou encore le mois de l\u2019architecture sous la houlette de Jean-Bovier Lapierre.<\/p>\n<p><strong>L&rsquo;\u00c9RE CARIGNON: UN \u00c2GE D&rsquo;OR POUR LA CULTURE GRENOBLOISE<\/strong><\/p>\n<p><strong>Q. Est-ce que d\u2019autres secteurs de la culture \u00e9taient remarquables et remarqu\u00e9s ?<\/strong><\/p>\n<p>Y.A : \u00ab\u00a0Jean-Claude Gallotta pour la danse, Georges Lavaudant pour le th\u00e9\u00e2tre, le th\u00e9\u00e2tre municipal de Guy Sisti\u00a0 et les r\u00e9seaux associatifs particuli\u00e8rement denses , les biblioth\u00e8ques, les maisons de quartier, les festivals. La liste est impressionnante. Sans parler de la recherche scientifique, elle aussi novatrice et particuli\u00e8rement distingu\u00e9e.<br \/>Mais le p\u00f4le des arts visuels \u00e9tait sans aucun doute le plus remarquable \u00e0 cette \u00e9poque avec trois institutions voulues dans la compl\u00e9mentarit\u00e9 de leur mission.<\/p>\n<p>La culture \u00e0 Grenoble a vraiment v\u00e9cu un \u00e2ge d\u2019or dans les ann\u00e9es quatre-vingt et au d\u00e9but de la d\u00e9cennie suivante.\u00a0\u00bb<\/p>\n<p><strong>\u00a0\u00bb IL A SU CAPTER POUR GRENOBLE L&rsquo;\u00c9LAN DE LA D\u00c9CENTRALISATION\u00a0\u00bb<\/strong><\/p>\n<p><strong>Q. Vous avez r\u00e9cemmen<\/strong><strong>t qualifi\u00e9 Grenoble de champ de ruine culturel. Que s\u2019est-il, pass\u00e9 entre le moment o\u00f9 vous arrivez \u00e0 Grenoble que vous qualifiez d\u2019\u00e2ge d\u2019or de la culture et aujourd\u2019hui ? <\/strong><\/p>\n<p>Y.A : \u00a0\u00bb Quoique certains puissent penser et dire, cet \u00e2ge d\u2019or est \u00e0 mettre au cr\u00e9dit de Alain Carignon. Ce sont des faits et non une opinion. Il a inscrit son action dans la continuit\u00e9 de l\u2019h\u00e9ritage de ses pr\u00e9d\u00e9cesseurs, Albert Michallon et Hubert Dubedout. Il a su favoriser l\u2019\u00e9mergence et la multiplication d\u2019une offre culturelle diversifi\u00e9e dans le m\u00eame temps que la cr\u00e9ation d\u2019institutions de tout premier plan. Il a su \u00e9galement capter pour Grenoble l\u2019\u00e9lan de la d\u00e9centralisation culturelle et alors qu\u2019il \u00e9tait ministre a su b\u00e9n\u00e9ficier du soutien important de l\u2019Etat pour le mus\u00e9e. A ses c\u00f4t\u00e9s, le directeur g\u00e9n\u00e9ral adjoint, Henri Baile, aujourd\u2019hui pr\u00e9sident de la communaut\u00e9 de communes du Gr\u00e9sivaudan et maire de Saint-Ismier et sa collaboratrice, Eve Vincent-Fraenkel,\u00a0 r\u00e9dactrice en chef de la Lettre\/culture Grenoble, en ont \u00e9t\u00e9 les chevilles ouvri\u00e8res.\u00a0\u00bb<\/p>\n<p><img decoding=\"async\" data-id=\"15122\" src=\"https:\/\/grenoble-le-changement.fr\/wp-content\/uploads\/2017\/03\/Papagalli-Chaix..jpg\" alt=\"\" class=\"wp-image-15122 jetpack-lazy-image\" data-lazy-src=\"https:\/\/www.europesays.com\/fr\/wp-content\/uploads\/2025\/10\/Papagalli-Chaix..jpg\" \/><\/p>\n<p><img decoding=\"async\" data-id=\"85743\" src=\"https:\/\/grenoble-le-changement.fr\/wp-content\/uploads\/2025\/10\/JC-Gallota-Pascal-Gravat.jpg\" alt=\"\" class=\"wp-image-85743 jetpack-lazy-image\" data-lazy-src=\"https:\/\/www.europesays.com\/fr\/wp-content\/uploads\/2025\/10\/JC-Gallota-Pascal-Gravat.jpg\" \/><br \/>\nAlain Carignon apr\u00e8s des spectacles avec Yvon Chaix, Serge Papagalli, Pascal Gravat, Jean-Claude Gallota &#8230;<\/p>\n<p><strong>\u00a0\u00bb L&rsquo;ACTION DE Michel DESTOT A ETE ENTRAV\u00c9E\u00a0\u00bb\u00a0<\/strong><\/p>\n<p><strong>Q. Que dire du successeur de Alain Carignon, Michel Destot ?<\/strong><\/p>\n<p>Y.A : \u00a0\u00bb Michel Destot n\u2019a pas pu b\u00e9n\u00e9ficier du m\u00eame environnement. Le contexte national n\u2019est en effet plus du tout le m\u00eame. Si les ann\u00e9es 80 ont \u00e9t\u00e9 travers\u00e9es par le souffle d\u2019une d\u00e9centralisation culturelle heureuse, la d\u00e9cennie suivante est marqu\u00e9e par sa d\u00e9crue au profit du recentrement de la politique de l\u2019Etat sur son p\u00e9rim\u00e8tre, Paris et ses institutions. Pour exemple, l\u2019Etat cr\u00e9\u00e9 en 1991 le centre d\u2019art du Jeu de Paume et celui du Palais de Tokyo en 2002. Le budget cumul\u00e9 des deux est sup\u00e9rieur au budget de l\u2019Etat pour les centres d\u2019art, dits de province, \u00e0 un moment o\u00f9 ils se sont de fait paup\u00e9ris\u00e9s et fragilis\u00e9s. Rocardien r\u00e9formateur, homme de culture, l\u2019action de Michel Destot port\u00e9e par ses adjoints \u00e0 la culture, Jean-Jacques Gleizal, d\u00e9j\u00e0 cit\u00e9, J\u00e9r\u00f4me Safar et la regrett\u00e9e Eliane Baracetti, a \u00e9t\u00e9 entrav\u00e9e, parfois emp\u00each\u00e9e par de multiples contraintes.\u00a0\u00bb<\/p>\n<p><strong>Andr\u00e9 VALLINI ( PS) COUPE LES CR\u00c9DITS CULTURE de Michel DESTOT (PS)<\/strong><\/p>\n<p><strong>Q. Comment d\u00e9finissez-vous ces contraintes ?<\/strong><\/p>\n<p>Y.A : \u00ab\u00a0Michel Destot va devoir naviguer entre les deux cultures de gauche \u00e0 l\u2019int\u00e9rieur m\u00eame de sa majorit\u00e9 o\u00f9 les \u00e9cologistes ne le m\u00e9nageront pas. La requalification du site Bouchayer-Viallet en sera l\u2019un des terrains de confrontation avec l\u2019omnipr\u00e9sence d\u2019animateurs associatifs qui seront des soutiens actifs d\u2019Eric Piolle et dont nous retrouverons certains d\u2019entre eux au coeur de la F\u00eate des Tuiles.<\/p>\n<p>\u00ab\u00a0Michel Destot aura surtout marqu\u00e9 son temps par le chantier contest\u00e9 d\u2019une r\u00e9habilitation d\u2019ampleur du b\u00e2timent de la maison de la culture et d\u2019un repositionnement de son projet confi\u00e9 apr\u00e8s bien des remous \u00e0 un ancien pr\u00e9sident du syndeac. A la difficult\u00e9 de penser l\u2019\u00e9volution d\u2019une vision de la culture d\u00e9j\u00e0 dat\u00e9e s\u2019est ajout\u00e9 son impact budg\u00e9taire. La mobilisation des cr\u00e9dits aurait pourtant \u00e9t\u00e9 utile \u00e0 la consolidation de la situation grenobloise alors que le conseil g\u00e9n\u00e9ral de l\u2019Is\u00e8re pr\u00e9sid\u00e9 par Andr\u00e9 Vallini diminuait drastiquement\u00a0 le budget de la culture, en particulier pour les institutions grenobloises.\u00a0\u00bb<\/p>\n<p><strong>DESTOT N&rsquo;A PAS LA FORCE D&rsquo;EMP\u00caCHER 30 % de BAISSE DES CR\u00c9DITS CULTURE PAR VALLINI<\/strong><\/p>\n<p><strong>Q. Les grenoblois ne se souviennent peut-\u00eatre pas de cette p\u00e9riode ou simplement ne le savent-ils pas. Cette situation budg\u00e9taire induite par le d\u00e9partement de l\u2019Is\u00e8re a-t\u2019elle eu des cons\u00e9quences sur le tissu culturel grenoblois ?<\/strong><\/p>\n<p>Y.A : \u00ab\u00a0Et is\u00e9rois ! Certaines institutions grenobloises ont vu fondre l\u2019apport du Conseil G\u00e9n\u00e9ral avec des baisses cumul\u00e9es de 50% pour certaines d\u2019entre elles. Fin 2011, une centaine de personnalit\u00e9s du monde de la culture occupent le conseil g\u00e9n\u00e9ral aux cris de \u201cmensonge\u201d, \u201ctrahison\u201d. Le journal Le Monde titre alors\u00ab\u00a0Fronde dans l\u2019Is\u00e8re contre la paup\u00e9risation culturelle\/ Historiquement pilote, le d\u00e9partement-socialiste- a sabr\u00e9 dans les budgets de la culture et r\u00e9colte la temp\u00eate\u201d. Le mouvement de baisse des subventions du Conseil G\u00e9n\u00e9ral s\u2019est accentu\u00e9 en 2013, la mobilisation du monde de la culture se poursuit avec une distribution de tracts: \u201c\u00e7a recommence\u201d pouvait-on lire sur des tracts: \u201cDix pour cent de baisse du budget de la Culture vote sur l\u2019exercice 2013, sans concertation, sans aucune discussion pr\u00e9alable. Cela correspond \u00e0 plus de 10 millions de baisse en 4 ann\u00e9es, \u00e0 plus de 30% sur le budget de la culture\u201d.<\/p>\n<p><img decoding=\"async\" data-id=\"46724\" src=\"https:\/\/grenoble-le-changement.fr\/wp-content\/uploads\/2021\/04\/ValliniDestotGiraudDSK.jpeg\" alt=\"\" class=\"wp-image-46724 jetpack-lazy-image\" data-lazy-src=\"https:\/\/www.europesays.com\/fr\/wp-content\/uploads\/2025\/10\/ValliniDestotGiraudDSK.jpeg\" \/><br \/>\nAndr\u00e9 Vallini, Jean-Paul Giraud, Dominique Strauss-Khan, Michel Destot : ce dernier perdra toutes les contributions du d\u00e9partement \u00e0 la politique culturelle grenobloise instaur\u00e9es par Alain Carignon, supprim\u00e9es par Andr\u00e9 Vallini <\/p>\n<p><strong>\u00a0\u00bb LES PREMISSES DE L&rsquo;AFFAIBLISSEMENT DE LA CULTURE COMMENCENT AVEC\u00a0 DESTOT\u00a0\u00bb<\/strong><\/p>\n<p><strong>Q. Comment expliquer de telles baisses ?<\/strong><\/p>\n<p>Y.A : \u00a0\u00bb Pour se justifier, Andr\u00e9 Vallini mettra en cause les transferts de charges de l\u2019Etat et la crise \u00e9conomique du moment. A sa suite, les ministres de la culture socialistes, Aur\u00e9lie Filippetti et Fleur Pellerin, ne manqueront pas, elles aussi, d\u2019invoquer la crise pour tenter d\u2019endiguer la mobilisation des milieux culturels contre la baisse de leur budget et tenter de faire oublier le bilan culturel calamiteux du gouvernement Hollande. Le pr\u00e9sident du Conseil G\u00e9n\u00e9ral pr\u00e9tendait \u00e9galement r\u00e9\u00e9quilibrer la r\u00e9partition de son budget culture sur l\u2019ensemble du territoire. Tout cela s\u2019est fait au d\u00e9triment de la Ville de Grenoble. La fragilisation de la culture \u00e0 Grenoble imputable \u00e0 Eric Piolle trouve l\u00e0 ses pr\u00e9misses. Rappelons que Piolle fera au d\u00e9but de son premier mandat usage des m\u00eames arguments comptables pour justifier les baisses de subventions.\u00a0\u00bb<\/p>\n<p><strong>LE MAGASIN AFFECT\u00c9 COMME LES AUTRES INSTITUTIONS<\/strong><\/p>\n<p><strong>Q. Le MAGASIN a-t\u2019il \u00e9t\u00e9 touch\u00e9 ?<\/strong><\/p>\n<p>Y.A : \u00a0\u00bb Comme les autres, au point que le pr\u00e9visionnel de son budget 2013 pouvait laisser craindre une\u00a0 rupture de la continuit\u00e9 de son exploitation avec une nouvelle diminution de 15% de la subvention du Conseil G\u00e9n\u00e9ral qui s\u2019ajoutait \u00e0 celle des ann\u00e9es pr\u00e9c\u00e9dentes, d\u00e9j\u00e0 25% de moins en 2011. Ces baisses de subvention r\u00e9guli\u00e8res aggravaient un d\u00e9ficit structurel chronique qui r\u00e9sultait de la non indexation des subventions publiques depuis 1990, soit une baisse de 27,17% en euros courants, et de l\u2019augmentation m\u00e9canique des charges.\u00a0\u00a0Le conseil d\u2019administration de d\u00e9cembre 2012 prenait acte de cette situation budg\u00e9taire.<\/p>\n<p>\u00ab\u00a0Il constatait que les solutions de substitution qui avaient jusqu\u2019alors permis d\u2019y suppl\u00e9er n\u2019\u00e9taient plus en mesure de maintenir un niveau d\u2019activit\u00e9 constant et que s\u2019ouvraient d\u00e9sormais deux voies. La r\u00e9duction tr\u00e8s forte de la voilure ou une refonte du projet de l\u2019\u00e9tablissement avec un changement complet de son mod\u00e8le \u00e9conomique. C\u2019est la seconde voie qui a \u00e9t\u00e9 retenue.\u00a0\u00bb<\/p>\n<p><strong>Q. En quoi consistait cette refonte du projet du MAGASIN et de son mod\u00e8le \u00e9conomique ?<\/strong><\/p>\n<p>Y.A : \u00a0\u00bb L\u2019enjeu \u00e9tait de repenser tout \u00e0 la fois un mod\u00e8le institutionnel et culturel h\u00e9rit\u00e9 des ann\u00e9es 80 qui semblait de moins en moins adapt\u00e9 \u00e0 un champ artistique alors en pleine mutation et conjointement de mettre en oeuvre un mod\u00e8le \u00e9conomique mixte pour donner au MAGASIN des moyens financiers additionnels pour, certes pallier aux d\u00e9faillances de ses bailleurs publics, mais en finalit\u00e9 de renforcer son excellence artistique et p\u00e9dagogique sans alt\u00e9ration de son objet social initial.\u00a0\u00bb\u00a0<\/p>\n<p><img decoding=\"async\" data-id=\"50183\" src=\"https:\/\/grenoble-le-changement.fr\/wp-content\/uploads\/2021\/11\/Le-magasin-CNAC.png\" alt=\"\" class=\"wp-image-50183 jetpack-lazy-image\" data-lazy-src=\"https:\/\/www.europesays.com\/fr\/wp-content\/uploads\/2025\/10\/Le-magasin-CNAC.png\" \/><br \/>\navec MC2, Le Mus\u00e9e de Peinture, le Mus\u00e9um, le Magasin est victime des coupes d&rsquo;Andr\u00e9 Vallini , Pr\u00e9sident du d\u00e9partement qui met fin aux conventions culturelles ville\/D\u00e9partement instaur\u00e9es par Alain Carignon: Michel Destot ne dispose pas de la force politique pour l&#8217;emp\u00eacher <\/p>\n<p class=\"Corps\"><b>CR<strong>\u00c9\u00c9<\/strong>R UNE NOUVELLE STRUCTURE MAGASIN\/<strong>\u00c9<\/strong>COLE DES ARTS\/FORMATION<br \/><\/b><\/p>\n<p class=\"Corps\"><b>Q. Quelles ont \u00e9t\u00e9 les formes de cette refonte ?<\/b><\/p>\n<p class=\"Corps\">Y.A : \u00a0\u00bb Sur cette question, nous avions \u00e9t\u00e9 proactifs d\u00e9s 2010. Au moment o\u00f9 chacun r\u00e9fl\u00e9chissait \u00e0 la requalification du site Bouchayer-Viallet, j\u2019avais fait la proposition de cr\u00e9er une structure qui regroupait l\u2019\u00e9cole des Beaux-Arts, le MAGASIN et sa formation professionnelle. L\u2019ensemble ainsi constitu\u00e9 aurait rassembl\u00e9 de futurs artistes au contact d\u2019artistes en activit\u00e9 et de futurs acteurs professionnels, des organisateurs d\u2019exposition en formation \u00e0 l\u2019Ecole du MAGASIN. <\/p>\n<p class=\"Corps\">\u00ab\u00a0La surface de cette nouvelle entit\u00e9 aurait enrichi Grenoble d\u2019une structure artistique sans \u00e9quivalent. L\u2019id\u00e9e a essuy\u00e9 de multiples errements attribuables principalement \u00e0 l\u2019opposition frontale du conseiller artistique de la DRAC, en d\u00e9saccord d\u2019ailleurs avec son administration centrale. Face \u00e0 cette opposition, le projet fut abandonn\u00e9. Dix ans plus tard Montpelier r\u00e9alisait cette m\u00eame id\u00e9e.<\/p>\n<p class=\"Corps\">\u00ab\u00a0En 2012-2013, \u00e0 la suite de la d\u00e9cision du conseil d\u2019administration que j\u2019ai \u00e9voqu\u00e9e, s\u2019est construit pas \u00e0 pas un plan de d\u00e9veloppement strat\u00e9gique qui pr\u00e9voyait des outils nouveaux, des leviers de diversification de ses publics, un ancrage plus fort \u00e0 l\u2019\u00e9chelle locale et r\u00e9gionale et des leviers de d\u00e9veloppement \u00e9conomique eux-m\u00eames outils de d\u00e9veloppement des publics.\u00a0\u00bb<\/p>\n<p class=\"Corps\"><strong>\u00a0UNE VENTE DE CHARIT\u00c9 POUR SOUTENIR LE MAGASIN<\/strong><\/p>\n<p class=\"Corps\"><strong>Q<\/strong> .<b>Quelles sont les mesures concr\u00e8tes que avez mises en oeuvre ou alliez mettre en oeuvre ?<\/b><\/p>\n<p class=\"Corps\">Y.A:\u00a0 \u00ab\u00a0Ce plan strat\u00e9gique qui a \u00e9t\u00e9 pens\u00e9 avec le conseil avis\u00e9 de Nova Consulting impliquait d\u2019abord la cr\u00e9ation d\u2019un cadre formel pour permettre l\u2019\u00e9largissement des partenariats de l\u2019institution. L\u2019objectif \u00e9tait de trouver \u00e0 la fois des financements et des publics nouveaux. Pour ce faire, nous avons cr\u00e9\u00e9 un fonds de dotation et un cercle de m\u00e9c\u00e8nes dans le m\u00eame temps que nous avons d\u00e9velopp\u00e9 l\u2019accueil d\u2019\u00e9v\u00e8nements d\u2019entreprises. Avec l\u2019appui de la maison de vente Sotheby\u2019s nous avons organis\u00e9 la premi\u00e8re vente de charit\u00e9 d\u2019un centre d\u2019art avec les oeuvres offertes par des artistes pour soutenir le d\u00e9veloppement du MAGASIN.<\/p>\n<p><strong>\u00a0\u00bb S&rsquo;OUVRIR AUX NOUVEAUX PUBLICS\u00a0\u00bb<\/strong><\/p>\n<p class=\"Corps\">\u00ab\u00a0La distribution des espaces du b\u00e2timent \u00e9tait repens\u00e9e pour s\u2019ouvrir plus largement sur la cit\u00e9, pour les nouveaux publics que vous souhaitions attirer.<br \/>En partenariat avec une soci\u00e9t\u00e9 de BTP, dirig\u00e9e alors par le pr\u00e9sident de l\u2019une des organisations professionnelles du secteur, \u00e9tait projet\u00e9e, sur plusieurs exercices, la r\u00e9novation int\u00e9rieure du b\u00e2timent. De nouveaux espaces devaient voir le jour pour l\u2019accueil du public et pour la formation professionnelle de l\u2019Ecole qui devait \u00eatre la d\u00e9positaire d\u2019une fonds d\u2019archives et d\u2019une donation de l\u2019Institut National d\u2019Histoire de l\u2019art. La librairie elle-aussi \u00e9tait renforc\u00e9e, elle devenait le lieu de conf\u00e9rences r\u00e9guli\u00e8res.\u00a0\u00bb<\/p>\n<p><img decoding=\"async\" data-id=\"54240\" src=\"https:\/\/grenoble-le-changement.fr\/wp-content\/uploads\/2022\/08\/Levitation-Piolle-Magasin-.png\" alt=\"\" class=\"wp-image-54240 jetpack-lazy-image\" data-lazy-src=\"https:\/\/www.europesays.com\/fr\/wp-content\/uploads\/2025\/10\/Levitation-Piolle-Magasin-.png\" \/><br \/>\nSous Piolle , le Magasin devient une secte: ici s\u00e9ance de l\u00e9vitation organis\u00e9e&#8230;&#8230;<\/p>\n<p><strong>UNE OFFRE DE RESTAURATION REFUS\u00c9E <\/strong><\/p>\n<p><strong>Q. Est-ce que ce plan de d\u00e9veloppement a pu produire quelques r\u00e9sultats autres que ceux que vous venez de citer ?<\/strong><\/p>\n<p>Y.A : \u00ab\u00a0Le partenariat avec le milieu \u00e9conomique local produisait ses premiers effets. Le m\u00e9c\u00e9nat, avec par exemple celui de la fondation Luma pour l\u2019expostion de Liam Gillick avec 50K\u20ac, augment\u00e9 du produit de la vente de charit\u00e9, 200 K\u20ac, a pes\u00e9, avec d\u2019autres sources ext\u00e9rieures, l\u2019\u00e9quivalent d\u2019un cinqui\u00e8me pilier budg\u00e9taire avec ceux de la Ville, du d\u00e9partement, de la R\u00e9gion et de\u00a0 l\u2019Etat.<\/p>\n<p>\u00ab\u00a0Pour faciliter l\u2019accueil du public et dynamiser le site nous avons projet\u00e9 une offre de restauration diversifi\u00e9e avec un chef de renom en la personne de Christophe Aribert qui s\u2019est port\u00e9 candidat avec le concours de l\u2019architecte Odile Decq. L\u2019offre de restauration se d\u00e9clinait en trois lieux de vie compl\u00e9mentaires autour du MAGASIN et au c\u0153ur du quartier : une offre de restauration l\u00e9g\u00e8re type salon de th\u00e9 au sein de la librairie salon du MAGASIN, un comptoir de vente \u00e0 emporter pour tous les usagers du quartier dans le petit pavillon de la conciergerie et enfin \u00ab L\u2019Art Brasserie \u00bb au sein de la Halle Rebattet o\u00f9 auraient \u00e9t\u00e9 pr\u00e9sent\u00e9es les oeuvres pr\u00eat\u00e9es par des collectionneurs locaux partenaires.\u00a0\u00bb<\/p>\n<p><strong>\u00a0\u00bb LES POINTS DE TENSION ONT EXPLOS\u00c9 AVEC L&rsquo;ARRIV\u00c9E DE PIOLLE\u00a0\u00bb<\/strong><\/p>\n<p><strong>Q. Que va-t\u2019il advenir de ce projet ?<\/strong><\/p>\n<p>Y.A : \u00a0\u00bb Le sort de ce projet est ins\u00e9parable de mon propre sort. En pleine mutation le MAGASIN \u00e9tait soumis \u00e0 des tensions internes comme tr\u00e8s souvent dans ce type de situation o\u00f9 le changement de l\u2019organisation du travail suscite l\u2019opposition de certains salari\u00e9s. De plus, le renouvellement de la pr\u00e9sidence du conseil d\u2019administration du MAGASIN avait ouvert une crise de gouvernance quant \u00e0 la r\u00e9partition des r\u00f4les entre pr\u00e9sidence et direction s\u2019agissant des pr\u00e9rogatives op\u00e9rationnelles du second. Ces points de tension ont litt\u00e9ralement explos\u00e9 avec l\u2019arriv\u00e9e de Eric Piolle \u00e0 la mairie . En quelques mois, il \u00e9tait interdit au MAGASIN de nouer des partenariats avec les entreprises en le privant de la possibilit\u00e9 de leur accueil dans ses espaces. Il devait annuler les \u00e9v\u00e8nements qui avaient \u00e9t\u00e9 pr\u00e9vus, je pense en particulier \u00e0 l\u2019arbre de No\u00ebl d\u2019une grande entreprise. Le projet d\u2019une offre de restauration orchestr\u00e9e par le chef Christophe Aribert \u00e9tait bien entendu rejet\u00e9 comme il le sera plus tard pour le restaurant du mus\u00e9e. A la place, la halle Rebattet \u00e9tait attribu\u00e9e \u00e0 une association proche de la mairie et la belle \u00e9lectrique se dotait d\u2019un point de restauration tr\u00e8s basique.<\/p>\n<p><strong>L&rsquo;ANNULATION DU PLAN A \u00c9T\u00c9 ACT\u00c9E EN MON ABSENCE<\/strong><\/p>\n<p>\u00ab\u00a0Notre projet de d\u00e9veloppement strat\u00e9gique du MAGASIN, de sa refonte telle que l\u2019avions imagin\u00e9 et commenc\u00e9 \u00e0 mettre en oeuvre \u00e9tait d\u00e9sormais abandonn\u00e9 sous la pression de ce front commun d\u2019opposition, qui r\u00e9unissait la ville, une pr\u00e9sidence qui se voulait op\u00e9rationnelle et de certaines salari\u00e9es qui ont \u00e9t\u00e9 ensuite int\u00e9gr\u00e9es dans le service culture de la Ville.\u00a0\u00bb<\/p>\n<p><strong>Q. L\u2019annulation de ce d\u00e9but d\u2019ex\u00e9cution de votre plan strat\u00e9gique a \u00e9t\u00e9 quasiment imm\u00e9diate d\u00e8s lors que Piolle et son \u00e9quipe sont arriv\u00e9s ?<\/strong><\/p>\n<p>\u00ab\u00a0Pour les deux faits que je viens de citer oui. L\u2019annulation du plan a \u00e9t\u00e9 act\u00e9e de mani\u00e8re d\u00e9finitive, en mon absence, alors que j\u2019\u00e9tais en arr\u00eat maladie, \u00e9puis\u00e9 par des tensions continues, et ce six mois apr\u00e8s l\u2019arriv\u00e9e de l\u2019\u00e9quipe Piolle \u00e0 la mairie de Grenoble.\u00a0\u00bb\u00a0<\/p>\n<p><img decoding=\"async\" data-id=\"55770\" src=\"https:\/\/grenoble-le-changement.fr\/wp-content\/uploads\/2022\/11\/Magasin-Cnac-mai-18-.-c.jpg\" alt=\"\" class=\"wp-image-55770 jetpack-lazy-image\" data-lazy-src=\"https:\/\/www.europesays.com\/fr\/wp-content\/uploads\/2025\/10\/Magasin-Cnac-mai-18-.-c.jpg\" \/><\/p>\n<p><img decoding=\"async\" data-id=\"54243\" src=\"https:\/\/grenoble-le-changement.fr\/wp-content\/uploads\/2022\/08\/02-le-Magasin-vue-interne.jpg\" alt=\"\" class=\"wp-image-54243 jetpack-lazy-image\" data-lazy-src=\"https:\/\/www.europesays.com\/fr\/wp-content\/uploads\/2025\/10\/02-le-Magasin-vue-interne.jpg\" \/><br \/>\nB\u00e9atrice Josse la nouvelle directrice fait disparaitre l&rsquo;histoire du Magasin, en fait une citadelle avanc\u00e9e du woquisme extr\u00eame et perd tous les spectateurs. : \u00ab\u00a0&#8230; mes copines f\u00e9ministes radicales, f\u00e9ministes historiques, post-f\u00e9ministes, afro-f\u00e9ministes, ecof\u00e9ministes, queer et trans ne comprendraient que je confie \u00e0 des figures certes incontournables de l\u2019histoire de l\u2019art de notre pays mais des figures masculines, blanches \u2026\u00a0\u00bb \u00e9crit elle pour refuser une exposition&#8230;<\/p>\n<p><strong>PIOLLE REJETTE LE LOGICIEL MALRAUX\/LANG\u00a0<\/strong><\/p>\n<p><strong>Q. Comment expliquez-vous le rejet de votre plan ?<\/strong><\/p>\n<p>Y.A: \u00a0\u00bb <a href=\"https:\/\/grenoble-le-changement.fr\/2024\/12\/19\/des-heures-sombres-pour-la-culture-a-grenoble\/\" target=\"_blank\" rel=\"noopener\">Il \u00e9tait r\u00e9ellement impossible pour Eric Piolle<\/a> de soutenir un plan dont les pr\u00e9suppos\u00e9s, culturels, \u00e9conomiques et soci\u00e9taux \u00e9taient aux antipodes de ses propres convictions.\u00a0 La seule \u00e9viction de Christophe Aribert en est, comme pour le mus\u00e9e,\u00a0 la d\u00e9monstration la plus \u00e9clatante. Il s&rsquo;est toujours clairement exprim\u00e9 sur sa vision de la culture. D\u00e9s sa premi\u00e8re campagne pour les municipales il rejette, selon ses propres termes, le logiciel Lang Malraux. En mars 2014 il met en ligne une profession de foi qui ne laisse aucun doute quant \u00e0 ses intentions en affirmant en pr\u00e9ambule que la culture est une question politique et qu\u2019il entend en construire le cadre. Il y r\u00e9fute les notions d\u2019excellence, de rayonnement, de prestige, de retomb\u00e9es \u00e9conomiques pour, nous dit-il, redonner tout son sens \u00e0 l\u2019Education Populaire et \u00e0 une culture solidaire. Arriv\u00e9 aux commandes de la Ville il d\u00e9clare que la Ville n\u2019est pas concern\u00e9e par la rayonnement des musiciens du Louvre dont il supprime la subvention, la programmation du th\u00e9\u00e2tre exclu d\u00e9sormais les \u00ab tourn\u00e9es parisiennes au profit des pratiques amateurs et des cr\u00e9ations locales \u00bb. L\u2019\u00e9quipe, notamment ses adjointes aux cultures, oppose volontiers les acteurs culturels jug\u00e9s \u00e9litistes et dispendieux aux amateurs et \u00e0 une suppos\u00e9e attente populaire.\u00a0\u00bb<\/p>\n<p><strong>R\u00c9SILIATION DU CONTRAT AUX TORTS DE L&rsquo;EMPLOYEUR<\/strong><\/p>\n<p><strong>Q. Eric Piolle est \u00e9lu en avril 2014 et vous \u00eates en arr\u00eat maladie six mois plus tard, selon vos propres termes \u00e9puis\u00e9 par des tensions continues.Vous \u00eates licenci\u00e9 quelques mois plus tard. Peut-on s\u2019interroger sur un possible lien de causalit\u00e9 ?<\/strong><\/p>\n<p>Y.A : \u00a0\u00bb Je suis en effet arr\u00eat\u00e9 pour une affection de longue dur\u00e9e qui ne sera consolid\u00e9e que trois ans plus tard. En septembre 2015, je saisi le Conseil des prud\u2019hommes de Grenoble pour demander la r\u00e9siliation judiciaire de mon contrat de travail au tort de mon employeur mais suis licenci\u00e9 un mois plus tard. Apr\u00e8s une quasi d\u00e9cennie de proc\u00e9dure, en septembre 2023, la chambre sociale de la cour d\u2019appel de Chamb\u00e9ry, saisie sur renvoi de la Cour de Cassation rend un arr\u00eat qui retient la r\u00e9siliation judiciaire de mon contrat de travail aux torts de mon employeur au motif de harc\u00e8lement moral entra\u00eenant la nullit\u00e9 de mon licenciement. En septembre 2024 le MAGASIN r\u00e9glait le restant d\u00fb en ex\u00e9cution de l\u2019arr\u00eat de la cour. L\u2019autorit\u00e9 de la chose jug\u00e9e s\u2019impose d\u00e9sormais \u00e0 chacun.\u00a0 Pendant cette d\u00e9cennie j\u2019ai \u00e9t\u00e9 l\u2019objet d\u2019une inversion accusatoire, d\u2019un effacement social et professionnel dans le m\u00eame temps que ce qui a concouru \u00e0 constituer l\u2019identit\u00e9 du MAGASIN sera\u00ab d\u00e9construit \u00bb.<\/p>\n<p><img decoding=\"async\" data-id=\"71720\" src=\"https:\/\/grenoble-le-changement.fr\/wp-content\/uploads\/2024\/02\/grand-theatre.png\" alt=\"\" class=\"wp-image-71720 jetpack-lazy-image\" data-lazy-src=\"https:\/\/www.europesays.com\/fr\/wp-content\/uploads\/2025\/10\/grand-theatre.png\" \/><br \/>\nDepuis la prise en mains de sa programmation par la majorit\u00e9 Municipale, le Th\u00e9\u00e2tre Municipal est pass\u00e9 de 50 000 spectateurs sous l&rsquo;\u00e8re de Guy Sisti \u00e0 moins de 10 000 aujourd&rsquo;hui , <a href=\"https:\/\/grenoble-le-changement.fr\/2025\/06\/30\/theatre-de-grenoble-la-municipalite-essaye-de-masquer-le-desastre-culturel\/\" target=\"_blank\" rel=\"noopener\">ce qu&rsquo;elle appelle la conqu\u00eate de nouveaux publics ! <\/a><\/p>\n<p><strong>\u00a0\u00bb LA D\u00c9CONSTRUCTION EN ROUTE, L&rsquo;HISTOIRE DU LIEU EST EFFAC\u00c9E\u00a0\u00bb<\/strong><\/p>\n<p><strong>Q. Qu\u2019entendez-vous par la \u00ab d\u00e9construction \u00bb de l\u2019identit\u00e9 et de l\u2019histoire du MAGASIN ?<\/strong><\/p>\n<p>Y.A : \u00a0\u00bb Les d\u00e9nominations de l\u2019institution et les signes de son identification sont modifi\u00e9s. A l\u2019instar de l\u2019adjointe \u00ab aux cultures \u00bb de la Ville de Grenoble, le MAGASIN devient le Magasin des Horizons- centre d\u2019arts et de cultures \u00bb, \u00a0L\u2019Ecole de formation curatoriale, l\u2019Ecole, devient les \u00ab Ateliers des Horizons \u00bb, la ligne graphique de l\u2019institution est compl\u00e8tement refondue.<\/p>\n<p>\u00ab\u00a0L\u2019histoire du lieu est effac\u00e9e. L\u2019histoire exhaustive des expositions et des activit\u00e9s depuis1986 dispara\u00eet lors de la refonte du site internet. Les catalogues d\u2019exposition et les publications sont massivement d\u00e9stock\u00e9s , la librairie sp\u00e9cialis\u00e9e est ferm\u00e9e. La p\u00e9rennit\u00e9 des archives suscite de nombreuses inqui\u00e9tudes qu\u2019expriment les anciens \u00e9l\u00e8ves de sa formation professionnelle par la cr\u00e9ation d\u2019une association pour : \u00ab\u00a0&#8230; garantir la m\u00e9moire de l&rsquo;histoire de l&rsquo;\u00e9cole du magasin\u2026\u00a0\u00bb.<\/p>\n<p><strong>\u00a0\u00bb MARCHE ZEN, COURSE DE LENTEUR, POTIONS ANCESTRALES&#8230; \u00ab\u00a0<\/strong><\/p>\n<p>\u00ab\u00a0Dans les faits l\u2019objet statutaire du lieu, la: \u00ab \u2026r\u00e9alisation d&rsquo;expositions temporaires d&rsquo;\u0153uvres d&rsquo;artistes contemporains&#8230; \u00bb, est reni\u00e9 pour \u00eatre remplac\u00e9 par des \u00e9v\u00e8nements courts qui rassemblent \u00ab &#8230;chercheurs, penseurs, activistes et autres id\u00e9alistes&#8230; o\u00f9 alternent \u00ab Marche zen, performances, concerts, fl\u00e2neries urbaines, lectures, course de lenteur et conversation de jardin. \u00bb et des ateliers \u00ab &#8230;d\u2019initiation \u00e0 l&rsquo;auto-d\u00e9fense, partage de potions ancestrales, ateliers d&rsquo;\u00e9criture et d&rsquo;auto- gyn\u00e9cologie, yoga, .exploration chamanique&#8230; \u00bb et des tables rondes \u00ab discrimination de genre et espace public.<\/p>\n<p><strong>UN TIERS LIEU : ESPACE DE CONVIVIALIT\u00c9, LOCAL V\u00c9LO&#8230;<\/strong><\/p>\n<p>\u00ab\u00a0L\u2019architecture du lieu est l\u2019objet d\u2019un projet de transformation pour les activit\u00e9s qui d\u00e9coulent de la transformation de son objet. Lieu d\u2019exposition d\u2019une surface de 1900m2, il doit devenir un lieu tiers (fab lab, espace de convivialit\u00e9, local v\u00e9lo&#8230;) o\u00f9 la surface des galeries d\u2019exposition est r\u00e9duite \u00e0 275 m2. Faute de cr\u00e9dits le projet n\u2019est pas r\u00e9alis\u00e9.<\/p>\n<p><strong>\u00a0\u00bb ON PASSE D&rsquo;UN LIEU RECONNU \u00e0 UNE ID\u00c9OLOGIE \u00e0 L&rsquo;OEUVRE \u00ab\u00a0<\/strong><\/p>\n<p>\u00ab\u00a0L\u2019\u00e9quipe est \u00ab renouvel\u00e9e \u00bb avec le concours de la ville de Grenoble ainsi formul\u00e9 par C.Bernard, adjointe aux cultures : \u2026accompagner le renouvellement des \u00e9quipes\u2026\u00a0\u00bb.. Ce qui prendra l\u2019allure d\u2019un plan social sous la plume d\u2019un administrateur d\u00e9missionnaire: \u00ab &#8230;la totalit\u00e9 de l\u2019ancienne \u00e9quipe a \u00e9t\u00e9 soit licenci\u00e9e soit pouss\u00e9e \u00e0 la d\u00e9mission, sans pr\u00e9judice \u00e9videmment de recours au Conseil des Prud\u2019hommes pour harc\u00e8lement&#8230; \u00bb. Ce \u00ab renouvellement \u00bb prend \u00e9galement la voie de licenciements \u00e9conomiques qui seront requalifi\u00e9s de licenciements sans cause r\u00e9elle et s\u00e9rieuse \u00e0 l\u2019issue d\u2019une proc\u00e9dure prud\u2019homale engag\u00e9e par des salari\u00e9s. <\/p>\n<p>\u00ab\u00a0Nous passons ainsi d\u2019un lieu d\u2019art reconnu \u00e0 l\u2019\u00e9chelle nationale et internationale \u00e0 un tiers lieu, le terrain exp\u00e9rimental d\u2019une id\u00e9ologie \u00e0 l\u2019oeuvre \u00a0\u00bb\u00a0<\/p>\n<p><img decoding=\"async\" data-id=\"85649\" src=\"https:\/\/grenoble-le-changement.fr\/wp-content\/uploads\/2025\/10\/Ruffin-montage-.png\" alt=\"\" class=\"wp-image-85649 jetpack-lazy-image\" data-lazy-src=\"https:\/\/www.europesays.com\/fr\/wp-content\/uploads\/2025\/10\/Ruffin-montage-.png\" \/><br \/>\n<a href=\"https:\/\/grenoble-le-changement.fr\/2025\/10\/18\/laurence-ruffin-lance-sa-campagne-en-catimini-avec-ce-quil-reste-des-verts\/\" target=\"_blank\" rel=\"noopener\">Laurence Ruffin la candidate d\u00e9sign\u00e9e<\/a> par Eric Piolle se situe dans cette lign\u00e9e d&rsquo;une culture asservie \u00e0 une id\u00e9ologie <\/p>\n<p><strong>WIQUIP\u00c9DIA UN INSTRUMENT DE R\u00c9\u00c9CRITURE DE L&rsquo;HISTOIRE<\/strong><\/p>\n<p><strong>Q. Vous auriez \u00e9t\u00e9 vous-m\u00eame effac\u00e9 !<\/strong><\/p>\n<p>Y.A : \u00a0\u00bb Les versions successives de la page Wikipedia ( 1) du MAGASIN en portent la trace. Directeur de 1996 \u00e0 2015 mon activit\u00e9 y est r\u00e9duite \u00e0 deux mentions n\u00e9gatives, pour la vente aux ench\u00e8res en partenariat avec la maison de vente Sotheby\u2019s et pour mon d\u00e9part en 2015 qui aurait \u00e9t\u00e9 provoqu\u00e9 par des accusations de harc\u00e8lement moral dont j\u2019aurai \u00e9t\u00e9 l\u2019auteur. Vous avez l\u00e0 l\u2019illustration parfaite de l\u2019inversion accusatoire aggrav\u00e9e selon ses auteurs d\u2019une complicit\u00e9 avec le commerce d\u2019art, avec le priv\u00e9.<\/p>\n<p>\u00ab\u00a0La mention du harc\u00e8lement sera supprim\u00e9e en 2023 d\u00e8s lors que la justice aura r\u00e9tabli la r\u00e9alit\u00e9 des faits. La phrase initiale \u00ab\u00a0En octobre 2015, Yves Aupetitallot quitte ses fonctions accus\u00e9 de harc\u00e8lement moral\u00a0\u00bb deviendra \u00ab\u00a0\u00ab\u00a0En octobre 2015, Yves Aupetitallot quitte ses fonctions\u00a0\u00bb. Les renvois \u00e0 des articles de presse demeurent et malgr\u00e9 nos demandes r\u00e9p\u00e9t\u00e9es aux administrateurs\u00a0 de Wikipedia, la condamnation du MAGASIN n\u2019est toujours pas mentionn\u00e9e.<\/p>\n<p><strong>Beatrice JOSSE , FOSSOYEUR DU MAGASIN LONGUEMENT CIT\u00c9E PAR WIQUIPEDIA<\/strong><\/p>\n<p>\u00ab\u00a0En revanche, B\u00e9atrice Josse qui me succ\u00e9dera au MAGASIN est longuement cit\u00e9e pour son projet et son engagement militant f\u00e9ministe et post-colonial qui aurait selon le r\u00e9dacteur de la page suscit\u00e9 une forte opposition et provoqu\u00e9 son d\u00e9part. Ainsi \u00e9lev\u00e9e au rang de victime, rien n\u2019est dit de son bilan.<\/p>\n<p>\u00ab\u00a0Mais le narratif qui s\u2019est impos\u00e9 sous le mandat de B\u00e9atrice Josse est toujours en place avec sa successeuse qui d\u2019ailleurs est d\u00e9j\u00e0 repartie. Un d\u00e9tail quant \u00e0 l\u2019orientation id\u00e9ologique de cette page et de ses contributeurs successifs. L\u2019espace central du b\u00e2timent , la Rue, qui a \u00e9t\u00e9 le lieu d\u2019oeuvres monumentales cr\u00e9\u00e9es par les artistes invit\u00e9s, des oeuvres In Situ, mentionne depuis 2010 deux seuls noms d\u2019artistes sur une cinquantaine: Kader Attia et Adel Abdessemed. Peut-on supposer que nous sommes face \u00e0 une assignation identitaire grossi\u00e8re contre laquelle l\u2019un des deux artistes se bat depuis de nombreuses ann\u00e9es ?\u00a0\u00bb<\/p>\n<p><strong>\u00a0\u00bb UN LABORATOIRE D&rsquo;EXP\u00c9RIMENTATION ID\u00c9OLOGIQUE\u00a0\u00bb\u00a0<\/strong><\/p>\n<p><strong>Q.Est-ce qu\u2019il faut penser que le MAGASIN mettait en oeuvre un plan voulu par la Ville ?<\/strong><\/p>\n<p>Y.A : \u00a0\u00bb Sinc\u00e8rement je ne crois pas. Ce n\u2019\u00e9tait tout simplement pas n\u00e9cessaire dans la mesure o\u00f9 la directrice partageait avec la Ville les m\u00eames convictions pour faire du MAGASIN <a href=\"https:\/\/grenoble-le-changement.fr\/2022\/03\/02\/riss-charlie-hebdosur-piolle-les-escrocs-de-lislamophobie-nont-rien-perdu-de-leur-crapulerie-intellectuelle\/\" target=\"_blank\" rel=\"noopener\">un laboratoire d\u2019exp\u00e9rimentation id\u00e9ologique.<\/a> Mais ce fut un \u00e9chec cuisant avec au final une situation budg\u00e9taire, institutionnelle et sociale compl\u00e8tement d\u00e9grad\u00e9e. J\u2019invite \u00e0 prendre connaissance du rapport du Conseil d\u2019Administration de d\u00e9cembre 2020 pour mesurer la r\u00e9alit\u00e9 de la situation budg\u00e9taire et sociale avec un nombre de proc\u00e9dures prud\u2019homales sans pr\u00e9c\u00e9dent.\u00a0\u00bb\u00a0<\/p>\n<p><img decoding=\"async\" data-id=\"84905\" src=\"https:\/\/grenoble-le-changement.fr\/wp-content\/uploads\/2025\/09\/lheureux-piolle.png\" alt=\"\" class=\"wp-image-84905 jetpack-lazy-image\" data-lazy-src=\"https:\/\/www.europesays.com\/fr\/wp-content\/uploads\/2025\/10\/lheureux-piolle.png\" \/><br \/>\nMalgr\u00e9 sa totale soumission \u00e0 cette id\u00e9ologie et \u00e0 sa mise en oeuvre implacable, Lucille Lheureux , l&rsquo;Adjointe ( Verts\/LFI)  a \u00e9t\u00e9 sacrifi\u00e9e avec brutalit\u00e9 par un syst\u00e8me qui cherche \u00e0 se maintenir par tous les moyens <\/p>\n<p><strong>\u00a0\u00bb JE NE CROIS PAS QUE PIOLLE AIT UNE PENS\u00c9E STRUCTUR\u00c9E\u00a0\u00bb<\/strong><\/p>\n<p><strong>Q. Si Eric Piolle\u00a0 rejette le logiciel Malraux-Lang, comment pourriez vous d\u00e9finir ce qui remplace ce logiciel pour Eric Piolle, sa conception de la culture et la politique publique qui en d\u00e9coule?<\/strong><\/p>\n<p>Y.A:\u00a0 \u00a0\u00bb Je ne crois pas\u00a0 qu\u2019il ait jamais eu une pens\u00e9e originale structur\u00e9e sur le sujet mais plut\u00f4t qu\u2019il se sera fondu dans les consensus successifs d\u2018une gauche en mal de renouvellement de ses fondamentaux. Au d\u00e9but de son premier mandat Eric Piolle et les siens s\u2019inspirent encore de l\u2019\u00e9ducation populaire, dont ils empruntent la logorrh\u00e9e au service d\u2019une inclinaison populiste et d\u00e9magogique bien loin de l\u2019engagement des fondateurs de Peuple et culture.<\/p>\n<p>\u00ab\u00a0<strong> LE GAUCHISME CULTUREL\u00a0\u00bb<\/strong><\/p>\n<p>\u00ab\u00a0Rapidement, ils vont coller \u00e0 ce que le sociologue Jean-Pierre le Goff qualifie de gauchisme culturel, ce d\u00e9placement de la question sociale identitaire de la gauche promu par Terra Nova dans sa note de 2012, \u00ab Gauche: quelle majorit\u00e9 \u00e9lectorale pour 2012 \u00bb. Rompant avec la gauche ouvri\u00e9riste parce que les ouvriers \u00e9taient d\u00e9sormais suppos\u00e9s voter pour le FN, Terra Nova recommandait de s\u2019appuyer sur \u00ab\u00a0la France de demain\u00a0\u00bb, les nouveaux mouvements sociaux unifi\u00e9s par des valeurs culturelles progressistes \u00e0 l\u2019origine de multiples luttes contre de multiples discriminations, les femmes, l\u2019\u00e9cologie, la race, le genre, etc. La logomachie qui en d\u00e9coule remplacera celle de l\u2019\u00e9ducation populaire pour envahir l\u2019action et\u00a0 toutes les formes de communication de la Ville.\u00a0\u00bb<\/p>\n<p><strong>B.JOSSE : AUCUNE FIGURES MASCULINES BLANCHES<\/strong><\/p>\n<p><strong>Q. Est-ce que ce n\u2019est pas d\u00e9j\u00e0 ce qu\u2019on appelle le wokisme qui semble bien pr\u00e9sent \u00e0 Grenoble <\/strong>?<\/p>\n<p>Y.A ; \u00a0\u00bb Le wokisme, le mouvement des \u00e9veill\u00e9s, emprunte aux phiiosophes fran\u00e7ais de la d\u00e9construction qui a largement fait son lit dans les universit\u00e9s am\u00e9ricaines avec les mots c\u00e9l\u00e8bres de Derrida \u00ab il faut d\u00e9construire le phallo-logo-centrisme \u00bb. Quel plus beau t\u00e9moignage de son entrisme grenoblois que l\u2019incroyable r\u00e9ponse de B\u00e9atrice Josse pour justifier l\u2019annulation d\u2019une exposition que j\u2019avais programm\u00e9e : \u00ab &#8230; mes copines f\u00e9ministes radicales, f\u00e9ministes historiques, post-f\u00e9ministes, afro-f\u00e9ministes, ecof\u00e9ministes, queer et trans ne comprendraient que je confie \u00e0 des figures certes incontournables de l\u2019histoire de l\u2019art de notre pays mais des figures masculines, blanches \u2026\u00a0\u00bb. L\u2019\u00e9cole des beaux-arts, qui vient de faire l\u2019objet d\u2019une importante campagne de travaux, serait-elle soumise \u00e0 cette m\u00eame id\u00e9ologie ?. Les salles de travail r\u00e9nov\u00e9es ont \u00e9t\u00e9 baptis\u00e9es\u00ab\u00a0\u2026de noms d&rsquo;artistes plasticien.nes femmes et\/ou transgenres\u2026\u00a0\u00bb, des \u00ab\u2026artistes engag\u00e9es dans des luttes politiques intersectionnelles contre les injustices, d&rsquo;artistes f\u00e9ministes ou d&rsquo;artistes tr\u00e8s singuli\u00e8res\u2026\u00a0\u00bb. Il est souhaitable, voir m\u00eame imp\u00e9ratif,\u00a0 que les questions soci\u00e9tales et politiques d\u2019aujourd\u2019hui puissent \u00eatre enfin pr\u00e9sentes dans le champ de l\u2019art et dans la formation dispens\u00e9e au sein d\u2019une \u00e9cole d\u2019art. Mais il est tout aussi imp\u00e9ratif qu\u2019elles ne deviennent pas des outils de discrimination, pis, d\u2019\u00e9radication de toute autre conception de l\u2019art et de toute autre vision de la soci\u00e9t\u00e9. La phrase suivante, \u00ab\u00a0\u2026Nous avons ainsi voulu rendre visibles des sensibilit\u00e9s qui sont proches des enseignements et pratiques de l\u2019ESAD.\u00a0..\u00bb extraite d\u2019une note interne, interroge quant \u00e0 l\u2019indispensable diversit\u00e9 des points de vue au sein de l\u2019Ecole.<\/p>\n<p><img decoding=\"async\" data-id=\"49076\" src=\"https:\/\/grenoble-le-changement.fr\/wp-content\/uploads\/2021\/08\/scpo.jpg\" alt=\"\" class=\"wp-image-49076 jetpack-lazy-image\" data-lazy-src=\"https:\/\/www.europesays.com\/fr\/wp-content\/uploads\/2025\/10\/scpo.jpg\" \/><br \/>\nLes noms des professeurs placard\u00e9s \u00e0 Sciences Po Grenoble devenu une annexe de la majorit\u00e9 municipale grenobloise <\/p>\n<p><strong>L&rsquo;AFFAIRE DU BURKINI A MONTR\u00c9 LE CHOIX DE PIOLLE<\/strong><\/p>\n<p><strong>Q. Est-ce que dans les questions tr\u00e8s pr\u00e9sentes \u00e0 Grenoble existerait selon vous un entrisme islamiste ou de la complaisance ?<\/strong><\/p>\n<p>Y.A:\u00a0 \u00ab\u00a0L\u2019affaire du Burkini dont les grenoblois se souviennent sans aucun doute avait montr\u00e9, \u00e0 minima, l\u2019ambigu\u00eft\u00e9 de Eric Piolle face \u00e0 l\u2019Alliance citoyenne de Grenoble. Le Canard encha\u00een\u00e9 avait r\u00e9v\u00e9l\u00e9 que ce mouvement \u00e9tait partenaire des Etudiants musulmans de France consid\u00e9r\u00e9 comme la branche \u00e9tudiante des fr\u00e8res Musulmans. Sa porte-parole locale Taous Hammouti avait publi\u00e9 en 2015 des posts qu\u2019elle a ensuite supprim\u00e9s: \u00ab\u00a0N\u2019oubliez jamais que Charlie Hebdo a d\u00e9gain\u00e9 le premier\u00a0\u00bb, elle \u00e9voquait \u00e9galement les \u00ab\u00a0pr\u00e9tendus\u00a0\u00bb attentats du Bataclan, tout en partageant des caricatures publi\u00e9es sur le site du pol\u00e9miste antis\u00e9mite Alain Soral. Chacun se souvient du post de Eric Piolle parlant de la vieille ville d\u2019hier, \u201ccelle faite pour l\u2019homme blanc press\u00e9 au volant de sa voiture\u201d, o<a href=\"https:\/\/grenoble-le-changement.fr\/2025\/08\/28\/les-victimes-de-la-rafle-de-1942-pietinees-par-la-guerre-verts-lfi\/\" target=\"_blank\" rel=\"noopener\">u plus r\u00e9cemment du scandale \u00e0 la comm\u00e9moration de la rafle du 26 ao\u00fbt 1942,<\/a> \u00e0 l\u2019issue de laquelle le pr\u00e9sident du Crif, indign\u00e9, a rompu toutes relations avec la Ville.<\/p>\n<p><strong>\u00ab\u00a0LIB\u00c9RATION\u00a0\u00bb, FOUCAULT, DERRIDA VOYAIENT KHOMEYNI EN HOMME DE GAUCHE<\/strong><\/p>\n<p><strong>Q. On peut parler d\u2019islamo-gauchisme ?<\/strong><\/p>\n<p>Y.A :\u00a0 \u00a0\u00bb A croire les sectateurs de LFI, l\u2019islamo-gauchisme n\u2019existe pas contrairement \u00e0 l\u2019islamophobie ! Pierre-Andr\u00e9 Taguieff et Florence Bergeaud-Blacker disent le contraire. Selon eux, la convergence entre islamisme et gauchisme remonte \u00e0 1920 avec la collusion entre l\u2019islamisme et le bolch\u00e9visme au nom de l\u2019anti imp\u00e9rialisme. Le canal historique des fr\u00e8res musulmans s\u2019est nourri des th\u00e8ses marxistes et Khomeyni a fait alliance avec les communistes du Toudeh et les Moudjahidines du peuple pour prendre le pouvoir. En 1979 Lib\u00e9ration titrait\u00a0 \u00ab Iran\u00a0: le chiiito-socialisme des khomeynistes\u00a0\u00bb et d\u00e9fendait les \u00ab\u00a0chiites gauchistes\u00a0\u00bb qui voilaient des \u00ab\u00a0femmes iraniennes comme un symbole de lutte\u00a0\u00bb voyant en l\u2019ayatollah Khomeyni un homme de gauche, d\u00e9fenseur de la la\u00efcit\u00e9. Michel Foucault, philosophe de la d\u00e9construction avec Jacques Derrida qualifiait Khomeyni de \u00ab\u00a0vieux saint\u00a0\u00bb promoteur de la r\u00e9volution de 1979 \u00ab\u00a0la premi\u00e8re grande insurrection contre les syst\u00e8mes plan\u00e9taires, la forme la plus moderne de la r\u00e9volte la plus folle\u00a0\u00bb.\u00a0<\/p>\n<p>\u00ab\u00a0Mais revenons \u00e0 Grenoble et en compl\u00e9ment des quelques rappels pr\u00e9c\u00e9dents souvenons-nous de <a href=\"https:\/\/grenoble-le-changement.fr\/2021\/08\/30\/grenoble-et-sciences-po-le-terreau-de-lislamo-gauchisme\/\" target=\"_blank\" rel=\"noopener\">l\u2019IEP de Grenoble et des accusations d\u2019islamophobie<\/a> \u00e0 l\u2019encontre de deux professeurs !\u00a0 Il est inutile d\u2019en dire plus.<\/p>\n<p><img decoding=\"async\" data-id=\"53216\" src=\"https:\/\/grenoble-le-changement.fr\/wp-content\/uploads\/2022\/06\/Capture-de\u0301cran-2022-06-15-a\u0300-08.00.04.png\" alt=\"\" class=\"wp-image-53216 jetpack-lazy-image\" data-lazy-src=\"https:\/\/www.europesays.com\/fr\/wp-content\/uploads\/2025\/10\/Capture-de\u0301cran-2022-06-15-a\u0300-08.00.04.png\" \/><\/p>\n<p><img decoding=\"async\" data-id=\"85639\" src=\"https:\/\/grenoble-le-changement.fr\/wp-content\/uploads\/2025\/10\/c07dcb0d-b916-4cc6-bfac-3213ce1f1b6e.jpg\" alt=\"\" class=\"wp-image-85639 jetpack-lazy-image\" data-lazy-src=\"https:\/\/www.europesays.com\/fr\/wp-content\/uploads\/2025\/10\/c07dcb0d-b916-4cc6-bfac-3213ce1f1b6e.jpg\" \/><\/p>\n<p><img decoding=\"async\" data-id=\"85640\" src=\"https:\/\/grenoble-le-changement.fr\/wp-content\/uploads\/2025\/10\/Capture-de\u0301cran-2025-10-22-a\u0300-15.31.54.png\" alt=\"\" class=\"wp-image-85640 jetpack-lazy-image\" data-lazy-src=\"https:\/\/www.europesays.com\/fr\/wp-content\/uploads\/2025\/10\/Capture-de\u0301cran-2025-10-22-a\u0300-15.31.54.png\" \/><br \/>\nLe burkini dans les piscines, des menaces de mort contre le Pr\u00e9sident du Crif, l&rsquo;appartement d&rsquo;un Rabin victime d&rsquo;un incendie criminel \u00e0 Hoche, Grenoble est le th\u00e9\u00e2tre d\u00e9brid\u00e9 de l&rsquo;islamo gauchisme municipal <\/p>\n<p><strong>AUTORITARISME, POPULISME, INTERVENTIONNISME&#8230;<\/strong><\/p>\n<p><strong>Q. Est-ce selon vous l\u2019id\u00e9ologie est le moteur principal de la politique culturelle de la Ville ?<\/strong><\/p>\n<p>Y.A: \u00ab\u00a0Depuis Jo\u00ebl Pommerat dans Lib\u00e9ration, la lettre ouverte d\u2019une vingtaine de compagnies grenobloises dans l\u2019Humanit\u00e9, <a href=\"https:\/\/grenoble-le-changement.fr\/2021\/03\/01\/frederic-martel-france-culture-et-e-piolle-oukases-coups-de-menton-et-arbitraire-politique\/\" target=\"_blank\" rel=\"noopener\">le reportage de Fr\u00e9d\u00e9ric Martel de France Culture<\/a> et de multiples d\u00e9clarations de responsables culturels et d\u2019artistes, les qualificatifs de cette politique et de l\u2019id\u00e9ologie qui la sous-entend se r\u00e9p\u00e8tent \u00e0 l\u2019envi: autoritarisme, populisme, interventionnisme, orientation politique, et bien entendu id\u00e9ologie !<\/p>\n<p><strong>A.AGOBIAN : \u00a0\u00bb LES COMIT\u00c9S D&rsquo;AVIS NE SONT QUE DE FACADE\u00a0\u00bb<\/strong><\/p>\n<p>\u00ab\u00a0Pour parer \u00e0 ce flot de critiques Eric Piolle mettra en sc\u00e8ne pendant son premier mandat une \u00abd\u00e9mocratie culturelle participative \u00bb compos\u00e9e de \u00ab comit\u00e9s de citoyens \u00bb. La manoeuvre sera d\u00e9nonc\u00e9e, entre autres, par Anouche Agobian conseill\u00e8re municipale socialiste : \u2026les comit\u00e9s d\u2019avis ne sont que des fa\u00e7ades pour faire croire qu\u2019il y a des crit\u00e8res objectifs pour d\u00e9cider des subventions culturelles\u2026.\u00a0\u00bb. Contre toute attente elle int\u00e8grera son \u00e9quipe du deuxi\u00e8me mandant avant que de la quitter.<\/p>\n<p><strong>\u00ab\u00a0LA M\u00c9THODE EST FONTALE, BRUTALE\u00a0\u00bb<\/strong><\/p>\n<p>\u00ab\u00a0Le deuxi\u00e8me mandat ne s\u2019embarrasse plus de ces subterfuges. La m\u00e9thode est frontale, brutale. Elle affiche la volont\u00e9 active de mettre au pas et de contr\u00f4ler le secteur culturel, socio culturel et associatif. Piolle et son \u00e9quipe ont r\u00e9ussi ce que le Front National d\u2019autrefois n\u2019a pas r\u00e9ussi ou os\u00e9 faire en son temps.<\/p>\n<p>\u00ab\u00a0La liquidation des structures socio-culturelles et des biblioth\u00e8ques de quartier est dramatique. Elle isole encore plus des\u00a0 populations pour lesquelles il faudrait faire exactement le contraire.\u00a0\u00bb<\/p>\n<p><strong>\u00a0\u00bb LE PATRIMOINE, COMME LA CULTURE EST UN CHAMP DE RUINES\u00a0\u00bb<\/strong><\/p>\n<p><strong>Q. Vous ne parlez pas du patrimoine, qu\u2019en est-il\u00a0 selon vous ?<\/strong><\/p>\n<p>Y.A : \u00a0\u00bb Le patrimoine comme la culture est un champ de ruines. L\u2019H\u00f4tel des Facult\u00e9s, l\u2019ancien mus\u00e9e de peinture, l\u2019H\u00f4tel Lesdigui\u00e8res, la coll\u00e9giale Saint-Andr\u00e9, les \u00e9glises Saint-Louis et Saint-Bruno sont abandonn\u00e9s. Quand la ville ne d\u00e9laisse pas le patrimoine, elle s\u2019en d\u00e9leste au moyen d\u2019appels \u00e0 projet dont les laur\u00e9ats sont des associations qui sont proches de sa vision. C\u2019est ainsi que le couvent des Minimes, la chapelle des P\u00e9nitents ou l\u2019Orangerie ont \u00e9t\u00e9 attribu\u00e9s avec un bail emphyt\u00e9otique de 50 ans et un loyer avantageux. Les trois b\u00e2timents sont transform\u00e9s en lieux tiers associatifs avec des projets quasiment identiques. Un exemple: l\u2019Orangerie est attribu\u00e9e en 2019 \u00e0 l\u2019association La Grande Saison. Son projet initial de Halle Gourmande est finalement remplac\u00e9 par celui d\u2019un lieu tiers avec une salle d\u2019escalade, un espace de co-working, une boulangerie et d\u2019autres choses \u00e0 venir. L\u2019ouverture partielle du lieu est annonc\u00e9e pour cet automne, 6 ans plus tard. Quelle est l\u2019activit\u00e9 d\u00e9clar\u00e9e de cette association : \u00ab D\u00e9fense de droits fondamentaux, activit\u00e9s civiques \u00bb. Voil\u00e0 qui<a href=\"https:\/\/grenoble-le-changement.fr\/2025\/09\/09\/restaurant-du-musee-la-desolation-et-lechec-de-la-municipalite\/\" target=\"_blank\" rel=\"noopener\"> rappelle l\u2019attribution du restaurant du mus\u00e9e \u00e0 l\u2019association Mix Lab<\/a> et son abandon moins de deux ans apr\u00e8s. En dehors de leur \u00e9vidente proximit\u00e9 id\u00e9ologique avec la Ville, quel peut \u00eatre leur savoir-faire et de fait leur l\u00e9gitimit\u00e9 pour une telle entreprise ?<\/p>\n<p><img decoding=\"async\" data-id=\"68635\" src=\"https:\/\/grenoble-le-changement.fr\/wp-content\/uploads\/2023\/10\/Restaurant-le-5-Musee-.webp\" alt=\"\" class=\"wp-image-68635 jetpack-lazy-image\" data-lazy-src=\"https:\/\/grenoble-le-changement.fr\/wp-content\/uploads\/2023\/10\/Restaurant-le-5-Musee-.webp?is-pending-load=1\" \/><\/p>\n<p><img decoding=\"async\" data-id=\"5891\" src=\"https:\/\/grenoble-le-changement.fr\/wp-content\/uploads\/2016\/04\/lorangerie-.jpeg\" alt=\"\" class=\"wp-image-5891 jetpack-lazy-image\" data-lazy-src=\"https:\/\/www.europesays.com\/fr\/wp-content\/uploads\/2025\/10\/lorangerie-.jpeg\" \/><br \/>\nLe restaurant du Mus\u00e9e, l&rsquo;Orangerie&#8230; <a href=\"https:\/\/grenoble-le-changement.fr\/2025\/10\/07\/copinage-la-municipalite-accelere-avant-fermeture\/\" target=\"_blank\" rel=\"noopener\">le temps des copains a atteint son paroxysme.<\/a> Eric Piolle et un Adjoint au Maire ont d&rsquo;ailleurs d\u00e9j\u00e0 \u00e9t\u00e9 condamn\u00e9s pour favoritisme  <\/p>\n<p><strong>\u00ab\u00a0LA D\u00c9GRADATION DE LA VILLA KAMINSKI PAR L&rsquo;ULTRA GAUCHE EST \u00e0 L&rsquo;OEUVRE\u00a0\u00bb<\/strong><\/p>\n<p>Y.A : \u00a0\u00bb Malgr\u00e9 la Tour Perret,\u00a0 le patrimoine du vingti\u00e8me si\u00e8cle n\u2019est pas plus \u00e9pargn\u00e9 \u00e0 l\u2019image de la villa Kaminski, exemple unique dans la r\u00e9gion de l\u2019architecture moderniste. De style Paquebot, construite \u00e0 la fin des ann\u00e9es trente, elle est class\u00e9e \u00ab\u00e9difice remarquable \u00bb par la Ville de Grenoble au d\u00e9but des ann\u00e9es quatre-vingt-dix. Sa d\u00e9gradation est \u00e0 l\u2019oeuvre depuis qu\u2019elle est le sanctuaire de groupes de l\u2019ultra gauche qui selon Eric piolle sont de sa famille politique. L\u2019oeuvre monumentale de Victor Vasarely pour les tribunes de l\u2019anneau de vitesse des JO dispara\u00eet peu \u00e0 peu comme la partie sup\u00e9rieure qui n\u2019est plus, le reste des panneaux est fortement d\u00e9grad\u00e9.<\/p>\n<p><strong>\u00a0\u00bb LA VILLE EST SIMPLEMENT D\u00c9GRAD\u00c9E\u00a0\u00bb\u00a0<\/strong><\/p>\n<p>\u00a0\u00bb Mais le patrimoine d\u2019une ville ne se limite pas \u00e0 des monuments, ll comprend aussi des \u00e9l\u00e9ments plus modestes mais tout aussi remarquables dont la masse contribue \u00e0 cr\u00e9er sa coh\u00e9rence.<br \/>La ville de Grenoble n\u2019a pas de vision d\u2019ensemble de son patrimoine, pas plus d\u2019ailleurs que de son urbanisme et de l\u2019architecture. Ces \u00e9l\u00e9ments remarquables se d\u00e9gradent ou disparaissent d\u2019ann\u00e9e en ann\u00e9e : les fa\u00e7ades, les fontaines, le mobilier urbain, les devantures auxquels nous pouvons ajouter les arbres. La ville est simplement d\u00e9grad\u00e9e, de surcro\u00eet sale et ce ne n\u2019est pas la profusion des tags qui peut l\u2019embellir.<\/p>\n<p><strong>LA NOUVELLE DIRECTRICE DU MAGASIN S&rsquo;EN VA\u00a0<\/strong><\/p>\n<p><strong>\u00a0Q. <\/strong><strong>Est-ce que malgr\u00e9 ce bilan n\u00e9gatif que vous dressez de la culture \u00e0 Grenoble comment voyez-vous l\u2019avenir du MAGASIN ?<\/strong><\/p>\n<p>Y.A : \u00a0\u00bb Nous pouvons en effet nous interroger sur son avenir quand sa nouvelle directrice le quitte aussi rapidement pour le mus\u00e9e de Nice alors que l\u2019usage professionnel oblige \u00e0 un temps plus long pour redresser une institution qui a \u00e9t\u00e9 ferm\u00e9e pendant pr\u00e8s de deux ans \u00e0 la suite de plusieurs ann\u00e9es de turbulence. Etait-elle d\u2019ailleurs le bon choix quand les autre candidats de la phase finale du recrutement \u00e9taient d\u2019un autre calibre dont le regrett\u00e9 Vincent Honor\u00e9 ? Ce d\u00e9part est \u00e9galement le sympt\u00f4me du d\u00e9classement de cette institution que bon nombre de professionnels fran\u00e7ais et \u00e9trangers auraient auparavant souhait\u00e9 dirig\u00e9. A l\u2019\u00e9vidence le MAGASIN est aujourd\u2019hui moins attractif que le mus\u00e9e de Nice qui est pourtant ferm\u00e9 pour travaux avec un architecte qui a \u00e9t\u00e9 cong\u00e9di\u00e9, une directrice qui \u00e0 la surprise g\u00e9n\u00e9rale a d\u00e9missionn\u00e9 et un pouvoir municipal dont la reconduction pour un prochain mandat semble incertaine.<\/p>\n<p><strong>\u00a0\u00bb \u00c9CHAPPER AU PARASITAGE POLITIQUE\u00a0\u00bb<\/strong><\/p>\n<p>\u00ab\u00a0Le MAGASIN et ses tutelles vont devoir proc\u00e9der \u00e0 nouveau \u00e0 un recrutement. Souhaitons que puisse \u00eatre mise en oeuvre une proc\u00e9dure de recrutement r\u00e9form\u00e9e, en reprenant les termes de Denis Olivennes dans \u00ab L\u2019impuissance publique\u00bb, \u00a0\u2026pour \u00e9chapper \u00e0 la fois au parasitage politique et au verrouillage corporatiste\u2026\u00a0\u00bb et en s\u2019inspirant des recommandations de Christophe Tardieu et de David Lisnard pour les centres dramatiques, telles que d\u00e9taill\u00e9es dans \u00ab\u00a0La culture nous sauvera\u00a0\u00bb.<\/p>\n<p>\u00ab\u00a0L\u2019issue de ce recrutement engage l\u2019avenir de l\u2019institution pour peu qu\u2019il s\u2019adosse \u00e0 un projet artistique et culturel renouvel\u00e9 soutenu par un mod\u00e8le \u00e9conomique qui puisse suppl\u00e9er \u00e0 la diminution continue de ses financements publics. Le MAGASIN a \u00e9t\u00e9 fond\u00e9 il aura bient\u00f4t 40 ans dans un contexte artistique et institutionnel local, national et international qui a profond\u00e9ment \u00e9volu\u00e9 au point que l\u2019avenir de l\u2019institution ne peut faire l\u2019\u00e9conomie d\u2019une red\u00e9finition de son projet.\u00a0\u00bb<\/p>\n<p><img decoding=\"async\" data-id=\"74458\" src=\"https:\/\/grenoble-le-changement.fr\/wp-content\/uploads\/2024\/06\/squat-kaminski.jpg\" alt=\"\" class=\"wp-image-74458 jetpack-lazy-image\" data-lazy-src=\"https:\/\/www.europesays.com\/fr\/wp-content\/uploads\/2025\/10\/squat-kaminski.jpg\" \/><\/p>\n<p><img decoding=\"async\" data-id=\"65928\" src=\"https:\/\/grenoble-le-changement.fr\/wp-content\/uploads\/2023\/08\/Squat-106-rue-des-Allies-z-Kaminski.webp\" alt=\"\" class=\"wp-image-65928 jetpack-lazy-image\" data-lazy-src=\"https:\/\/www.europesays.com\/fr\/wp-content\/uploads\/2025\/10\/Squat-106-rue-des-Allies-z-Kaminski.webp\" \/><br \/>\nYves Aupetitallot d\u00e9nonce l&rsquo;attribution \u00e0 l&rsquo;extr\u00eame gauche de la villa Kaminski par la municipalit\u00e9 , \u00ab\u00a0exemple unique dans la r\u00e9gion de l\u2019architecture moderniste, class\u00e9e \u00e9difice remarquable\u00a0\u00bb <\/p>\n<p><strong>\u00a0\u00bb L&rsquo;AVENIR PASSE PAR CEUX QUI ONT \u00c9T\u00c9 DANS UNE OPPOSITION ACTIVE\u00a0\u00bb<\/strong><\/p>\n<p><strong>Q. Quel peut-\u00eatre le devenir de la culture \u00e0 Grenoble ?<\/strong><\/p>\n<p>Y.A :\u00a0 \u00a0\u00bb Etendons votre question \u00e0 Grenoble dans toutes ses composantes o\u00f9 la culture est depuis toujours aux c\u00f4t\u00e9s de la recherche scientifique, le marqueur de son excellence et de son exemplarit\u00e9.\u00a0 Ce devenir d\u00e9pend \u00e9troitement du r\u00e9sultat des prochaines \u00e9lections municipales. J\u2019appelle \u00e0 ce propos les acteurs culturels grenoblois et leurs publics. Souhaitent-ils la p\u00e9rennisation, voir l\u2019aggravation de la situation actuelle avec une \u00e9quipe qui ne serait que le prolongement de Eric Piolle ou \u00e0 l\u2019oppos\u00e9 une nouvelle \u00e9quipe qui pourrait porter un projet culturel de renouveau ? J\u2019ai la conviction que l\u2019avenir de Grenoble passe par l\u2019union de ceux, dans la classe politique locale, de droite et de gauche, qui sont encore porteurs des valeurs r\u00e9publicaines et la\u00efques et qui ont \u00e9t\u00e9 dans une opposition active \u00e0 la politique de Piolle. \u00ab\u00a0<\/p>\n<p>( 1) Alain Carignon mettra fin aux fonctions de Pierre Gaudibert avec l&rsquo;obtention d&rsquo;un nouveau Mus\u00e9e et recrutera Serge Lemoine qui dirigera notamment Orsay ensuite\u00a0<\/p>\n<p>(2) \u00a0les internautes ne peuvent aucunement se r\u00e9f\u00e9rer \u00e0 Wikipedia dont la r\u00e9daction est contr\u00f4l\u00e9e par de petites mains de la gauche radicale qui r\u00e9\u00e9crit l&rsquo;histoire\u00a0<\/p>\n","protected":false},"excerpt":{"rendered":"Posted On 27 octobre 2025 Le t\u00e9moignage de Yves Aupetitallot, l&rsquo;ex directeur du CNAC\/ Le Magasin de 1996&hellip;\n","protected":false},"author":2,"featured_media":492701,"comment_status":"","ping_status":"","sticky":false,"template":"","format":"standard","meta":{"footnotes":""},"categories":[9566],"tags":[1111,11,61551,9601,61552,33156,2430,61553,34391,29503,15173,61554,61555,9607,1777,674,61556,1011,27,15175,2731,61557,15176,29504,61558,61559,61560,61561,61562,61563,10610,47323,61564,10136,29509,10612,61565,23075,12467,12,61566,61567,61568,61569,25,61570,61571,36637,52264,15177,61572],"class_list":{"0":"post-492700","1":"post","2":"type-post","3":"status-publish","4":"format-standard","5":"has-post-thumbnail","7":"category-grenoble","8":"tag-actu","9":"tag-actualites","10":"tag-adel-abdessemed","11":"tag-alain-carignon","12":"tag-andre-vallini","13":"tag-anouche-agobian","14":"tag-auvergne-rhone-alpes","15":"tag-beatrice-josse","16":"tag-christophe-aribert","17":"tag-cnac","18":"tag-corinne-bernard","19":"tag-daniel-janicot","20":"tag-eliane-baracetti","21":"tag-eric-piolle","22":"tag-eu","23":"tag-europe","24":"tag-eve-vincent-fraenckel","25":"tag-fr","26":"tag-france","27":"tag-frederic-martel","28":"tag-grenoble","29":"tag-guy-issanjou","30":"tag-guy-sisti","31":"tag-henri-baile","32":"tag-jacques-guillot","33":"tag-jean-bovier-lapierre","34":"tag-jean-guibal","35":"tag-jean-claude-gallota","36":"tag-jean-jacques-gleizal","37":"tag-jean-pierre-le-goff","38":"tag-jerome-safar","39":"tag-joel-pommerat","40":"tag-kader-attia","41":"tag-laurence-ruffin","42":"tag-le-magasin","43":"tag-lucille-lheureux","44":"tag-maurice-besset","45":"tag-michel-destot","46":"tag-mix-lab","47":"tag-news","48":"tag-odile-decq","49":"tag-pascal-gravat","50":"tag-pierre-gaudibert","51":"tag-rene-rizzardo","52":"tag-republique-francaise","53":"tag-serge-lemoine","54":"tag-serge-papagalli","55":"tag-villa-kaminski","56":"tag-wikipedia","57":"tag-yves-aupetitallot","58":"tag-yvon-chaix"},"share_on_mastodon":{"url":"","error":"Validation failed: Text character limit of 500 exceeded"},"_links":{"self":[{"href":"https:\/\/www.europesays.com\/fr\/wp-json\/wp\/v2\/posts\/492700","targetHints":{"allow":["GET"]}}],"collection":[{"href":"https:\/\/www.europesays.com\/fr\/wp-json\/wp\/v2\/posts"}],"about":[{"href":"https:\/\/www.europesays.com\/fr\/wp-json\/wp\/v2\/types\/post"}],"author":[{"embeddable":true,"href":"https:\/\/www.europesays.com\/fr\/wp-json\/wp\/v2\/users\/2"}],"replies":[{"embeddable":true,"href":"https:\/\/www.europesays.com\/fr\/wp-json\/wp\/v2\/comments?post=492700"}],"version-history":[{"count":0,"href":"https:\/\/www.europesays.com\/fr\/wp-json\/wp\/v2\/posts\/492700\/revisions"}],"wp:featuredmedia":[{"embeddable":true,"href":"https:\/\/www.europesays.com\/fr\/wp-json\/wp\/v2\/media\/492701"}],"wp:attachment":[{"href":"https:\/\/www.europesays.com\/fr\/wp-json\/wp\/v2\/media?parent=492700"}],"wp:term":[{"taxonomy":"category","embeddable":true,"href":"https:\/\/www.europesays.com\/fr\/wp-json\/wp\/v2\/categories?post=492700"},{"taxonomy":"post_tag","embeddable":true,"href":"https:\/\/www.europesays.com\/fr\/wp-json\/wp\/v2\/tags?post=492700"}],"curies":[{"name":"wp","href":"https:\/\/api.w.org\/{rel}","templated":true}]}}