{"id":492706,"date":"2025-10-27T07:57:13","date_gmt":"2025-10-27T07:57:13","guid":{"rendered":"https:\/\/www.europesays.com\/fr\/492706\/"},"modified":"2025-10-27T07:57:13","modified_gmt":"2025-10-27T07:57:13","slug":"courrier-des-lecteurs-fenetres-blanches-tram-ouest-des-lyceens-prevenants-a-strasbourg-cest-vous-qui-le-dites","status":"publish","type":"post","link":"https:\/\/www.europesays.com\/fr\/492706\/","title":{"rendered":"Courrier des lecteurs. Fen\u00eatres blanches, tram ouest, des lyc\u00e9ens pr\u00e9venants \u00e0 Strasbourg :\u00a0c&rsquo;est vous qui le dites"},"content":{"rendered":"<p>  Des fen\u00eatres blanches qui jurent<\/p>\n<p><strong>Samuel Nogha, architecte\u00a0:<\/strong><\/p>\n<p>\u00ab\u00a0Cela faisait quelque temps que je n\u2019\u00e9tais pas pass\u00e9 place du Ch\u00e2teau et l\u00e0 je suis stup\u00e9fait de ces fen\u00eatres pimpantes neuves sur la cath\u00e9drale qui jurent totalement avec l\u2019harmonie color\u00e9e existante (plut\u00f4t pierre et bois sombre)\u00a0!<\/p>\n<p>C\u2019est moi qui n\u2019y comprends plus rien ou bien les MH et les ABF [Monuments historiques et Architectes des b\u00e2timents de France, NDLR] ont tous oubli\u00e9 l\u2019histoire ancienne du lieu\u00a0? Les fen\u00eatres de l\u2019\u00e9poque des b\u00e2tisseurs \u00e9taient-elles blanches\u00a0? Je m\u2019interroge\u2026\u00a0\u00bb<\/p>\n<p>  \u00c0 propos du tram ouest rue Virgile<\/p>\n<p><strong>Andr\u00e9 Mareau, pr\u00e9sident de l\u2019association HK Virgile\u00a0:<\/strong><\/p>\n<p>\u00ab\u00a0Nous d\u00e9non\u00e7ons le d\u00e9calage entre les \u201cexcellentes relations\u201d entre <a href=\"https:\/\/www.dna.fr\/politique\/2024\/01\/17\/tram-ouest-lettre-ouverte-a-alain-jund\" target=\"_blank\" rel=\"nofollow noopener\">l\u2019association HK Virgile<\/a> et les services de l\u2019Eurom\u00e9tropole revendiqu\u00e9es et notre quotidien. Depuis 2022, nos demandes de dialogue sont ignor\u00e9es ou d\u00e9tourn\u00e9es. La station de tram a \u00e9t\u00e9 d\u00e9plac\u00e9e, le sens unique pris en compte. Une r\u00e9union de validation promise mais non organis\u00e9e, a abouti <a href=\"https:\/\/www.dna.fr\/politique\/2025\/09\/22\/on-va-devoir-manoeuvrer-sur-les-voies-premieres-frictions-entre-le-nouveau-tram-ouest-et-des-riverains\" target=\"_blank\" rel=\"nofollow noopener\">\u00e0 des entr\u00e9es non s\u00e9curis\u00e9es pour nos propri\u00e9t\u00e9s<\/a>. Nous ignorons si les places de stationnement pour VSL [v\u00e9hicule sanitaire l\u00e9ger, NDLR] verront le jour. Nos tentatives d\u2019\u00e9changes avec l\u2019Eurom\u00e9tropole sont vaines, nos questions sans r\u00e9ponse ni concertation.<\/p>\n<p>Un incident grave illustre ce m\u00e9pris\u00a0: l\u2019acc\u00e8s \u00e0 l\u2019une de nos maisons a \u00e9t\u00e9 bloqu\u00e9 une nuit par des barri\u00e8res, retardant de 20 minutes l\u2019arriv\u00e9e des secours pour un riverain en urgence m\u00e9dicale absolue. En d\u00e9pit de nos multiples signalements, aucune mesure concr\u00e8te n\u2019a \u00e9t\u00e9 prise en amont, malgr\u00e9 les dires de Mme \u00a0Jeanne\u00a0Barseghian affirmant l\u2019organisation des soins quotidiens de ce patient, en coordination avec la fille de ce dernier. Plusieurs \u00e9v\u00e9nements anticipables, ont converg\u00e9 cette nuit\u00a0: absence de signalisation claire sur le chantier et non-implication des services concern\u00e9s.<\/p>\n<p>La chicane s\u00e9curisant notre rue a \u00e9t\u00e9 remplac\u00e9e par des coussins ralentisseurs, sans concertation.<\/p>\n<p>Nous souhaitons une v\u00e9ritable ouverture de dialogue cette situation \u00e9tant anxiog\u00e8ne pour beaucoup. Seule, <a href=\"https:\/\/www.dna.fr\/transport\/2025\/08\/26\/la-cts-mise-sur-la-dematerialisation-pour-preparer-sa-rentree\" target=\"_blank\" rel=\"nofollow noopener\">la CTS<\/a> semble d\u00e9sormais s\u2019int\u00e9resser \u00e0 notre cas.\u00a0\u00bb<\/p>\n<p><strong>Des lyc\u00e9es pr\u00e9venants<\/strong><\/p>\n<p><strong>Simone Kamper-Wolf, Strasbourg\u00a0:<\/strong><\/p>\n<p>\u00ab\u00a0Deux \u00e9l\u00e8ves du lyc\u00e9e Couffignal ont trouv\u00e9 un porte-monnaie avec de l\u2019argent et plein de cartes importantes. H\u00e9las, aucun num\u00e9ro de t\u00e9l\u00e9phone. La pr\u00e9sence d\u2019une carte d\u2019un centre d\u2019imagerie m\u00e9dicale d\u2019Illkirch a permis \u00e0 ces jeunes d\u2019obtenir le num\u00e9ro de t\u00e9l\u00e9phone du propri\u00e9taire du porte-monnaie. Peu de temps apr\u00e8s, ils ont rencontr\u00e9 ce dernier. Bravo \u00e0 ces deux jeunes et merci encore.<\/p>\n<p>C\u2019est merveilleux de constater que la jeunesse actuelle a du c\u0153ur, qu\u2019elle est correcte, serviable et souriante.\u00a0\u00bb<\/p>\n","protected":false},"excerpt":{"rendered":"Des fen\u00eatres blanches qui jurent Samuel Nogha, architecte\u00a0: \u00ab\u00a0Cela faisait quelque temps que je n\u2019\u00e9tais pas pass\u00e9 place&hellip;\n","protected":false},"author":2,"featured_media":492707,"comment_status":"","ping_status":"","sticky":false,"template":"","format":"standard","meta":{"footnotes":""},"categories":[2820],"tags":[1111,11,1687,2880,1777,674,1011,27,775,12,2661,25,104,640,2879,2803],"class_list":{"0":"post-492706","1":"post","2":"type-post","3":"status-publish","4":"format-standard","5":"has-post-thumbnail","7":"category-strasbourg","8":"tag-actu","9":"tag-actualites","10":"tag-culture-loisirs","11":"tag-edition-strasbourg","12":"tag-eu","13":"tag-europe","14":"tag-fr","15":"tag-france","16":"tag-grand-est","17":"tag-news","18":"tag-patrimoine-culturel","19":"tag-republique-francaise","20":"tag-societe","21":"tag-strasbourg","22":"tag-strasbourg-ville","23":"tag-transport"},"share_on_mastodon":{"url":"","error":""},"_links":{"self":[{"href":"https:\/\/www.europesays.com\/fr\/wp-json\/wp\/v2\/posts\/492706","targetHints":{"allow":["GET"]}}],"collection":[{"href":"https:\/\/www.europesays.com\/fr\/wp-json\/wp\/v2\/posts"}],"about":[{"href":"https:\/\/www.europesays.com\/fr\/wp-json\/wp\/v2\/types\/post"}],"author":[{"embeddable":true,"href":"https:\/\/www.europesays.com\/fr\/wp-json\/wp\/v2\/users\/2"}],"replies":[{"embeddable":true,"href":"https:\/\/www.europesays.com\/fr\/wp-json\/wp\/v2\/comments?post=492706"}],"version-history":[{"count":0,"href":"https:\/\/www.europesays.com\/fr\/wp-json\/wp\/v2\/posts\/492706\/revisions"}],"wp:featuredmedia":[{"embeddable":true,"href":"https:\/\/www.europesays.com\/fr\/wp-json\/wp\/v2\/media\/492707"}],"wp:attachment":[{"href":"https:\/\/www.europesays.com\/fr\/wp-json\/wp\/v2\/media?parent=492706"}],"wp:term":[{"taxonomy":"category","embeddable":true,"href":"https:\/\/www.europesays.com\/fr\/wp-json\/wp\/v2\/categories?post=492706"},{"taxonomy":"post_tag","embeddable":true,"href":"https:\/\/www.europesays.com\/fr\/wp-json\/wp\/v2\/tags?post=492706"}],"curies":[{"name":"wp","href":"https:\/\/api.w.org\/{rel}","templated":true}]}}