{"id":492708,"date":"2025-10-27T07:58:20","date_gmt":"2025-10-27T07:58:20","guid":{"rendered":"https:\/\/www.europesays.com\/fr\/492708\/"},"modified":"2025-10-27T07:58:20","modified_gmt":"2025-10-27T07:58:20","slug":"strasbourg-il-se-donne-toujours-a-fond-afonso-moreira-nouveau-heros-du-recrutement-low-cost-lyonnais","status":"publish","type":"post","link":"https:\/\/www.europesays.com\/fr\/492708\/","title":{"rendered":"Strasbourg\u00a0: \u00ab\u00a0Il se donne toujours \u00e0 fond\u00a0\u00bb\u2026 Afonso Moreira, nouveau h\u00e9ros du recrutement low-cost lyonnais"},"content":{"rendered":"<p>Au Parc OL,<\/p>\n<p>L\u2019<a href=\"https:\/\/www.20minutes.fr\/sport\/ol\/\" class=\"c-link c-link--is-underlined\" rel=\"nofollow noopener\" target=\"_blank\">OL<\/a> a-t-il r\u00e9ussi l\u2019exploit d\u2019attirer durant l\u2019\u00e9t\u00e9 un talent portugais \u00e0 un tarif quasi donn\u00e9\u00a0? Habitu\u00e9 aux ventes XXL, comme ses grands rivaux du <a href=\"https:\/\/www.20minutes.fr\/sport\/benfica\/\" class=\"c-link c-link--is-underlined\" rel=\"nofollow noopener\" target=\"_blank\">Benfica<\/a> et du FC Porto, le Sporting Clube de Portugal a en tout cas c\u00e9d\u00e9 Afonso Moreira \u00e0 Lyon <a href=\"https:\/\/www.ol.fr\/fr\/actualites\/arrivee-d-afonso-moreira-a-l-ol-jusqu-en-2029\" rel=\"nofollow noopener\" target=\"_blank\" class=\"c-link c-link--is-underlined\">pour 2\u00a0millions d\u2019euros<\/a> (jusqu\u2019en\u00a02029). Au vu des six micro-apparitions de cet ailier gauche de 20 ans avec l\u2019\u00e9quipe premi\u00e8re du Sporting (97 minutes de jeu au total, 0 but et 0 passe d\u00e9), ce pari certes low-cost a surpris de nombreux supporteurs.<\/p>\n<p>Mais apr\u00e8s les d\u00e9buts encourageants de Tyler Morton, <a href=\"https:\/\/www.20minutes.fr\/sport\/football\/ligue_europa\/4176418-20251003-ol-salzbourg-adam-karabec-alias-karabeckham-deja-tout-trouvaille-inesperee-moins-4-non\" class=\"c-link c-link--is-underlined\" rel=\"nofollow noopener\" target=\"_blank\">Adam Karabec<\/a>, <a href=\"https:\/\/www.20minutes.fr\/sport\/football\/ligue-1\/4174223-20250920-ol-angers-si-lyon-vainqueur-surprise-mercato-image-greif-satriano-decisifs-emblee\" class=\"c-link c-link--is-underlined\" rel=\"nofollow noopener\" target=\"_blank\">Dominik Greif<\/a>, et m\u00eame Pavel Sulc, un autre bon coup de la cellule de recrutement lyonnaise est en passe de prendre forme. Car Afonso Moreira s\u2019est mu\u00e9 en sauveur, <a href=\"https:\/\/www.20minutes.fr\/sport\/football\/ligue-1\/4180783-20251026-direct-ol-strasbourg-lyon-dos-mur-avant-defier-seduisant-racing-suivez-final-9e-journee-ligue-1\" class=\"c-link c-link--is-underlined\" rel=\"nofollow noopener\" target=\"_blank\">dimanche contre Strasbourg (2-1)<\/a>, pour offrir \u00e0 l\u2019OL (4e) son meilleur d\u00e9but de saison depuis 2012-2013 avec <a href=\"https:\/\/www.20minutes.fr\/sport\/remi_garde\/\" class=\"c-link c-link--is-underlined\" rel=\"nofollow noopener\" target=\"_blank\">R\u00e9mi Garde<\/a>.<\/p>\n<p>\u00ab\u00a0J\u2019ai vu la balle passer au-dessus de moi\u2026\u00a0\u00bb<\/p>\n<p>Alors que la bande \u00e0 Paulo Fonseca peinait \u00e0 se montrer dangereuse dans le money-time, bien qu\u2019en sup\u00e9riorit\u00e9 num\u00e9rique depuis la 68e minute de jeu, l\u2019hyperactif attaquant portugais a sign\u00e9 un num\u00e9ro d\u2019anthologie en plein temps additionnel. Apr\u00e8s s\u2019\u00eatre saisi d\u2019une transmission rapide de Moussa Niakhat\u00e9, Afonso Moreira a d\u00e9s\u00e9quilibr\u00e9 F\u00e9lix Lemar\u00e9chal d\u2019un joli crochet de l\u2019ext\u00e9rieur du pied, avant d\u2019exp\u00e9dier <a href=\"https:\/\/x.com\/Ligue1\/status\/1982583025499357369\" rel=\"nofollow\" target=\"_blank\" class=\"c-link c-link--is-underlined\">une frappe hallucinante<\/a>, hors de port\u00e9e du g\u00e9ant Mike Penders (2 m). Avec en bonus l\u2019iconique c\u00e9l\u00e9bration \u00ab\u00a0ninite\u00a0\u00bb ch\u00e8re \u00e0 <a href=\"https:\/\/www.20minutes.fr\/sport\/stephen-curry\/\" class=\"c-link c-link--is-underlined\" rel=\"nofollow noopener\" target=\"_blank\">Steph Curry<\/a>.<\/p>\n<p class=\"mb-xxl@xs color-ultramarine font-weight-semi-bold@xs font-source-serif-pro heading-s@xs\">L\u2019acc\u00e8s \u00e0 ce contenu a \u00e9t\u00e9 bloqu\u00e9 afin de respecter votre choix de consentement<\/p>\n<p class=\"mb-m@xs text-l@xs\">En cliquant sur\u00ab J\u2019accepte \u00bb, vous acceptez le d\u00e9p\u00f4t de cookies par des services externes et aurez ainsi acc\u00e8s aux contenus de nos partenaires.<\/p>\n<p class=\"mb-xl@xs text-s@xs\">Plus d\u2019informations sur la page<a href=\"https:\/\/www.20minutes.fr\/gestion-cookies\" class=\"mx-xxs@xs color-ultramarine\" rel=\"nofollow noopener\" target=\"_blank\">Politique de gestion des cookies<\/a><\/p>\n<p>J\u2019accepte<\/p>\n<p>Le capitaine Corentin Tolisso nous confie son amusante vision de cet \u00ab\u00a0exploit individuel\u00a0\u00bb de la 90e+1, qui a pu lancer le destin lyonnais d\u2019Afonso Moreira. \u00ab\u00a0J\u2019attendais un centre de la gauche pour essayer de marquer de la t\u00eate, indique-t-il. Et l\u00e0, j\u2019ai vu la balle passer au-dessus de moi et finir dans la lucarne, c\u2019est magnifique.\u00a0\u00bb D\u2019autant que le jeune joueur n\u00e9 \u00e0 Lamego \u00e9tait jusqu\u2019\u00e0 la semaine pass\u00e9e parti pour autant cirer le banc qu\u2019au Sporting, avec moins de 90 minutes de jeu cumul\u00e9es en 7 apparitions. Et puis <a href=\"https:\/\/www.youtube.com\/watch?v=063ym8x71p8\" rel=\"nofollow noopener\" target=\"_blank\" class=\"c-link c-link--is-underlined\">ce premier but<\/a> de sa carri\u00e8re professionnelle est arriv\u00e9, jeudi face au FC B\u00e2le en <a href=\"https:\/\/www.20minutes.fr\/sport\/ligue_europa\/\" class=\"c-link c-link--is-underlined\" rel=\"nofollow noopener\" target=\"_blank\">Ligue Europa<\/a> (2-0, 90e).<\/p>\n<p>Mais son habile coup de patte pour faire le break en transition n\u2019avait donc rien \u00e0 voir avec l\u2019euphorie +++ qui s\u2019est empar\u00e9e du Parc OL trois jours plus tard. C\u2019est simple, en plein tour d\u2019honneur des joueurs, le virage nord a massivement lanc\u00e9 un tout nouveau chant \u00ab\u00a0Afonso Moreira, Afonso Moreira\u00a0\u00bb pour l\u2019actuelle surprise du chef de l\u2019effectif. V\u00e9ritable pile \u00e9lectrique, l\u2019international Espoirs portugais s\u2019\u00e9tait aussi distingu\u00e9 sur ses premi\u00e8res entr\u00e9es par des choix brouillons.<\/p>\n<p>\u00ab\u00a0Quand tu ne triches pas, tu es r\u00e9compens\u00e9\u00a0\u00bb<\/p>\n<p>Alors la fluidit\u00e9 et la spontan\u00e9it\u00e9 de son missile du soir (premier but en Ligue 1) ont bluff\u00e9 tout un stade, et combl\u00e9 des co\u00e9quipiers d\u00e9j\u00e0 sinc\u00e8rement attach\u00e9s au personnage. \u00ab\u00a0Afonso lance vraiment sa carri\u00e8re maintenant, r\u00e9sume ainsi Moussa Niakhat\u00e9. Il travaille \u00e9norm\u00e9ment, il d\u00e9fend comme un fou, il ne l\u00e2che rien et il est r\u00e9compens\u00e9 de son travail.\u00a0\u00bb<\/p>\n<p>M\u00eame son de cloche du c\u00f4t\u00e9 de <a href=\"https:\/\/www.20minutes.fr\/sport\/corentin-tolisso\/\" class=\"c-link c-link--is-underlined\" rel=\"nofollow noopener\" target=\"_blank\">Corentin Tolisso<\/a>\u00a0: \u00ab\u00a0Je suis tr\u00e8s content pour Afonso. Il a peu de temps de jeu dans ce d\u00e9but de saison, mais \u00e0 chaque fois qu\u2019il rentre, il montre ses qualit\u00e9s. Au quotidien, c\u2019est un gar\u00e7on qui a un bon \u00e9tat d\u2019esprit et qui se donne toujours \u00e0 fond. Et voil\u00e0, quand tu ne triches pas, au bout d\u2019un moment tu es r\u00e9compens\u00e9. Et aujourd\u2019hui, il est plus que r\u00e9compens\u00e9\u00a0\u00bb.<\/p>\n<p>Son compatriote Paulo Fonseca sait d\u00e9sormais qu\u2019il peut pleinement l\u2019inclure dans la rotation offensive d\u2019un groupe en manque de buteurs en confiance, et peut-\u00eatre priv\u00e9 pour plusieurs matchs de Malick Fofana, qu\u2019Afonso Moreira a justement remplac\u00e9 sur blessure face \u00e0 Strasbourg. Durant ses 30 secondes de r\u00e9action au micro de Ligue 1+, le jeune ailier portugais aurait pu en faire des caisses sur son exploit du soir.<\/p>\n<\/p>\n<p>Plus qu\u2019un coup d\u2019un soir \u00e0 la Jonathan Rowe\u00a0?<\/p>\n<p>Mais non, il n\u2019avait qu\u2019une pens\u00e9e\u00a0: \u00ab\u00a0Je tiens \u00e0 d\u00e9dier ce but \u00e0 Malick. C\u2019est un joueur adorable, je l\u2019aime et je lui souhaite le meilleur. J\u2019esp\u00e8re qu\u2019il pourra jouer le prochain match\u00a0\u00bb. OK, l\u2019examen du co\u00e9quipier en or est pass\u00e9 haut la main, et cette r\u00e9action spontan\u00e9e a d\u00fb faire chaud au c\u0153ur de Malick Fofana, lorsqu\u2019il se coltinait durant la nuit des radios de sa cheville droite.<\/p>\n<p>D\u00e8s jeudi soir, l\u2019int\u00e9ress\u00e9 glissait avec beaucoup de lucidit\u00e9 et de respect\u00a0: \u00ab\u00a0C\u2019est une question de patience. Je suis jeune, je dois travailler et profiter des opportunit\u00e9s qu\u2019on me donne. Je suis derri\u00e8re Malick, qui est un crack, et avec qui j\u2019apprends tous les jours\u00a0\u00bb.<\/p>\n<p><a href=\"https:\/\/www.20minutes.fr\/sport\/ol\/\" class=\"c-link c-btn c-btn--primary\" rel=\"nofollow noopener\" target=\"_blank\">Notre dossier sur l&rsquo;OL<\/a><\/p>\n<p>On a officiellement envie de lui souhaiter de ne pas \u00eatre qu\u2019un \u00ab\u00a0one night hero\u00a0\u00bb \u00e0 la Jonathan Rowe, quasiment auteur du <a href=\"https:\/\/www.youtube.com\/shorts\/Akhri8nRNxY\" rel=\"nofollow noopener\" target=\"_blank\" class=\"c-link c-link--is-underlined\">m\u00eame coup de canon d\u00e9cisif<\/a> dans le temps additionnel, et dans le m\u00eame but, pour un bouillant Olympico OL-OM (2-3) un an plus t\u00f4t. Une nuit de r\u00eave sans r\u00e9elle confirmation en <a href=\"https:\/\/www.20minutes.fr\/sport\/ligue-1\/\" class=\"c-link c-link--is-underlined\" rel=\"nofollow noopener\" target=\"_blank\">Ligue 1<\/a> pour l\u2019Anglais, qui n\u2019avait d\u2019ailleurs jamais h\u00e9rit\u00e9 d\u2019un chant de la part du V\u00e9lodrome.<\/p>\n","protected":false},"excerpt":{"rendered":"Au Parc OL, L\u2019OL a-t-il r\u00e9ussi l\u2019exploit d\u2019attirer durant l\u2019\u00e9t\u00e9 un talent portugais \u00e0 un tarif quasi donn\u00e9\u00a0?&hellip;\n","protected":false},"author":2,"featured_media":492709,"comment_status":"","ping_status":"","sticky":false,"template":"","format":"standard","meta":{"footnotes":""},"categories":[2820],"tags":[1111,11,2389,2430,2649,4680,1777,674,63,1011,27,775,66,2428,12,2853,6996,4448,25,2429,2431,517,640],"class_list":{"0":"post-492708","1":"post","2":"type-post","3":"status-publish","4":"format-standard","5":"has-post-thumbnail","7":"category-strasbourg","8":"tag-actu","9":"tag-actualites","10":"tag-alsace","11":"tag-auvergne-rhone-alpes","12":"tag-bas-rhin","13":"tag-corentin-tolisso","14":"tag-eu","15":"tag-europe","16":"tag-football","17":"tag-fr","18":"tag-france","19":"tag-grand-est","20":"tag-ligue-1","21":"tag-lyon","22":"tag-news","23":"tag-olympique-lyonnais-ol","24":"tag-portugal","25":"tag-rc-strasbourg","26":"tag-republique-francaise","27":"tag-rhone","28":"tag-rhone-alpes","29":"tag-sport","30":"tag-strasbourg"},"share_on_mastodon":{"url":"https:\/\/pubeurope.com\/@fr\/115445072147506629","error":""},"_links":{"self":[{"href":"https:\/\/www.europesays.com\/fr\/wp-json\/wp\/v2\/posts\/492708","targetHints":{"allow":["GET"]}}],"collection":[{"href":"https:\/\/www.europesays.com\/fr\/wp-json\/wp\/v2\/posts"}],"about":[{"href":"https:\/\/www.europesays.com\/fr\/wp-json\/wp\/v2\/types\/post"}],"author":[{"embeddable":true,"href":"https:\/\/www.europesays.com\/fr\/wp-json\/wp\/v2\/users\/2"}],"replies":[{"embeddable":true,"href":"https:\/\/www.europesays.com\/fr\/wp-json\/wp\/v2\/comments?post=492708"}],"version-history":[{"count":0,"href":"https:\/\/www.europesays.com\/fr\/wp-json\/wp\/v2\/posts\/492708\/revisions"}],"wp:featuredmedia":[{"embeddable":true,"href":"https:\/\/www.europesays.com\/fr\/wp-json\/wp\/v2\/media\/492709"}],"wp:attachment":[{"href":"https:\/\/www.europesays.com\/fr\/wp-json\/wp\/v2\/media?parent=492708"}],"wp:term":[{"taxonomy":"category","embeddable":true,"href":"https:\/\/www.europesays.com\/fr\/wp-json\/wp\/v2\/categories?post=492708"},{"taxonomy":"post_tag","embeddable":true,"href":"https:\/\/www.europesays.com\/fr\/wp-json\/wp\/v2\/tags?post=492708"}],"curies":[{"name":"wp","href":"https:\/\/api.w.org\/{rel}","templated":true}]}}