{"id":492714,"date":"2025-10-27T08:02:20","date_gmt":"2025-10-27T08:02:20","guid":{"rendered":"https:\/\/www.europesays.com\/fr\/492714\/"},"modified":"2025-10-27T08:02:20","modified_gmt":"2025-10-27T08:02:20","slug":"des-fermetures-et-des-restrictions-sur-le-peripherique-de-nantes","status":"publish","type":"post","link":"https:\/\/www.europesays.com\/fr\/492714\/","title":{"rendered":"des fermetures et des restrictions sur le p\u00e9riph\u00e9rique de Nantes"},"content":{"rendered":"<p>            Par<br \/>\n        <strong><br \/>\n            <a href=\"https:\/\/actu.fr\/auteur\/redaction-nantes\" title=\"Consulter tous les articles de R\u00e9daction Nantes\" target=\"_blank\" rel=\"noopener\">R\u00e9daction Nantes<\/a><br \/>\n        <\/strong><\/p>\n<p>        Publi\u00e9 le<\/p>\n<p>            27 oct. 2025 \u00e0 7h40        <\/p>\n<p>La soci\u00e9t\u00e9 Cofiroute continue son intervention pour la r\u00e9novation de la chauss\u00e9e sur l\u2019autoroute A11. Des travaux sont pr\u00e9vus <strong>les nuits du lundi\u00a027 au vendredi 31\u00a0octobre 2025<\/strong>, entre Nantes et Ancenis. Des am\u00e9nagements se d\u00e9rouleront \u00e0 hauteur de la commune <a href=\"https:\/\/actu.fr\/pays-de-la-loire\/ancenis-saint-gereon_44003\" target=\"_blank\" rel=\"noopener\">d\u2019Ancenis<\/a>.<\/p>\n<p>Fermeture et restriction de vitesse<\/p>\n<p class=\" wall-content\">Dans un communiqu\u00e9 transmis \u00e0 la r\u00e9daction d\u2019actu Nantes, Bison Fut\u00e9 annonce plusieurs mesures sur le p\u00e9riph\u00e9rique nantais, les nuits du lundi\u00a027 au vendredi 31\u00a0octobre 2025, de <strong>20\u2009h \u00e0 5\u2009h\u200945<\/strong>\u2009:<\/p>\n<ul class=\" wall-content\">\n<li>basculement de chauss\u00e9e\u2009;<\/li>\n<li>vitesse limit\u00e9e \u00e0 90\u00a0km\/h\u2009;<\/li>\n<li>fermeture de l\u2019\u00e9changeur n\u00b022 sens Nantes\/Paris\u2009;<\/li>\n<li>fermeture de l\u2019\u00e9changeur n\u00b023 de Boisbonne dans les deux sens de circulation\u2009;<\/li>\n<li>fermeture de l\u2019A811 sens sud\/nord entre les \u00e9changeurs n\u00b023 et n\u00b022 Vieilleville.<\/li>\n<\/ul>\n<p class=\" wall-content\">Les fermetures des \u00e9changeurs seront accompagn\u00e9es de d\u00e9viation locale.<\/p>\n<p class=\" wall-content\">\u00ab\u2009Pour leur s\u00e9curit\u00e9 et celle des intervenants, les usagers sont invit\u00e9s \u00e0 faire preuve de prudence et suivre les consignes des gestionnaires routiers\u2009\u00bb, rappelle Bison Fut\u00e9.<\/p>\n<p class=\" wall-content\">Personnalisez votre actualit\u00e9 en ajoutant vos villes et m\u00e9dias en favori avec <a href=\"https:\/\/moncompte.actu.fr\" title=\"D\u00e9couvez Mon Actu\" rel=\"nofollow noopener\" data-trk=\"{&quot;cta&quot;:{&quot;action&quot;:&quot;https:\\\/\\\/moncompte.actu.fr&quot;,&quot;category&quot;:&quot;mon compte&quot;,&quot;from&quot;:&quot;article footer&quot;,&quot;name&quot;:&quot;Mon actu&quot;,&quot;type&quot;:&quot;cta&quot;}}\" target=\"_blank\">Mon Actu<\/a>.<\/p>\n","protected":false},"excerpt":{"rendered":"Par R\u00e9daction Nantes Publi\u00e9 le 27 oct. 2025 \u00e0 7h40 La soci\u00e9t\u00e9 Cofiroute continue son intervention pour la&hellip;\n","protected":false},"author":2,"featured_media":389580,"comment_status":"","ping_status":"","sticky":false,"template":"","format":"standard","meta":{"footnotes":""},"categories":[2818],"tags":[1111,11,1777,674,1011,27,766,12,2636,4013,25,104,2086],"class_list":{"0":"post-492714","1":"post","2":"type-post","3":"status-publish","4":"format-standard","5":"has-post-thumbnail","7":"category-nantes","8":"tag-actu","9":"tag-actualites","10":"tag-eu","11":"tag-europe","12":"tag-fr","13":"tag-france","14":"tag-nantes","15":"tag-news","16":"tag-pays-de-la-loire","17":"tag-peripherique","18":"tag-republique-francaise","19":"tag-societe","20":"tag-travaux"},"share_on_mastodon":{"url":"https:\/\/pubeurope.com\/@fr\/115445087894060824","error":""},"_links":{"self":[{"href":"https:\/\/www.europesays.com\/fr\/wp-json\/wp\/v2\/posts\/492714","targetHints":{"allow":["GET"]}}],"collection":[{"href":"https:\/\/www.europesays.com\/fr\/wp-json\/wp\/v2\/posts"}],"about":[{"href":"https:\/\/www.europesays.com\/fr\/wp-json\/wp\/v2\/types\/post"}],"author":[{"embeddable":true,"href":"https:\/\/www.europesays.com\/fr\/wp-json\/wp\/v2\/users\/2"}],"replies":[{"embeddable":true,"href":"https:\/\/www.europesays.com\/fr\/wp-json\/wp\/v2\/comments?post=492714"}],"version-history":[{"count":0,"href":"https:\/\/www.europesays.com\/fr\/wp-json\/wp\/v2\/posts\/492714\/revisions"}],"wp:featuredmedia":[{"embeddable":true,"href":"https:\/\/www.europesays.com\/fr\/wp-json\/wp\/v2\/media\/389580"}],"wp:attachment":[{"href":"https:\/\/www.europesays.com\/fr\/wp-json\/wp\/v2\/media?parent=492714"}],"wp:term":[{"taxonomy":"category","embeddable":true,"href":"https:\/\/www.europesays.com\/fr\/wp-json\/wp\/v2\/categories?post=492714"},{"taxonomy":"post_tag","embeddable":true,"href":"https:\/\/www.europesays.com\/fr\/wp-json\/wp\/v2\/tags?post=492714"}],"curies":[{"name":"wp","href":"https:\/\/api.w.org\/{rel}","templated":true}]}}