{"id":492727,"date":"2025-10-27T08:10:36","date_gmt":"2025-10-27T08:10:36","guid":{"rendered":"https:\/\/www.europesays.com\/fr\/492727\/"},"modified":"2025-10-27T08:10:36","modified_gmt":"2025-10-27T08:10:36","slug":"en-compagnie-des-tiers-lieux-actualites","status":"publish","type":"post","link":"https:\/\/www.europesays.com\/fr\/492727\/","title":{"rendered":"En compagnie des tiers-lieux \/ Actualit\u00e9s"},"content":{"rendered":"<p>Organis\u00e9 par <strong>La Compagnie des tiers-lieux<\/strong> &#8211; le r\u00e9seau r\u00e9gional des tiers-lieux -, ce rendez-vous rassemblera <strong>plus de 40 intervenants<\/strong> (acteurs de l\u2019\u00e9conomie sociale et solidaire, \u00e9lus, citoyens engag\u00e9s).\u00a0<\/p>\n<p><strong>Au programme<\/strong>\u00a0: des conf\u00e9rences, des tables-rondes, des formats participatifs innovants (\u00ab\u00a0bocal \u00e0 poissons\u00a0\u00bb, forum ouvert, plateau radio en direct), des parcours-d\u00e9couvertes de tiers-lieux dans la m\u00e9tropole.<\/p>\n<p>Deux journ\u00e9es d\u2019\u00e9changes pour confronter les points de vue et donner \u00e0 voir des initiatives.<\/p>\n<p>\u00c0 cette occasion, un partenariat a \u00e9t\u00e9 mis en place avec le lyc\u00e9e h\u00f4telier international, Chaud Bouillon et la brasserie Fives Cail, eux aussi install\u00e9s dans cet ancien quartier industriel.<\/p>\n<p><strong>Qu\u2019est-ce qu\u2019un tiers-lieu\u00a0?<\/strong><\/p>\n<p>C\u2019est un espace physique pour faire ensemble\u00a0: coworking, campus connect\u00e9, atelier partag\u00e9, fablab, garage solidaire, etc.<\/p>\n<p>Le tiers-lieu est un nouveau lieu du lien social, de l\u2019\u00e9mancipation et des initiatives collectives. Chaque lieu a sa sp\u00e9cificit\u00e9, son fonctionnement, son mode de financement, sa communaut\u00e9. Mais tous permettent les rencontres, les interactions sociales, favorisent la cr\u00e9ativit\u00e9 et les projets collectifs. En r\u00e9sum\u00e9, dans un tiers-lieu, on cr\u00e9e, on forme, on apprend, on fait ensemble, on fabrique, on cr\u00e9e du lien social.<\/p>\n<p><strong>\u00c0 propos de la Compagnie des tiers-lieux<\/strong><\/p>\n<p>La Compagnie des tiers-lieux est le r\u00e9seau des 200 tiers-lieux des Hauts-de-France.\u00a0<\/p>\n<p>Chaque ann\u00e9e, son \u00e9v\u00e9nement phare rassemble les acteurs de l\u2019\u00e9conomie sociale et solidaire, les collectivit\u00e9s et les citoyens engag\u00e9s autour des enjeux de la transition territoriale.<\/p>\n<p>. Rendez-vous les 6 et 7 novembre. <strong>Entr\u00e9e gratuite mais inscription pr\u00e9alable<\/strong> sur\u00a0<a href=\"https:\/\/compagnie.tiers-lieux.org\/\" target=\"_self\" class=\"lien_interne\" rel=\"noopener\">https:\/\/compagnie.tiers-lieux.org<\/a>\u00a0Retrouvez \u00e9galement sur ce site la programmation des deux jours.\u00a0<\/p>\n<p>\u00a0<\/p>\n<p><strong>\u00a0<\/strong><\/p>\n","protected":false},"excerpt":{"rendered":"Organis\u00e9 par La Compagnie des tiers-lieux &#8211; le r\u00e9seau r\u00e9gional des tiers-lieux -, ce rendez-vous rassemblera plus de&hellip;\n","protected":false},"author":2,"featured_media":492728,"comment_status":"","ping_status":"","sticky":false,"template":"","format":"standard","meta":{"footnotes":""},"categories":[2815],"tags":[1111,11,4763,1777,674,1011,27,811,1307,5415,12,25],"class_list":{"0":"post-492727","1":"post","2":"type-post","3":"status-publish","4":"format-standard","5":"has-post-thumbnail","7":"category-lille","8":"tag-actu","9":"tag-actualites","10":"tag-agenda","11":"tag-eu","12":"tag-europe","13":"tag-fr","14":"tag-france","15":"tag-hauts-de-france","16":"tag-lille","17":"tag-mairie","18":"tag-news","19":"tag-republique-francaise"},"share_on_mastodon":{"url":"https:\/\/pubeurope.com\/@fr\/115445119350910850","error":""},"_links":{"self":[{"href":"https:\/\/www.europesays.com\/fr\/wp-json\/wp\/v2\/posts\/492727","targetHints":{"allow":["GET"]}}],"collection":[{"href":"https:\/\/www.europesays.com\/fr\/wp-json\/wp\/v2\/posts"}],"about":[{"href":"https:\/\/www.europesays.com\/fr\/wp-json\/wp\/v2\/types\/post"}],"author":[{"embeddable":true,"href":"https:\/\/www.europesays.com\/fr\/wp-json\/wp\/v2\/users\/2"}],"replies":[{"embeddable":true,"href":"https:\/\/www.europesays.com\/fr\/wp-json\/wp\/v2\/comments?post=492727"}],"version-history":[{"count":0,"href":"https:\/\/www.europesays.com\/fr\/wp-json\/wp\/v2\/posts\/492727\/revisions"}],"wp:featuredmedia":[{"embeddable":true,"href":"https:\/\/www.europesays.com\/fr\/wp-json\/wp\/v2\/media\/492728"}],"wp:attachment":[{"href":"https:\/\/www.europesays.com\/fr\/wp-json\/wp\/v2\/media?parent=492727"}],"wp:term":[{"taxonomy":"category","embeddable":true,"href":"https:\/\/www.europesays.com\/fr\/wp-json\/wp\/v2\/categories?post=492727"},{"taxonomy":"post_tag","embeddable":true,"href":"https:\/\/www.europesays.com\/fr\/wp-json\/wp\/v2\/tags?post=492727"}],"curies":[{"name":"wp","href":"https:\/\/api.w.org\/{rel}","templated":true}]}}