{"id":492729,"date":"2025-10-27T08:11:11","date_gmt":"2025-10-27T08:11:11","guid":{"rendered":"https:\/\/www.europesays.com\/fr\/492729\/"},"modified":"2025-10-27T08:11:11","modified_gmt":"2025-10-27T08:11:11","slug":"la-marseillaise-des-femmes-rose-premiere-edition","status":"publish","type":"post","link":"https:\/\/www.europesays.com\/fr\/492729\/","title":{"rendered":"La Marseillaise des femmes Rose, premi\u00e8re \u00e9dition"},"content":{"rendered":"\n<p>La Marseillaise des femmes est une course bien connue dans la cit\u00e9 phoc\u00e9enne. Cette derni\u00e8re a regroup\u00e9 plus de 10\u00a0000 participants lors de sa 15e \u00e9dition, cette ann\u00e9e. L\u2019\u00e9v\u00e9nement est organis\u00e9e par le club des Marseillaises, qui a souhait\u00e9 se diversifier avec une nouvelle date \u00e0 son calendrier. Ce samedi, dans le luxueux h\u00f4tel Villa M (8e), le club invitait toutes celles et ceux qui souhaitaient venir \u00e0 cet \u00ab\u00a0entra\u00eenement sportif et musical\u00a0\u00bb. De la gym su\u00e9doise pour \u00eatre pr\u00e9cis. La premi\u00e8re Marseillaise des femmes Rose est n\u00e9e, avec quatre mots mis en avant\u00a0: sport, bien-\u00eatre, solidarit\u00e9 et fun.<\/p>\n<p>Christine Rollais est la pr\u00e9sidente du club des Marseillaises. Elle raconte comment est n\u00e9e la manifestation du jour. \u00ab\u00a0Nous sommes un club cool et f\u00e9minin qui se r\u00e9unit tous les samedis matin. Avec le succ\u00e8s grandissant de la Marseillaise des femmes, il y avait l\u2019envie de se diversifier. Nous sommes un peu plus l\u00e9gitimes et nous pouvons faire plus qu\u2019un rendez-vous par an.\u00a0\u00bb Cette nouvelle course s\u2019est r\u00e9alis\u00e9 en lien avec Octobre rose, avec un double objectif. Faire du sport et avoir un moment avec des associations pour parler du cancer et sp\u00e9cialement celui du sein. \u00ab\u00a0Nous voulions commencer avec Octobre rose par cet entra\u00eenement de gym su\u00e9doise, mais aussi pour mettre en place un lieu d\u2019\u00e9change avec des associations. \u00e7a permet de mettre en relation et de r\u00e9pondre \u00e0 certaines questions que l\u2019on ne se pose pas forc\u00e9ment\u00a0\u00bb, d\u00e9taille Christine Rollais.<\/p>\n<p> Un \u00e9v\u00e9nement qui pourrait en appeler d\u2019autres\n              <\/p>\n<p>Quinze associations \u00e9taient pr\u00e9sentes sur place pour informer une foule d\u2019une bonne centaine de personnes, compos\u00e9e \u00e0 plus de 95% de femmes. L\u2019une des salles d\u2019accueil de l\u2019h\u00f4tel Villa M s\u2019est donc rapidement transform\u00e9e en cours grandeur nature. Deux coaches \u00e9taient pr\u00e9sentes sur une petite sc\u00e8ne et montraient les mouvements \u00e0 cette foule essentiellement v\u00eatues de rose.<\/p>\n<p>Pr\u00e8s d\u2019une heure de sport s\u2019est ainsi d\u00e9roul\u00e9, avant la partie \u00e9change avec les associations et ravitaillement apr\u00e8s s\u2019\u00eatre bien d\u00e9pens\u00e9. Le club des Marseillaises souhaite p\u00e9renniser ce rendez-vous et possiblement en cr\u00e9er de nouveau, d\u2019apr\u00e8s sa pr\u00e9sidente. \u00ab\u00a0Nous souhaiterions faire d\u2019autres \u00e9v\u00e9nements aussi forts, toujours sur notre principal sujet, le sport-sant\u00e9. \u00bb Un regroupement dont la Ville de Marseille \u00e9tait partenaire, avec la pr\u00e9sence de la premi\u00e8re adjointe au maire, Mich\u00e8le Rubirola.<\/p>\n","protected":false},"excerpt":{"rendered":"La Marseillaise des femmes est une course bien connue dans la cit\u00e9 phoc\u00e9enne. Cette derni\u00e8re a regroup\u00e9 plus&hellip;\n","protected":false},"author":2,"featured_media":492730,"comment_status":"","ping_status":"","sticky":false,"template":"","format":"standard","meta":{"footnotes":""},"categories":[2814],"tags":[1111,11,1777,674,1011,27,884,12,45406,882,25],"class_list":{"0":"post-492729","1":"post","2":"type-post","3":"status-publish","4":"format-standard","5":"has-post-thumbnail","7":"category-marseille","8":"tag-actu","9":"tag-actualites","10":"tag-eu","11":"tag-europe","12":"tag-fr","13":"tag-france","14":"tag-marseille","15":"tag-news","16":"tag-pierre-gorce","17":"tag-provence-alpes-cote-dazur","18":"tag-republique-francaise"},"share_on_mastodon":{"url":"https:\/\/pubeurope.com\/@fr\/115445123301567326","error":""},"_links":{"self":[{"href":"https:\/\/www.europesays.com\/fr\/wp-json\/wp\/v2\/posts\/492729","targetHints":{"allow":["GET"]}}],"collection":[{"href":"https:\/\/www.europesays.com\/fr\/wp-json\/wp\/v2\/posts"}],"about":[{"href":"https:\/\/www.europesays.com\/fr\/wp-json\/wp\/v2\/types\/post"}],"author":[{"embeddable":true,"href":"https:\/\/www.europesays.com\/fr\/wp-json\/wp\/v2\/users\/2"}],"replies":[{"embeddable":true,"href":"https:\/\/www.europesays.com\/fr\/wp-json\/wp\/v2\/comments?post=492729"}],"version-history":[{"count":0,"href":"https:\/\/www.europesays.com\/fr\/wp-json\/wp\/v2\/posts\/492729\/revisions"}],"wp:featuredmedia":[{"embeddable":true,"href":"https:\/\/www.europesays.com\/fr\/wp-json\/wp\/v2\/media\/492730"}],"wp:attachment":[{"href":"https:\/\/www.europesays.com\/fr\/wp-json\/wp\/v2\/media?parent=492729"}],"wp:term":[{"taxonomy":"category","embeddable":true,"href":"https:\/\/www.europesays.com\/fr\/wp-json\/wp\/v2\/categories?post=492729"},{"taxonomy":"post_tag","embeddable":true,"href":"https:\/\/www.europesays.com\/fr\/wp-json\/wp\/v2\/tags?post=492729"}],"curies":[{"name":"wp","href":"https:\/\/api.w.org\/{rel}","templated":true}]}}