{"id":492731,"date":"2025-10-27T08:12:11","date_gmt":"2025-10-27T08:12:11","guid":{"rendered":"https:\/\/www.europesays.com\/fr\/492731\/"},"modified":"2025-10-27T08:12:11","modified_gmt":"2025-10-27T08:12:11","slug":"deux-fees-comiques-se-passent-le-relais-a-marseille","status":"publish","type":"post","link":"https:\/\/www.europesays.com\/fr\/492731\/","title":{"rendered":"Deux f\u00e9es comiques se passent le relais \u00e0 Marseille"},"content":{"rendered":"\n<p>Tandis que les notes de New York New York, standard jazz popularis\u00e9 par Liza Minnelli commencent \u00e0 r\u00e9sonner, une dame rousse bien appr\u00eat\u00e9e appara\u00eet sur la sc\u00e8ne du Badaboum Th\u00e9\u00e2tre. Des r\u00eaves de music-hall plein la t\u00eate, cette f\u00e9e va bient\u00f4t prendre sa retraite et doit passer le relais \u00e0 une autre. Bien plus jeune qu\u2019elle, mais alors beaucoup moins d\u00e9gourdie. Telle est l\u2019intrigue d\u2019Un conte de f\u00e9es, qui se joue du lundi 27\u00a0octobre au samedi 8 novembre sur cette sc\u00e8ne enfance et jeunesse situ\u00e9e sur le Vieux-Port, Quai de Rive neuve.<\/p>\n<p> Dr\u00f4le de duo\n              <\/p>\n<p>\u00c9crit et mis en sc\u00e8ne par Geoffrey Coppini, ce spectacle puise ses ressorts comiques dans la passation de pouvoirs atypiques des deux f\u00e9es. Interpr\u00e9t\u00e9e par Jocelyne Monier, l\u2019une, est la plus vieille f\u00e9e du monde. Et elle doit former l\u2019autre, incarn\u00e9e par Joseph Colonna. \u00ab\u00a0Une f\u00e9e est un \u00eatre dou\u00e9 de pouvoirs surnaturels. Ici, elle est jou\u00e9e par un com\u00e9dien. Les f\u00e9es n\u2019ont pas de sexe\u00a0\u00bb, cadre Geoffrey Coppini, \u00e0 l\u2019origine d\u2019une m\u00e9canique bien huil\u00e9e o\u00f9 deux cr\u00e9atures, dr\u00f4les en diable, se tirent la bourre et se heurtent \u00e0 une incompr\u00e9hension mutuelle. Pour le bonheur des enfants. Selon le metteur en sc\u00e8ne, \u00ab\u00a0les enfants ne voient pas un travesti. Pour eux, c\u2019est la dr\u00f4lerie du clown qui sera devant leurs yeux. Je travestis un acteur homme pour amener un d\u00e9calage et montrer aux enfants qu\u2019un com\u00e9dien peut autant jouer un homme qu\u2019une femme, et vice-versa\u00a0\u00bb.<\/p>\n","protected":false},"excerpt":{"rendered":"Tandis que les notes de New York New York, standard jazz popularis\u00e9 par Liza Minnelli commencent \u00e0 r\u00e9sonner,&hellip;\n","protected":false},"author":2,"featured_media":492732,"comment_status":"","ping_status":"","sticky":false,"template":"","format":"standard","meta":{"footnotes":""},"categories":[2814],"tags":[1111,11,1777,674,1011,27,884,12,882,25,8441],"class_list":{"0":"post-492731","1":"post","2":"type-post","3":"status-publish","4":"format-standard","5":"has-post-thumbnail","7":"category-marseille","8":"tag-actu","9":"tag-actualites","10":"tag-eu","11":"tag-europe","12":"tag-fr","13":"tag-france","14":"tag-marseille","15":"tag-news","16":"tag-provence-alpes-cote-dazur","17":"tag-republique-francaise","18":"tag-spectacle-vivant"},"share_on_mastodon":{"url":"https:\/\/pubeurope.com\/@fr\/115445127253172076","error":""},"_links":{"self":[{"href":"https:\/\/www.europesays.com\/fr\/wp-json\/wp\/v2\/posts\/492731","targetHints":{"allow":["GET"]}}],"collection":[{"href":"https:\/\/www.europesays.com\/fr\/wp-json\/wp\/v2\/posts"}],"about":[{"href":"https:\/\/www.europesays.com\/fr\/wp-json\/wp\/v2\/types\/post"}],"author":[{"embeddable":true,"href":"https:\/\/www.europesays.com\/fr\/wp-json\/wp\/v2\/users\/2"}],"replies":[{"embeddable":true,"href":"https:\/\/www.europesays.com\/fr\/wp-json\/wp\/v2\/comments?post=492731"}],"version-history":[{"count":0,"href":"https:\/\/www.europesays.com\/fr\/wp-json\/wp\/v2\/posts\/492731\/revisions"}],"wp:featuredmedia":[{"embeddable":true,"href":"https:\/\/www.europesays.com\/fr\/wp-json\/wp\/v2\/media\/492732"}],"wp:attachment":[{"href":"https:\/\/www.europesays.com\/fr\/wp-json\/wp\/v2\/media?parent=492731"}],"wp:term":[{"taxonomy":"category","embeddable":true,"href":"https:\/\/www.europesays.com\/fr\/wp-json\/wp\/v2\/categories?post=492731"},{"taxonomy":"post_tag","embeddable":true,"href":"https:\/\/www.europesays.com\/fr\/wp-json\/wp\/v2\/tags?post=492731"}],"curies":[{"name":"wp","href":"https:\/\/api.w.org\/{rel}","templated":true}]}}