{"id":492734,"date":"2025-10-27T08:14:14","date_gmt":"2025-10-27T08:14:14","guid":{"rendered":"https:\/\/www.europesays.com\/fr\/492734\/"},"modified":"2025-10-27T08:14:14","modified_gmt":"2025-10-27T08:14:14","slug":"acte-de-vandalisme-entre-lyon-et-avignon-un-retour-a-la-normale-envisage-ce-mardi-selon-la-sncf","status":"publish","type":"post","link":"https:\/\/www.europesays.com\/fr\/492734\/","title":{"rendered":"Acte de vandalisme entre Lyon et Avignon\u00a0: un retour \u00e0 la normale \u00ab\u00a0envisag\u00e9\u00a0\u00bb ce mardi selon la SNCF"},"content":{"rendered":"<p>Le trafic des trains \u00e0 grande vitesse dans le Sud-Est de la France, fortement perturb\u00e9 depuis 6 h ce lundi 27 octobre apr\u00e8s un acte de vandalisme entre Lyon et Avignon, ne devrait revenir \u00e0 la normale que mardi, selon la SNCF.<\/p>\n<p>La ligne Paris-Lyon \u00e9pargn\u00e9e<\/p>\n<p>\u00ab La reprise des circulations normales est envisag\u00e9e mardi 28 octobre \u00bb au \u00ab matin \u00bb, pr\u00e9cise la compagnie ferroviaire sur son site internet, alors que de nombreux TGV entre Paris et Marseille, Montpellier ou Nice, sont d\u2019ores et d\u00e9j\u00e0 supprim\u00e9s. En revanche, les perturbations ne concernent pas la ligne entre Paris et Lyon.<\/p>\n","protected":false},"excerpt":{"rendered":"Le trafic des trains \u00e0 grande vitesse dans le Sud-Est de la France, fortement perturb\u00e9 depuis 6 h&hellip;\n","protected":false},"author":2,"featured_media":492735,"comment_status":"","ping_status":"","sticky":false,"template":"","format":"standard","meta":{"footnotes":""},"categories":[1889],"tags":[1111,11,2430,765,1777,674,1011,27,2428,12,25,2215,2214],"class_list":{"0":"post-492734","1":"post","2":"type-post","3":"status-publish","4":"format-standard","5":"has-post-thumbnail","7":"category-lyon","8":"tag-actu","9":"tag-actualites","10":"tag-auvergne-rhone-alpes","11":"tag-en-continu","12":"tag-eu","13":"tag-europe","14":"tag-fr","15":"tag-france","16":"tag-lyon","17":"tag-news","18":"tag-republique-francaise","19":"tag-sncf","20":"tag-tgv"},"share_on_mastodon":{"url":"https:\/\/pubeurope.com\/@fr\/115445135013046555","error":""},"_links":{"self":[{"href":"https:\/\/www.europesays.com\/fr\/wp-json\/wp\/v2\/posts\/492734","targetHints":{"allow":["GET"]}}],"collection":[{"href":"https:\/\/www.europesays.com\/fr\/wp-json\/wp\/v2\/posts"}],"about":[{"href":"https:\/\/www.europesays.com\/fr\/wp-json\/wp\/v2\/types\/post"}],"author":[{"embeddable":true,"href":"https:\/\/www.europesays.com\/fr\/wp-json\/wp\/v2\/users\/2"}],"replies":[{"embeddable":true,"href":"https:\/\/www.europesays.com\/fr\/wp-json\/wp\/v2\/comments?post=492734"}],"version-history":[{"count":0,"href":"https:\/\/www.europesays.com\/fr\/wp-json\/wp\/v2\/posts\/492734\/revisions"}],"wp:featuredmedia":[{"embeddable":true,"href":"https:\/\/www.europesays.com\/fr\/wp-json\/wp\/v2\/media\/492735"}],"wp:attachment":[{"href":"https:\/\/www.europesays.com\/fr\/wp-json\/wp\/v2\/media?parent=492734"}],"wp:term":[{"taxonomy":"category","embeddable":true,"href":"https:\/\/www.europesays.com\/fr\/wp-json\/wp\/v2\/categories?post=492734"},{"taxonomy":"post_tag","embeddable":true,"href":"https:\/\/www.europesays.com\/fr\/wp-json\/wp\/v2\/tags?post=492734"}],"curies":[{"name":"wp","href":"https:\/\/api.w.org\/{rel}","templated":true}]}}