{"id":492740,"date":"2025-10-27T08:18:14","date_gmt":"2025-10-27T08:18:14","guid":{"rendered":"https:\/\/www.europesays.com\/fr\/492740\/"},"modified":"2025-10-27T08:18:14","modified_gmt":"2025-10-27T08:18:14","slug":"pourquoi-ce-couple-a-t-il-pu-se-marier-dans-la-cathedrale-notre-dame-de-paris-alors-que-cela-est-desormais-interdit","status":"publish","type":"post","link":"https:\/\/www.europesays.com\/fr\/492740\/","title":{"rendered":"Pourquoi ce couple a-t-il pu se marier dans la cath\u00e9drale Notre-Dame de Paris alors que cela est d\u00e9sormais interdit\u00a0?"},"content":{"rendered":"<p class=\"text-left ap-StoryElement ap-StoryElement--mb ap-StoryText\">Il n&rsquo;est d\u00e9sormais plus possible pour les couples de se marier \u00e0 Notre-Dame de Paris. Pourtant, ce samedi, Jade et Martin Lorentz ont v\u00e9cu \u00ab\u00a0le plus beau jour de leur vie\u00a0\u00bb au c\u0153ur de ce monument mythique. S&rsquo;ils ont re\u00e7u cette autorisation exceptionnelle, c&rsquo;est parce que le mari\u00e9 est charpentier et a \u0153uvr\u00e9 \u00e0 la reconstruction de la cath\u00e9drale apr\u00e8s l&rsquo;incendie de 2019. Selon le <a href=\"https:\/\/www.huffingtonpost.fr\/france\/article\/notre-dame-de-paris-a-exceptionnellement-accueilli-le-mariage-d-un-jeune-couple-voici-pourquoi_256426.html\" target=\"_blank\" rel=\"nofollow noopener\">Huffingtonpost<\/a>, c&rsquo;est Monseigneur Ulrich qui leur a donn\u00e9 son feu vert.<\/p>\n<p><a href=\"https:\/\/www.lalibre.be\/international\/europe\/2025\/09\/21\/les-tours-de-notre-dame-a-nouveau-accessibles-au-public-GKMZQPGOTZFO3HOS3K6P7UZ2ZE\/\" target=\"_blank\" rel=\"noopener noreferrer nofollow\" class=\"ap-StoryInterstitialLink ap-StoryElement ap-StoryElement--mb\">Les tours de Notre-Dame \u00e0 nouveau accessibles au public<\/a><\/p>\n<p class=\"text-left ap-StoryElement ap-StoryElement--mb ap-StoryText\">La c\u00e9r\u00e9monie a ainsi \u00e9t\u00e9 c\u00e9l\u00e9br\u00e9e par le recteur de <a href=\"https:\/\/www.lalibre.be\/international\/europe\/2025\/09\/21\/les-tours-de-notre-dame-a-nouveau-accessibles-au-public-GKMZQPGOTZFO3HOS3K6P7UZ2ZE\/\" target=\"_self\" rel=\"nofollow noopener\">Notre-Dame<\/a>, Monseigneur Ribadeau : \u00ab\u00a0Jade et Martin, soyez les bienvenus dans cette cath\u00e9drale. Martin, tu la connais bien, tu la connais de haut\u00a0\u00bb. En tout, 500 personnes y \u00e9taient convi\u00e9es. Parmi elles, beaucoup de charpentiers, certains venus avec leur hache. Martin Lorentz s&rsquo;est exprim\u00e9 au micro de France 2 : \u00ab\u00a0J&rsquo;avais envie de partager mon amour [\u2026] avec le monde entier, avec tous ceux qui en ont besoin. J&rsquo;ai juste envie de dire que c&rsquo;est le plus beau jour de ma vie. Je crois que je ne peux pas dire autre chose.\u00a0\u00bb<\/p>\n","protected":false},"excerpt":{"rendered":"Il n&rsquo;est d\u00e9sormais plus possible pour les couples de se marier \u00e0 Notre-Dame de Paris. Pourtant, ce samedi,&hellip;\n","protected":false},"author":2,"featured_media":492741,"comment_status":"","ping_status":"","sticky":false,"template":"","format":"standard","meta":{"footnotes":""},"categories":[1888],"tags":[1111,1928,11,1927,1777,674,1011,27,1227,11043,12,1926,626,1925,25],"class_list":{"0":"post-492740","1":"post","2":"type-post","3":"status-publish","4":"format-standard","5":"has-post-thumbnail","7":"category-paris","8":"tag-actu","9":"tag-actu-paris","10":"tag-actualites","11":"tag-actualites-paris","12":"tag-eu","13":"tag-europe","14":"tag-fr","15":"tag-france","16":"tag-horizontal","17":"tag-illustration","18":"tag-news","19":"tag-news-paris","20":"tag-paris","21":"tag-paris-news","22":"tag-republique-francaise"},"share_on_mastodon":{"url":"https:\/\/pubeurope.com\/@fr\/115445150884838334","error":""},"_links":{"self":[{"href":"https:\/\/www.europesays.com\/fr\/wp-json\/wp\/v2\/posts\/492740","targetHints":{"allow":["GET"]}}],"collection":[{"href":"https:\/\/www.europesays.com\/fr\/wp-json\/wp\/v2\/posts"}],"about":[{"href":"https:\/\/www.europesays.com\/fr\/wp-json\/wp\/v2\/types\/post"}],"author":[{"embeddable":true,"href":"https:\/\/www.europesays.com\/fr\/wp-json\/wp\/v2\/users\/2"}],"replies":[{"embeddable":true,"href":"https:\/\/www.europesays.com\/fr\/wp-json\/wp\/v2\/comments?post=492740"}],"version-history":[{"count":0,"href":"https:\/\/www.europesays.com\/fr\/wp-json\/wp\/v2\/posts\/492740\/revisions"}],"wp:featuredmedia":[{"embeddable":true,"href":"https:\/\/www.europesays.com\/fr\/wp-json\/wp\/v2\/media\/492741"}],"wp:attachment":[{"href":"https:\/\/www.europesays.com\/fr\/wp-json\/wp\/v2\/media?parent=492740"}],"wp:term":[{"taxonomy":"category","embeddable":true,"href":"https:\/\/www.europesays.com\/fr\/wp-json\/wp\/v2\/categories?post=492740"},{"taxonomy":"post_tag","embeddable":true,"href":"https:\/\/www.europesays.com\/fr\/wp-json\/wp\/v2\/tags?post=492740"}],"curies":[{"name":"wp","href":"https:\/\/api.w.org\/{rel}","templated":true}]}}