{"id":492742,"date":"2025-10-27T08:19:11","date_gmt":"2025-10-27T08:19:11","guid":{"rendered":"https:\/\/www.europesays.com\/fr\/492742\/"},"modified":"2025-10-27T08:19:11","modified_gmt":"2025-10-27T08:19:11","slug":"decathlon-sallie-a-lensad-pour-lexposition-surface-de-reparation-aux-magasins-generaux","status":"publish","type":"post","link":"https:\/\/www.europesays.com\/fr\/492742\/","title":{"rendered":"D\u00e9cathlon s\u2019allie \u00e0 l\u2019ENSAD pour l\u2019exposition \u00ab\u00a0Surface de R\u00e9paration\u00a0\u00bb aux Magasins G\u00e9n\u00e9raux"},"content":{"rendered":"<p>\n                                    <b>Publi\u00e9 le<\/b><br \/>\n                                    <\/p>\n<p>                                        27 octobre 2025<\/p>\n<p class=\"article-content col-md-8 offset-md-1\">\n                                Les Magasins G\u00e9n\u00e9raux \u00e0 Pantin deviendront le lieu d\u2019une rencontre unique entre sport, design et durabilit\u00e9 avec l\u2019exposition \u201cSurface de R\u00e9paration\u201d, qui se d\u00e9roulera du 5 au 16 novembre 2025. Port\u00e9e par D\u00e9cathlon et l\u2019\u00c9cole nationale sup\u00e9rieure des Arts D\u00e9coratifs (ENSAD \u2013 PSL), cette exposition met en lumi\u00e8re les r\u00e9sultats d\u2019un travail commun men\u00e9 dans le cadre de la chaire \u00c9codesign &amp; Cr\u00e9ation, un programme lanc\u00e9 en 2022 pour imaginer le futur des objets responsables.<\/p>\n<p><img decoding=\"async\" class=\"news-image\" style=\"width:100%;max-width:645px;\" src=\"https:\/\/www.europesays.com\/fr\/wp-content\/uploads\/2025\/10\/949d.jpeg\" alt=\"\" loading=\"lazy\"\/> DR<\/p>\n<p class=\"col-md-8 offset-md-1 article-content--texte\">Fond\u00e9 en 1976, D\u00e9cathlon, marque mondiale connue pour ses innovations sportives accessibles \u00e0 tous, cherche \u00e0 rendre la pratique du sport plus durable. En collaborant avec les \u00e9tudiants et enseignants de l\u2019ENSAD, l\u2019entreprise a souhait\u00e9 croiser le regard de ses ing\u00e9nieurs et designers avec celui des jeunes cr\u00e9ateurs de demain. Ensemble, ils ont explor\u00e9 de nouvelles fa\u00e7ons de concevoir, r\u00e9parer et repenser les objets du quotidien, tout en int\u00e9grant d\u00e8s le d\u00e9part les enjeux environnementaux et d\u2019usage.<\/p>\n<p>Sous le commissariat d\u2019Alice Audouin, l\u2019exposition pr\u00e9sente 68 projets cr\u00e9atifs con\u00e7us par 145 \u00e9tudiants, r\u00e9partis en cinq grands univers: \u00ab\u00a0Arpenter les usages\u00a0\u00bb, \u00ab\u00a0Performer la mati\u00e8re\u00a0\u00bb, \u00ab\u00a0Habiter le soleil\u00a0\u00bb, \u00ab\u00a0Gagner la coop\u00e9ration\u00a0\u00bb et \u00ab\u00a0Futurs probables\u00a0\u00bb. Ce dernier espace, imagin\u00e9 avec l\u2019\u00e9quipe Advanced Innovation de D\u00e9cathlon, offre un aper\u00e7u du sport du futur, entre prototypes exp\u00e9rimentaux, nouveaux mod\u00e8les de produits et r\u00e9flexions sur les modes de production \u00e0 venir.<\/p>\n<p class=\"col-md-8 offset-md-1 article-content--texte\">La sc\u00e9nographie, sign\u00e9e par l\u2019agence Arter, refl\u00e8te l\u2019esprit m\u00eame de l\u2019exposition: un design pens\u00e9 pour durer, privil\u00e9giant le r\u00e9emploi, les mat\u00e9riaux recycl\u00e9s et la modularit\u00e9. L\u2019ensemble invite le public \u00e0 r\u00e9fl\u00e9chir \u00e0 une question centrale: comment l\u2019innovation et la cr\u00e9ativit\u00e9 peuvent-elles s\u2019allier \u00e0 la responsabilit\u00e9 pour imaginer un avenir durable ?<\/p>\n<p>Surface de R\u00e9paration sera ouverte gratuitement au public du 5 au 16 novembre 2025, du mercredi au dimanche de 14h \u00e0 19h, aux Magasins G\u00e9n\u00e9raux de Pantin. Des ateliers de m\u00e9diation destin\u00e9s aux jeunes publics sont pr\u00e9vus les samedis, et des visites de groupe pourront \u00eatre organis\u00e9es sur demande.<\/p>\n<p>\u00c0 travers cette exposition, D\u00e9cathlon confirme sa volont\u00e9 de faire bouger les lignes: celle d\u2019un monde o\u00f9 le sport, le design et l\u2019\u00e9cologie avancent ensemble, au service d\u2019un futur plus cr\u00e9atif, plus durable et plus humain.\n                            <\/p>\n<p>\n                                Tous droits de reproduction et de repr\u00e9sentation r\u00e9serv\u00e9s.<br \/>\u00a9 2025 FashionNetwork.com\n                            <\/p>\n","protected":false},"excerpt":{"rendered":"Publi\u00e9 le 27 octobre 2025 Les Magasins G\u00e9n\u00e9raux \u00e0 Pantin deviendront le lieu d\u2019une rencontre unique entre sport,&hellip;\n","protected":false},"author":2,"featured_media":492743,"comment_status":"","ping_status":"","sticky":false,"template":"","format":"standard","meta":{"footnotes":""},"categories":[1888],"tags":[11,2424,537,2423,1777,674,1011,27,2425,985,12,2298,626,2426,2427,25,2421,2422],"class_list":{"0":"post-492742","1":"post","2":"type-post","3":"status-publish","4":"format-standard","5":"has-post-thumbnail","7":"category-paris","8":"tag-actualites","9":"tag-beaute","10":"tag-contact","11":"tag-cosmetiques","12":"tag-eu","13":"tag-europe","14":"tag-fr","15":"tag-france","16":"tag-luxe","17":"tag-mode","18":"tag-news","19":"tag-parfum","20":"tag-paris","21":"tag-professionnel","22":"tag-professionnels","23":"tag-republique-francaise","24":"tag-reseau","25":"tag-textile"},"share_on_mastodon":{"url":"https:\/\/pubeurope.com\/@fr\/115445155832127216","error":""},"_links":{"self":[{"href":"https:\/\/www.europesays.com\/fr\/wp-json\/wp\/v2\/posts\/492742","targetHints":{"allow":["GET"]}}],"collection":[{"href":"https:\/\/www.europesays.com\/fr\/wp-json\/wp\/v2\/posts"}],"about":[{"href":"https:\/\/www.europesays.com\/fr\/wp-json\/wp\/v2\/types\/post"}],"author":[{"embeddable":true,"href":"https:\/\/www.europesays.com\/fr\/wp-json\/wp\/v2\/users\/2"}],"replies":[{"embeddable":true,"href":"https:\/\/www.europesays.com\/fr\/wp-json\/wp\/v2\/comments?post=492742"}],"version-history":[{"count":0,"href":"https:\/\/www.europesays.com\/fr\/wp-json\/wp\/v2\/posts\/492742\/revisions"}],"wp:featuredmedia":[{"embeddable":true,"href":"https:\/\/www.europesays.com\/fr\/wp-json\/wp\/v2\/media\/492743"}],"wp:attachment":[{"href":"https:\/\/www.europesays.com\/fr\/wp-json\/wp\/v2\/media?parent=492742"}],"wp:term":[{"taxonomy":"category","embeddable":true,"href":"https:\/\/www.europesays.com\/fr\/wp-json\/wp\/v2\/categories?post=492742"},{"taxonomy":"post_tag","embeddable":true,"href":"https:\/\/www.europesays.com\/fr\/wp-json\/wp\/v2\/tags?post=492742"}],"curies":[{"name":"wp","href":"https:\/\/api.w.org\/{rel}","templated":true}]}}