{"id":492746,"date":"2025-10-27T08:21:21","date_gmt":"2025-10-27T08:21:21","guid":{"rendered":"https:\/\/www.europesays.com\/fr\/492746\/"},"modified":"2025-10-27T08:21:21","modified_gmt":"2025-10-27T08:21:21","slug":"la-russie-aurait-intercepte-193-drones-ukrainiens-qui-se-dirigeaient-en-partie-vers-moscou-liberation","status":"publish","type":"post","link":"https:\/\/www.europesays.com\/fr\/492746\/","title":{"rendered":"la Russie aurait intercept\u00e9 193 drones ukrainiens qui se dirigeaient en partie vers Moscou \u2013 Lib\u00e9ration"},"content":{"rendered":"<p class=\"sc-cPiKLX AiZTS text-element\">Une pluie de drones lanc\u00e9s notamment Moscou. Un chauffeur de minibus a \u00e9t\u00e9 tu\u00e9 et cinq passagers ont \u00e9t\u00e9 bless\u00e9s dans le village de Pogar apr\u00e8s une attaque de drones lanc\u00e9e par Kyiv dans la nuit, a affirm\u00e9 ce lundi 27 octobre au matin sur Telegram Aleksandre Bogomaz, le gouverneur de la r\u00e9gion russe de Briansk, frontali\u00e8re de l\u2019Ukraine.<\/p>\n<p class=\"sc-cPiKLX AiZTS text-element\">Le minist\u00e8re russe de la D\u00e9fense a annonc\u00e9 avoir intercept\u00e9 193 drones. Parmi eux, 47 ont survol\u00e9 la r\u00e9gion de Briansk et 40 la r\u00e9gion de Moscou dont la majorit\u00e9 se dirigeait vers la capitale russe.<\/p>\n<p class=\"sc-cPiKLX AiZTS text-element\">Depuis le d\u00e9but de l\u2019<a href=\"https:\/\/www.liberation.fr\/dossier\/ukraine-la-crise\/\" target=\"_blank\" rel=\"noreferrer noopener\" title=\"https:\/\/www.liberation.fr\/dossier\/ukraine-la-crise\/\">offensive russe<\/a> il y a trois ans et demi, l\u2019Ukraine frappe r\u00e9guli\u00e8rement le territoire russe en r\u00e9ponse aux attaques de drones et de missiles russes quasi quotidiennes. R\u00e9cemment, <a href=\"https:\/\/www.liberation.fr\/international\/europe\/guerre-en-ukraine-kyiv-lance-plus-de-250-drones-contre-la-russie-20251006_7IYGXE2OQVFHBDB2CB5WIMY3G4\/\" target=\"_blank\" rel=\"noreferrer noopener\" title=\"https:\/\/www.liberation.fr\/international\/europe\/guerre-en-ukraine-kyiv-lance-plus-de-250-drones-contre-la-russie-20251006_7IYGXE2OQVFHBDB2CB5WIMY3G4\/\">Kyiv a intensifi\u00e9 ses frappes<\/a> et vise notamment les infrastructures \u00e9nerg\u00e9tiques russes. <\/p>\n<p class=\"sc-cPiKLX AiZTS text-element\">Fin septembre, Moscou exer\u00e7ait un contr\u00f4le total ou partiel sur 19 % du territoire ukrainien, selon l\u2019analyse par l\u2019AFP des donn\u00e9es fournies par l\u2019Institut am\u00e9ricain pour l\u2019\u00e9tude de la guerre (ISW), qui travaille avec le Critical Threats Project (CTP). Quelque 7 % \u2013 la Crim\u00e9e et des zones de la r\u00e9gion industrielle du Donbass \u2013 \u00e9taient d\u00e9j\u00e0 contr\u00f4l\u00e9s avant le d\u00e9but de l\u2019assaut russe en f\u00e9vrier 2022. <\/p>\n<p class=\"sc-cPiKLX AiZTS text-element\">Sur le front diplomatique, le pr\u00e9sident am\u00e9ricain Donald Trump commence \u00e0 tourner le dos \u00e0 la Russie et \u00e0 tendre la main \u00e0 Kyiv, \u00e0 l\u2019inverse de ce qu\u2019il laisse entendre depuis 2022. Apr\u00e8s avoir annonc\u00e9 mercredi 22 octobre des <a href=\"https:\/\/www.liberation.fr\/international\/amerique\/nos-conversations-ne-menent-nulle-part-donald-trump-hausse-le-ton-face-a-poutine-de-nouvelles-sanctions-contre-moscou-20251023_YLJOHYFMLFEFVNVGSVHBIBBQKA\/\" target=\"_blank\" rel=\"noreferrer noopener\" title=\"https:\/\/www.liberation.fr\/international\/amerique\/nos-conversations-ne-menent-nulle-part-donald-trump-hausse-le-ton-face-a-poutine-de-nouvelles-sanctions-contre-moscou-20251023_YLJOHYFMLFEFVNVGSVHBIBBQKA\/\">sanctions contre le secteur p\u00e9trolier russe<\/a>, il a affirm\u00e9 samedi qu\u2019il ne \u00abperdrait pas son temps\u00bb \u00e0 programmer une nouvelle rencontre avec son homologue russe <a href=\"https:\/\/www.liberation.fr\/tags\/vladimir-poutine\/\" target=\"_blank\" rel=\"noreferrer noopener\" title=\"https:\/\/www.liberation.fr\/tags\/vladimir-poutine\/\">Vladimir Poutine<\/a> sans accord en vue pour mettre fin au conflit en Ukraine. De son c\u00f4t\u00e9, la Russie a d\u00e9nonc\u00e9 dimanche des \u00abtentatives\u00bb de saper son dialogue \u00abconstructif\u00bb avec les Etats-Unis. <\/p>\n","protected":false},"excerpt":{"rendered":"Une pluie de drones lanc\u00e9s notamment Moscou. Un chauffeur de minibus a \u00e9t\u00e9 tu\u00e9 et cinq passagers ont&hellip;\n","protected":false},"author":2,"featured_media":492747,"comment_status":"","ping_status":"","sticky":false,"template":"","format":"standard","meta":{"footnotes":""},"categories":[1591],"tags":[11,75,1887,12,1885,1886,132,220,297,135],"class_list":{"0":"post-492746","1":"post","2":"type-post","3":"status-publish","4":"format-standard","5":"has-post-thumbnail","7":"category-russie","8":"tag-actualites","9":"tag-donald-trump","10":"tag-federation-de-russie","11":"tag-news","12":"tag-russia","13":"tag-russian-federation","14":"tag-russie","15":"tag-ukraine","16":"tag-ukraine-la-crise","17":"tag-vladimir-poutine"},"share_on_mastodon":{"url":"https:\/\/pubeurope.com\/@fr\/115445162971773813","error":""},"_links":{"self":[{"href":"https:\/\/www.europesays.com\/fr\/wp-json\/wp\/v2\/posts\/492746","targetHints":{"allow":["GET"]}}],"collection":[{"href":"https:\/\/www.europesays.com\/fr\/wp-json\/wp\/v2\/posts"}],"about":[{"href":"https:\/\/www.europesays.com\/fr\/wp-json\/wp\/v2\/types\/post"}],"author":[{"embeddable":true,"href":"https:\/\/www.europesays.com\/fr\/wp-json\/wp\/v2\/users\/2"}],"replies":[{"embeddable":true,"href":"https:\/\/www.europesays.com\/fr\/wp-json\/wp\/v2\/comments?post=492746"}],"version-history":[{"count":0,"href":"https:\/\/www.europesays.com\/fr\/wp-json\/wp\/v2\/posts\/492746\/revisions"}],"wp:featuredmedia":[{"embeddable":true,"href":"https:\/\/www.europesays.com\/fr\/wp-json\/wp\/v2\/media\/492747"}],"wp:attachment":[{"href":"https:\/\/www.europesays.com\/fr\/wp-json\/wp\/v2\/media?parent=492746"}],"wp:term":[{"taxonomy":"category","embeddable":true,"href":"https:\/\/www.europesays.com\/fr\/wp-json\/wp\/v2\/categories?post=492746"},{"taxonomy":"post_tag","embeddable":true,"href":"https:\/\/www.europesays.com\/fr\/wp-json\/wp\/v2\/tags?post=492746"}],"curies":[{"name":"wp","href":"https:\/\/api.w.org\/{rel}","templated":true}]}}