{"id":492754,"date":"2025-10-27T08:25:17","date_gmt":"2025-10-27T08:25:17","guid":{"rendered":"https:\/\/www.europesays.com\/fr\/492754\/"},"modified":"2025-10-27T08:25:17","modified_gmt":"2025-10-27T08:25:17","slug":"des-agents-a-usage-unique-pullulent-en-allemagne","status":"publish","type":"post","link":"https:\/\/www.europesays.com\/fr\/492754\/","title":{"rendered":"des agents \u00ab\u00a0\u00e0 usage unique\u00a0\u00bb pullulent en Allemagne"},"content":{"rendered":"<p class=\"mb-4 text-lg md:leading-8 break-words\">Moscou intensifie ses attaques hybrides contre l&rsquo;Allemagne, allant de l&rsquo;espionnage et la d\u00e9sinformation aux incursions de drones.<\/p>\n<p class=\"mb-4 text-lg md:leading-8 break-words\">Le chancelier allemand Friedrich Merz a d\u00e9clar\u00e9 que m\u00eame si son pays n&rsquo;\u00e9tait pas en guerre, il n&rsquo;\u00e9tait plus non plus enti\u00e8rement en paix.<\/p>\n<p class=\"mb-4 text-lg md:leading-8 break-words\">Ces derni\u00e8res semaines, Des survols de drones \u00e0 r\u00e9p\u00e9tition ont sem\u00e9 le trouble en Allemagne, visant des installations militaires, critiques et m\u00eame civiles, dont l&rsquo;a\u00e9roport de Munich. Le chancelier et le ministre de la D\u00e9fense Boris Pistorius ont tous deux tenu la Russie pour responsable d&rsquo;au moins certains de ces incidents.<\/p>\n<p class=\"mb-4 text-lg md:leading-8 break-words\">On ignore encore qui est exactement qui a pilot\u00e9 les drones, car les enqu\u00eateurs doivent d&rsquo;abord identifier leurs op\u00e9rateurs. \u00c0 ce jour, toutefois, aucun drone n&rsquo;aurait \u00e9t\u00e9 retrouv\u00e9. Ce qui est clair, en revanche, c&rsquo;est qu&rsquo;il semble y avoir deux types de survols de drones : les op\u00e9rations professionnelles utilisant des drones de taille plus importante et les vols amateurs effectu\u00e9s avec des mod\u00e8les grand public disponibles dans le commerce.<\/p>\n<p><img alt=\"Un panneau interdisant les survols de drones \u00e0 l'a\u00e9roport de Munich, le 3 octobre 2025.\" loading=\"lazy\" width=\"808\" height=\"539\" decoding=\"async\" data-nimg=\"1\" class=\"rounded-lg\" style=\"color:transparent\" src=\"https:\/\/www.europesays.com\/fr\/wp-content\/uploads\/2025\/10\/b0371cc50e08d9e9f02943ca65e3fbd9.jpeg\"\/><\/p>\n<p> Un panneau interdisant les survols de drones \u00e0 l&rsquo;a\u00e9roport de Munich, le 3 octobre 2025.   &#8211; Enrique Kaczor\/(c) onw-images <\/p>\n<p class=\"mb-4 text-lg md:leading-8 break-words\">Les autorit\u00e9s soup\u00e7onnent que certains de ces derniers pourraient avoir \u00e9t\u00e9 men\u00e9s par des \u00ab\u00a0agents de bas niveau\u00a0\u00bb ou \u00ab\u00a0agents jetables\u00a0\u00bb travaillant en marge des r\u00e9seaux de renseignement russes.<\/p>\n<p><strong>\u00ab\u00a0Agents jetables\u00a0\u00bb : une mission courte, un risque \u00e9lev\u00e9<\/strong><\/p>\n<p class=\"mb-4 text-lg md:leading-8 break-words\">R\u00e9cemment, les services de renseignement int\u00e9rieurs allemands (BfV), les services secrets f\u00e9d\u00e9raux (BND), la police judiciaire f\u00e9d\u00e9rale (BKA) et les services de contre-espionnage militaire (MAD) ont <a href=\"https:\/\/www.bka.de\/DE\/Landingpages\/LLA\/lla%5Fnode.html\" rel=\"nofollow noopener\" target=\"_blank\" data-ylk=\"slk:publi\u00e9 un avertissement;elm:context_link;itc:0;sec:content-canvas\" class=\"link \"><strong>publi\u00e9 un avertissement<\/strong><\/a> exhortant la population \u00e0 ne pas se laisser recruter comme \u00ab\u00a0agents de bas niveau\u00a0\u00bb par des acteurs \u00e9trangers.<\/p>\n<p class=\"mb-4 text-lg md:leading-8 break-words\">Ces personnes, souvent approch\u00e9es via les r\u00e9seaux sociaux, sont r\u00e9mun\u00e9r\u00e9es \u00e0 hauteur de sommes relativement modestes afin d&rsquo;effectuer des t\u00e2ches \u00ab\u00a0mineures\u00a0\u00bb et \u00e0 faible risque, telles que des actes de vandalisme, de surveillance ou d&rsquo;incendie criminel.<\/p>\n<p class=\"mb-4 text-lg md:leading-8 break-words\"><b class=\"c-widget-related__title__text\">Related<\/b><\/p>\n<p class=\"mb-4 text-lg md:leading-8 break-words\">\u00ab\u00a0Les agents de bas niveau sont g\u00e9n\u00e9ralement d\u00e9ploy\u00e9s pour des actions concr\u00e8tes\u00a0\u00bb, a expliqu\u00e9 le docteur Christopher Nehring, expert en d\u00e9sinformation et directeur du Cyber Intelligence Institute, dans une interview accord\u00e9e \u00e0 Euronews.<\/p>\n<p class=\"mb-4 text-lg md:leading-8 break-words\">Il a toutefois averti que, bien que ces agents effectuent des t\u00e2ches li\u00e9es au renseignement, ils ne devraient pas \u00eatre consid\u00e9r\u00e9s comme des espions, car l&rsquo;espionnage implique la collecte secr\u00e8te d&rsquo;informations. \u00ab\u00a0Ils ne sont g\u00e9n\u00e9ralement pas charg\u00e9s de recueillir des renseignements\u00a0\u00bb, a ajout\u00e9 l&rsquo;expert.<\/p>\n<p class=\"mb-4 text-lg md:leading-8 break-words\">Leur travail peut plut\u00f4t consister \u00e0 allumer des incendies, \u00e0 coller des autocollants de propagande sur les murs, \u00e0 pulv\u00e9riser des graffitis ou \u00e0 causer d&rsquo;autres types de d\u00e9gradations.<\/p>\n<p><strong>L&rsquo;id\u00e9ologie ou l&rsquo;argent ?<\/strong><\/p>\n<p class=\"mb-4 text-lg md:leading-8 break-words\">Le docteur Hans Jakob Schindler, expert en terrorisme et directeur du Counter Extremism Project, a d\u00e9clar\u00e9 \u00e0 Euronews que ces \u00ab\u00a0agents\u00a0\u00bb sont recrut\u00e9s pour une mission unique, ce qui signifie qu&rsquo;ils ont une connaissance limit\u00e9e des structures des services de renseignement russes en Allemagne ou dans le reste de l&rsquo;Europe. Ils op\u00e8rent non seulement en Allemagne, mais aussi sur l&rsquo;ensemble du continent.<\/p>\n<p class=\"mb-4 text-lg md:leading-8 break-words\">Pour les acteurs \u00e9trangers, y compris la Russie, leur principal avantage est l&rsquo;anonymat. La plupart sont identifi\u00e9s via des cha\u00eenes Telegram favorables \u00e0 la Russie, o\u00f9 ils ont exprim\u00e9 des opinions pro-russes. Selon Schindler, ces agents \u2013 g\u00e9n\u00e9ralement des hommes peu dipl\u00f4m\u00e9s \u2013 sont ensuite approch\u00e9s et recrut\u00e9s.<\/p>\n<p class=\"mb-4 text-lg md:leading-8 break-words\">\u00ab\u00a0Il s&rsquo;agit simplement de trouver quelqu&rsquo;un qui soit motiv\u00e9 id\u00e9ologiquement ou incit\u00e9 financi\u00e8rement, id\u00e9alement les deux\u00a0\u00bb, explique le sp\u00e9cialiste. Il ajoute que les motivations purement id\u00e9ologiques sont rares, car l&rsquo;argent joue g\u00e9n\u00e9ralement un r\u00f4le. \u00ab\u00a0Une situation \u00e9conomique pr\u00e9caire associ\u00e9e \u00e0 une adh\u00e9sion id\u00e9ologique constitue en gros la combinaison id\u00e9ale\u00a0\u00bb, explique l&rsquo;expert en terrorisme.<\/p>\n<p class=\"mb-4 text-lg md:leading-8 break-words\">Schindler a d\u00e9crit ce concept comme assez simple : l&rsquo;objectif est de mener autant d&rsquo;actions \u00e0 petite \u00e9chelle que possible. Des op\u00e9rations peu co\u00fbteuses qui peuvent \u00eatre efficaces dans leur ensemble, tout en maintenant le risque pour la partie russe \u00e0 un niveau extr\u00eamement bas.<\/p>\n<p class=\"mb-4 text-lg md:leading-8 break-words\">Nehring a approuv\u00e9, soulignant que les t\u00e2ches des agents ne sont g\u00e9n\u00e9ralement \u00ab\u00a0pas particuli\u00e8rement compliqu\u00e9es\u00a0\u00bb. En mati\u00e8re de sabotage, a-t-il d\u00e9clar\u00e9, il s&rsquo;agit souvent d&rsquo;actions mineures qui causent des dommages limit\u00e9s, mais qui, prises ensemble, cr\u00e9ent un sentiment d&rsquo;ins\u00e9curit\u00e9. \u00ab\u00a0La guerre hybride ne vise pas \u00e0 vaincre purement et simplement l&rsquo;Allemagne ou l&rsquo;OTAN\u00a0\u00bb, a expliqu\u00e9 Nehring. \u00ab\u00a0Il s&rsquo;agit d&rsquo;affaiblir politiquement la volont\u00e9 de se d\u00e9fendre en cr\u00e9ant un sentiment d&rsquo;incertitude omnipr\u00e9sent\u00a0\u00bb.<\/p>\n<p class=\"mb-4 text-lg md:leading-8 break-words\">Si bon nombre de leurs actions peuvent sembler inoffensives \u00e0 premi\u00e8re vue, elles sont consid\u00e9r\u00e9es comme les pr\u00e9mices d&rsquo;une escalade ult\u00e9rieure.<\/p>\n<p class=\"mb-4 text-lg md:leading-8 break-words\"><b class=\"c-widget-related__title__text\">Related<\/b><\/p>\n<p><strong>A quoi ressemblent ces actes de sabotage ?<\/strong><\/p>\n<p class=\"mb-4 text-lg md:leading-8 break-words\">Au d\u00e9but de l&rsquo;ann\u00e9e, pendant la campagne \u00e9lectorale allemande, plus de 270 voitures ont \u00e9t\u00e9 endommag\u00e9es dans plusieurs L\u00e4nder allemands apr\u00e8s que de la mousse expansive avait \u00e9t\u00e9 pulv\u00e9ris\u00e9e dans leurs pots d&rsquo;\u00e9chappement. Sur les voitures, des autocollants repr\u00e9sentant le visage du candidat du parti vert Robert Habeck proclamaient Be Greener (\u00ab\u00a0Soyez plus verts\u00a0\u00bb).<\/p>\n<p class=\"mb-4 text-lg md:leading-8 break-words\">Au d\u00e9part, les soup\u00e7ons se sont port\u00e9s sur des militants \u00e9cologistes. Cependant, une enqu\u00eate du magazine Spiegel a sugg\u00e9r\u00e9 qu&rsquo;il pourrait s&rsquo;agir d&rsquo;une op\u00e9ration de sabotage russe visant \u00e0 attiser l&rsquo;opinion publique contre les Verts et leur candidat \u00e0 la chancellerie.<\/p>\n<p class=\"mb-4 text-lg md:leading-8 break-words\">Le soutien militaire apport\u00e9 par l&rsquo;Allemagne \u00e0 l&rsquo;Ukraine est un autre point central : des rapports r\u00e9cents indiquent que des drones espions russes ont surveill\u00e9 les livraisons d&rsquo;armes \u00e0 Kyiv. Des \u00ab\u00a0agents de bas niveau\u00a0\u00bb pourraient \u00e9galement \u00eatre employ\u00e9s dans des op\u00e9rations de ce type, notamment Dieter S. et Alexander J., qui sont actuellement jug\u00e9s par la Cour r\u00e9gionale sup\u00e9rieure de Munich.<\/p>\n<p class=\"mb-4 text-lg md:leading-8 break-words\">Dieter S. est accus\u00e9 d&rsquo;avoir promis \u00e0 un contact qu&rsquo;il m\u00e8nerait des attaques \u00e0 l&rsquo;explosif et incendiaires contre des infrastructures militaires et des sites industriels en Allemagne. Selon les enqu\u00eateurs, Alexander J. l&rsquo;aurait aid\u00e9 depuis au moins mars 2024. Il aurait rep\u00e9r\u00e9 des cibles potentielles et transmis des photos et des vid\u00e9os \u2013 de transports militaires, par exemple \u2013 \u00e0 son contact.<\/p>\n<p class=\"mb-4 text-lg md:leading-8 break-words\">Selon l&rsquo;acte d&rsquo;accusation, ces plans visaient \u00e0 perturber le soutien apport\u00e9 par l&rsquo;Allemagne \u00e0 l&rsquo;Ukraine. L&rsquo;une des cibles possibles mentionn\u00e9es \u00e9tait une ligne ferroviaire utilis\u00e9e pour le transport d&rsquo;armes.<\/p>\n<p class=\"mb-4 text-lg md:leading-8 break-words\">L&rsquo;anonymat offert par Internet permet aux acteurs \u00e9trangers de brouiller les pistes dans le cadre de telles op\u00e9rations et de rester \u00ab\u00a0introuvables\u00a0\u00bb. Si un agent recrut\u00e9 est pris en flagrant d\u00e9lit de sabotage ou d&rsquo;espionnage, comme dans le cas de Dieter S., il est seul tenu responsable de ses actes.<\/p>\n<p>Comment les \u00ab\u00a0agents jetables\u00a0\u00bb sont-ils trait\u00e9s par les commanditaires ?<\/p>\n<p class=\"mb-4 text-lg md:leading-8 break-words\">Selon les services de renseignement, la Russie fait de plus en plus appel \u00e0 des agents inexp\u00e9riment\u00e9s. La raison : depuis le d\u00e9but de l&rsquo;invasion de l&rsquo;Ukraine, il est devenu beaucoup plus difficile pour les services de renseignement russes de d\u00e9ployer leurs propres agents en Allemagne.<\/p>\n<p class=\"mb-4 text-lg md:leading-8 break-words\">Bien que les chiffres exacts soient inconnus, divers rapports indiquent qu&rsquo;au moins 60 diplomates russes ont \u00e9t\u00e9 expuls\u00e9s d&rsquo;Allemagne depuis le d\u00e9but de l&rsquo;invasion \u00e0 grande \u00e9chelle. Tous les diplomates russes ne sont pas automatiquement des espions, mais de nombreux services de renseignement occidentaux supposent que certains d&rsquo;entre eux se livrent \u00e0 des activit\u00e9s d&rsquo;espionnage, car les diplomates b\u00e9n\u00e9ficient de l&rsquo;immunit\u00e9 et sont officiellement accr\u00e9dit\u00e9s pour des fonctions politiques, \u00e9conomiques ou culturelles.<\/p>\n<p class=\"mb-4 text-lg md:leading-8 break-words\">En raison de cette restriction, l&rsquo;utilisation d'\u00a0\u00bbagents de bas niveau\u00a0\u00bb est consid\u00e9r\u00e9e dans les milieux de la s\u00e9curit\u00e9 comme un \u00ab\u00a0acte d\u00e9sesp\u00e9r\u00e9\u00a0\u00bb.<\/p>\n<p class=\"mb-4 text-lg md:leading-8 break-words\">\u00ab\u00a0Les agents de bas niveau sont \u00ab\u00a0jet\u00e9s\u00a0\u00bb dans tous les sens du terme\u00a0\u00bb, explique Schindler, ajoutant que la partie russe n&rsquo;assume aucune responsabilit\u00e9 dans de tels cas. \u00ab\u00a0Leur seul objectif est de cr\u00e9er de l&rsquo;incertitude et de recueillir des informations\u00a0\u00bb.<\/p>\n<p class=\"mb-4 text-lg md:leading-8 break-words\">Les sanctions pour de tels actes vont du \u00ab\u00a0sabotage anticonstitutionnel\u00a0\u00bb, passible d&rsquo;une peine pouvant aller jusqu&rsquo;\u00e0 cinq ans de prison, aux \u00ab\u00a0activit\u00e9s li\u00e9es \u00e0 l&rsquo;espionnage\u00a0\u00bb dans les cas particuli\u00e8rement graves, pouvant entra\u00eener des peines allant jusqu&rsquo;\u00e0 dix ans.<\/p>\n<p class=\"mb-4 text-lg md:leading-8 break-words\">Jusqu&rsquo;\u00e0 pr\u00e9sent, les enqu\u00eateurs n&rsquo;ont g\u00e9n\u00e9ralement pu appr\u00e9hender que les \u00ab\u00a0agents de bas niveau\u00a0\u00bb pr\u00e9sum\u00e9s, et non les personnes qui les ont recrut\u00e9s.<\/p>\n<p class=\"mb-4 text-lg md:leading-8 break-words\">Selon une enqu\u00eate de ZDF Frontal, cela reste un dilemme constant pour les services de renseignement int\u00e9rieurs allemands : m\u00eame apr\u00e8s une enqu\u00eate approfondie, les responsables ne peuvent souvent pas \u00eatre identifi\u00e9s de mani\u00e8re concluante.<\/p>\n<p class=\"mb-4 text-lg md:leading-8 break-words\"><strong>Comment les \u00ab\u00a0agents jetables \u00ab\u00a0sont-ils recrut\u00e9s ? Rendez-vous demain sur Euronews.<\/strong><\/p>\n","protected":false},"excerpt":{"rendered":"Moscou intensifie ses attaques hybrides contre l&rsquo;Allemagne, allant de l&rsquo;espionnage et la d\u00e9sinformation aux incursions de drones. Le&hellip;\n","protected":false},"author":2,"featured_media":492755,"comment_status":"","ping_status":"","sticky":false,"template":"","format":"standard","meta":{"footnotes":""},"categories":[1587],"tags":[42132,11,672,1804,1805,1803,1777,674,1801,41132,58890,12,1802,36500],"class_list":{"0":"post-492754","1":"post","2":"type-post","3":"status-publish","4":"format-standard","5":"has-post-thumbnail","7":"category-allemagne","8":"tag-actes-de-vandalisme","9":"tag-actualites","10":"tag-allemagne","11":"tag-bundesrepublik-deutschland","12":"tag-de","13":"tag-deutschland","14":"tag-eu","15":"tag-europe","16":"tag-germany","17":"tag-l39allemagne","18":"tag-ministre-de-la-defense","19":"tag-news","20":"tag-republique-federale-dallemagne","21":"tag-services-de-renseignement"},"share_on_mastodon":{"url":"https:\/\/pubeurope.com\/@fr\/115445178868129688","error":""},"_links":{"self":[{"href":"https:\/\/www.europesays.com\/fr\/wp-json\/wp\/v2\/posts\/492754","targetHints":{"allow":["GET"]}}],"collection":[{"href":"https:\/\/www.europesays.com\/fr\/wp-json\/wp\/v2\/posts"}],"about":[{"href":"https:\/\/www.europesays.com\/fr\/wp-json\/wp\/v2\/types\/post"}],"author":[{"embeddable":true,"href":"https:\/\/www.europesays.com\/fr\/wp-json\/wp\/v2\/users\/2"}],"replies":[{"embeddable":true,"href":"https:\/\/www.europesays.com\/fr\/wp-json\/wp\/v2\/comments?post=492754"}],"version-history":[{"count":0,"href":"https:\/\/www.europesays.com\/fr\/wp-json\/wp\/v2\/posts\/492754\/revisions"}],"wp:featuredmedia":[{"embeddable":true,"href":"https:\/\/www.europesays.com\/fr\/wp-json\/wp\/v2\/media\/492755"}],"wp:attachment":[{"href":"https:\/\/www.europesays.com\/fr\/wp-json\/wp\/v2\/media?parent=492754"}],"wp:term":[{"taxonomy":"category","embeddable":true,"href":"https:\/\/www.europesays.com\/fr\/wp-json\/wp\/v2\/categories?post=492754"},{"taxonomy":"post_tag","embeddable":true,"href":"https:\/\/www.europesays.com\/fr\/wp-json\/wp\/v2\/tags?post=492754"}],"curies":[{"name":"wp","href":"https:\/\/api.w.org\/{rel}","templated":true}]}}