{"id":492760,"date":"2025-10-27T08:28:13","date_gmt":"2025-10-27T08:28:13","guid":{"rendered":"https:\/\/www.europesays.com\/fr\/492760\/"},"modified":"2025-10-27T08:28:13","modified_gmt":"2025-10-27T08:28:13","slug":"deux-enfants-tues-apres-une-sortie-de-route","status":"publish","type":"post","link":"https:\/\/www.europesays.com\/fr\/492760\/","title":{"rendered":"Deux enfants tu\u00e9s apr\u00e8s une sortie de route"},"content":{"rendered":"<p>Le bilan est particuli\u00e8rement dramatique. Une fillette de neuf ans et son fr\u00e8re de douze ans ont \u00e9t\u00e9 tu\u00e9s, un troisi\u00e8me enfant \u00e9tant toujours en <a href=\"https:\/\/www.20minutes.fr\/dossier\/urgence\" class=\"c-link c-link--is-underlined\" target=\"_blank\" rel=\"noopener\">urgence<\/a> absolue dimanche, apr\u00e8s <a href=\"https:\/\/www.20minutes.fr\/dossier\/accident_de_la_route\" class=\"c-link c-link--is-underlined\" target=\"_blank\" rel=\"noopener\">la sortie de route d\u2019une voiture<\/a> lors d\u2019un <a href=\"https:\/\/www.20minutes.fr\/sport\/rallye\/\" class=\"c-link c-link--is-underlined\" target=\"_blank\" rel=\"noopener\">rallye <\/a>automobile \u00e0 Saint-Joseph, dans le sud de <a href=\"https:\/\/www.20minutes.fr\/societe\/reunion\/\" class=\"c-link c-link--is-underlined\" target=\"_blank\" rel=\"noopener\">La R\u00e9union<\/a>.<\/p>\n<p>\u00ab\u00a0Malheureusement, le deuxi\u00e8me enfant, de 12 ans, dont la s\u0153ur est d\u00e9c\u00e9d\u00e9e, a lui aussi succomb\u00e9 \u00e0 ses blessures\u00a0\u00bb, a indiqu\u00e9 dans la soir\u00e9e le procureur de la R\u00e9publique de Saint-Pierre, Olivier Cl\u00e9men\u00e7on, dans un message adress\u00e9 \u00e0 la presse. Plus t\u00f4t dans la journ\u00e9e, il avait annonc\u00e9 qu&rsquo;\u00ab\u00a0une jeune fille de neuf ans est d\u00e9c\u00e9d\u00e9e\u00a0\u00bb et que deux mineurs \u00e9taient en urgence absolue apr\u00e8s la sortie de route d\u2019une voiture durant une \u00e9preuve de ce rallye tr\u00e8s populaire.<\/p>\n<p>\u00ab\u00a0Les gens criaient\u00a0\u00bb<\/p>\n<p>L\u2019accident s\u2019est produit en milieu de journ\u00e9e dans les Hauts de cette commune rurale, o\u00f9 de nombreux spectateurs s\u2019\u00e9taient mass\u00e9s le long de la route pour assister au passage des v\u00e9hicules. La pr\u00e9fecture de La R\u00e9union avait indiqu\u00e9 que quatre enfants, \u00e2g\u00e9s de 6, 7, 10 et 12 ans avaient \u00e9t\u00e9 bless\u00e9s, dont deux \u00e9taient en urgence absolue. Un homme de 35 ans a \u00e9galement \u00e9t\u00e9 bless\u00e9, pr\u00e9cise-t-elle.<\/p>\n<p>\u00ab\u00a0Une voiture est sortie de la route et a percut\u00e9 de plein fouet le groupe qui se trouvait sur le bas-c\u00f4t\u00e9\u00a0\u00bb, a racont\u00e9, encore sous le choc, un p\u00e8re de famille d\u2019une quarantaine d\u2019ann\u00e9es qui a souhait\u00e9 garder l\u2019anonymat. \u00ab\u00a0Tout le monde s\u2019est affol\u00e9, les gens criaient, des enfants ont \u00e9t\u00e9 bless\u00e9s, c\u2019\u00e9tait horrible\u00a0\u00bb, a-t-il ajout\u00e9.<\/p>\n<p>\u00ab\u00a0Une zone interdite au public\u00a0\u00bb<\/p>\n<p>Les secours et la gendarmerie se sont rapidement rendus sur place. Une enqu\u00eate pour <a href=\"https:\/\/www.20minutes.fr\/dossier\/homicide_involontaire\" class=\"c-link c-link--is-underlined\" target=\"_blank\" rel=\"noopener\">homicide involontaire<\/a> a \u00e9t\u00e9 ouverte et confi\u00e9e \u00e0 la gendarmerie, a indiqu\u00e9 le procureur. Dans un communiqu\u00e9, la <a href=\"https:\/\/www.20minutes.fr\/dossier\/prefecture\" class=\"c-link c-link--is-underlined\" target=\"_blank\" rel=\"noopener\">pr\u00e9fecture<\/a> a indiqu\u00e9 que \u00ab\u00a0le v\u00e9hicule a percut\u00e9 plusieurs personnes se trouvant dans une zone interdite au public\u00a0\u00bb.<\/p>\n<\/p>\n<p>En fin d\u2019apr\u00e8s-midi, le pilote et le copilote \u00e9taient toujours entendus par les enqu\u00eateurs. Le procureur pr\u00e9cise que \u00ab\u00a0les d\u00e9pistages les concernant, alcool\u00e9mie et stup\u00e9fiants, sont n\u00e9gatifs\u00a0\u00bb. La course a \u00e9t\u00e9 imm\u00e9diatement interrompue. Les organisateurs du rallye de Saint-Joseph, ainsi que la Ligue du sport automobile de La R\u00e9union, ont adress\u00e9 respectivement leurs \u00ab\u00a0pens\u00e9es\u00a0\u00bb et leurs \u00ab\u00a0condol\u00e9ances les plus sinc\u00e8res\u00a0\u00bb aux familles touch\u00e9es par ce drame.<\/p>\n","protected":false},"excerpt":{"rendered":"Le bilan est particuli\u00e8rement dramatique. Une fillette de neuf ans et son fr\u00e8re de douze ans ont \u00e9t\u00e9&hellip;\n","protected":false},"author":2,"featured_media":492761,"comment_status":"","ping_status":"","sticky":false,"template":"","format":"standard","meta":{"footnotes":""},"categories":[2],"tags":[119,4376,47,11,118,1011,27,20850,6442,12,3764,28785,25],"class_list":{"0":"post-492760","1":"post","2":"type-post","3":"status-publish","4":"format-standard","5":"has-post-thumbnail","7":"category-actualites","8":"tag-accident","9":"tag-accident-de-la-route","10":"tag-actualite","11":"tag-actualites","12":"tag-faits-divers","13":"tag-fr","14":"tag-france","15":"tag-homicide-involontaire","16":"tag-ile-de-la-reunion","17":"tag-news","18":"tag-procureur-de-la-republique","19":"tag-rallye","20":"tag-republique-francaise"},"share_on_mastodon":{"url":"https:\/\/pubeurope.com\/@fr\/115445190136107787","error":""},"_links":{"self":[{"href":"https:\/\/www.europesays.com\/fr\/wp-json\/wp\/v2\/posts\/492760","targetHints":{"allow":["GET"]}}],"collection":[{"href":"https:\/\/www.europesays.com\/fr\/wp-json\/wp\/v2\/posts"}],"about":[{"href":"https:\/\/www.europesays.com\/fr\/wp-json\/wp\/v2\/types\/post"}],"author":[{"embeddable":true,"href":"https:\/\/www.europesays.com\/fr\/wp-json\/wp\/v2\/users\/2"}],"replies":[{"embeddable":true,"href":"https:\/\/www.europesays.com\/fr\/wp-json\/wp\/v2\/comments?post=492760"}],"version-history":[{"count":0,"href":"https:\/\/www.europesays.com\/fr\/wp-json\/wp\/v2\/posts\/492760\/revisions"}],"wp:featuredmedia":[{"embeddable":true,"href":"https:\/\/www.europesays.com\/fr\/wp-json\/wp\/v2\/media\/492761"}],"wp:attachment":[{"href":"https:\/\/www.europesays.com\/fr\/wp-json\/wp\/v2\/media?parent=492760"}],"wp:term":[{"taxonomy":"category","embeddable":true,"href":"https:\/\/www.europesays.com\/fr\/wp-json\/wp\/v2\/categories?post=492760"},{"taxonomy":"post_tag","embeddable":true,"href":"https:\/\/www.europesays.com\/fr\/wp-json\/wp\/v2\/tags?post=492760"}],"curies":[{"name":"wp","href":"https:\/\/api.w.org\/{rel}","templated":true}]}}