{"id":492766,"date":"2025-10-27T08:31:16","date_gmt":"2025-10-27T08:31:16","guid":{"rendered":"https:\/\/www.europesays.com\/fr\/492766\/"},"modified":"2025-10-27T08:31:16","modified_gmt":"2025-10-27T08:31:16","slug":"michael-brennan-simpose-victor-perez-47e-du-bank-of-utah-championship-lequipe","status":"publish","type":"post","link":"https:\/\/www.europesays.com\/fr\/492766\/","title":{"rendered":"Michael Brennan s&#039;impose, Victor Perez 47e du Bank of Utah Championship &#8211; L&#039;\u00c9quipe"},"content":{"rendered":"<ol>\n<li><a href=\"https:\/\/news.google.com\/rss\/articles\/CBMiuAFBVV95cUxNWXo1d2RTMmlFOHlSeDZOOVhmam9jMk15dThWWUNwNm9GR2hDTFRoa0FLMUJCOUlId2Nwc3J2aGNqLW40U0lwUW1FQlNlTjR5N251N0ZOSGhSRVphZC1fTmpXUkVwTU9HcGY2ZTVVQUs4YU5OV1BRRVJ4MzhJbkkyR05GY25ReVlnVVc4aUx5Z3dDQmJsU2ZfaVN4OE5VbU1pSXZ3Z2NpSVoweWs0NTAwb2dHU3lYODla?oc=5\" target=\"_blank\" rel=\"nofollow noopener\">Michael Brennan s&rsquo;impose, Victor Perez 47e du Bank of Utah Championship<\/a>&nbsp;&nbsp;L&rsquo;\u00c9quipe<\/li>\n<li><a href=\"https:\/\/news.google.com\/rss\/articles\/CBMikgFBVV95cUxQNWE4Z3gzVVcwZTVFSElyLUxsY1RHNG5fckxuT0ZETy1lVGNBRWwtOU04YjdZbWh0Nmpwc2xKRHpXX1Rid0thb21jMHJKek84LTBrU3U0YWYycEJGaVlQRWJBYzNuWG1qc1FrcjRwQV9qZVZydy1YQVlma3Btemlxc2YtVmxxSjJrZ2g5M19fT2JXdw?oc=5\" target=\"_blank\" rel=\"nofollow noopener\">Perez revient de loin, Brennan proche de l\u2019exploit<\/a>&nbsp;&nbsp;Golf Plan\u00e8te<\/li>\n<li><a href=\"https:\/\/news.google.com\/rss\/articles\/CBMijwJBVV95cUxQSGppcVZkUW1HemlGRGRlaVVla3N0dXI3WUs0SzVIX2Fhcjk5eVVHWkJlNl84RmM1YUdhb3VPOU54cnVFNjdyWWc2cDJQUGs3dWloRHFXODVQYWdqZTdNZ1NnTTlFdENZZExHQUdFU05hWVN1WUtRUkYxX3F1em52dm1FeHZrQlRSTmYxR3ZlTXNWQjExODAxWkNVMU5pQlYzSkVUdlY3RTFBbkxINVkyVWY4eXQ5b05VYTdsRXQ2NXpYUXRLY1BRNjU2T0owQ1lOZVd2a3pPb2V4TzFHNmJ6RThRV1o1UkZmUHZ0czlPRXdEdDJER3puaXM4aFkzWF9XTzYzM2hxR0IycnNlUVh3?oc=5\" target=\"_blank\" rel=\"nofollow noopener\">Golf. PGA Tour FedExCup Fall: Victor Perez et Antoine Rozner restent dans la course apr\u00e8s le tour 1<\/a>&nbsp;&nbsp;Ouest-France<\/li>\n<li><a href=\"https:\/\/news.google.com\/rss\/articles\/CBMimwFBVV95cUxNVTI4WlZXODFBVGgzTGl5el94RHN0NzN6bmtQVGRhMlE4OXNlX3dNbll3dWFZT3lTc0Y2NGR1WFdvZjNIMVdKbklDYnVmdXdDRFozM0hGcTdONU1wSXlRdXFyVFdjb1BXT3hQOHpydmxySDIxVlU2MGNzdGE0dVdRcThobHdibjZKLVYwNVFXb0gxdHhrOFBsckV4OA?oc=5\" target=\"_blank\" rel=\"nofollow noopener\">Golf professionnel : L\u2019actu du 20 au 26 octobre<\/a>&nbsp;&nbsp;F\u00e9d\u00e9ration Fran\u00e7aise de Golf<\/li>\n<li><a href=\"https:\/\/news.google.com\/rss\/articles\/CBMiyAFBVV95cUxNci1oWWlEVjJfMVBuWTB1Um9tUnJma3ZSRkdUMnFMMjB6dVpPdjVwT185azVrUnZZMm9kZVhqWHV0dEhtM0VZRXhQRDFPOTRCbWZ3bEl5bEdxcmxFck5DUWh3WjVBeTFwYzRSaHl6WERqd0JoV3dEdEsxZmxjX1ZQU0dnQld1N0Nsa21FNWxyck8tVTVnblByTFU1c3F2dGVzaXVQR3dGNmVjeF9pWXBzU1FKVkpZdVQ4X0FSZFN4YnVhaUdtZVRIdg?oc=5\" target=\"_blank\" rel=\"nofollow noopener\">Victor Perez s&rsquo;accroche, Michael Brennan garde la t\u00eate du Bank of Utah Championship<\/a>&nbsp;&nbsp;L&rsquo;\u00c9quipe<\/li>\n<\/ol>\n","protected":false},"excerpt":{"rendered":"Michael Brennan s&rsquo;impose, Victor Perez 47e du Bank of Utah Championship&nbsp;&nbsp;L&rsquo;\u00c9quipe Perez revient de loin, Brennan proche de&hellip;\n","protected":false},"author":2,"featured_media":492767,"comment_status":"","ping_status":"","sticky":false,"template":"","format":"standard","meta":{"footnotes":""},"categories":[1418],"tags":[1011,27,1472,60],"class_list":{"0":"post-492766","1":"post","2":"type-post","3":"status-publish","4":"format-standard","5":"has-post-thumbnail","7":"category-golf","8":"tag-fr","9":"tag-france","10":"tag-golf","11":"tag-sports"},"share_on_mastodon":{"url":"https:\/\/pubeurope.com\/@fr\/115445201850331654","error":""},"_links":{"self":[{"href":"https:\/\/www.europesays.com\/fr\/wp-json\/wp\/v2\/posts\/492766","targetHints":{"allow":["GET"]}}],"collection":[{"href":"https:\/\/www.europesays.com\/fr\/wp-json\/wp\/v2\/posts"}],"about":[{"href":"https:\/\/www.europesays.com\/fr\/wp-json\/wp\/v2\/types\/post"}],"author":[{"embeddable":true,"href":"https:\/\/www.europesays.com\/fr\/wp-json\/wp\/v2\/users\/2"}],"replies":[{"embeddable":true,"href":"https:\/\/www.europesays.com\/fr\/wp-json\/wp\/v2\/comments?post=492766"}],"version-history":[{"count":0,"href":"https:\/\/www.europesays.com\/fr\/wp-json\/wp\/v2\/posts\/492766\/revisions"}],"wp:featuredmedia":[{"embeddable":true,"href":"https:\/\/www.europesays.com\/fr\/wp-json\/wp\/v2\/media\/492767"}],"wp:attachment":[{"href":"https:\/\/www.europesays.com\/fr\/wp-json\/wp\/v2\/media?parent=492766"}],"wp:term":[{"taxonomy":"category","embeddable":true,"href":"https:\/\/www.europesays.com\/fr\/wp-json\/wp\/v2\/categories?post=492766"},{"taxonomy":"post_tag","embeddable":true,"href":"https:\/\/www.europesays.com\/fr\/wp-json\/wp\/v2\/tags?post=492766"}],"curies":[{"name":"wp","href":"https:\/\/api.w.org\/{rel}","templated":true}]}}