{"id":492777,"date":"2025-10-27T08:41:18","date_gmt":"2025-10-27T08:41:18","guid":{"rendered":"https:\/\/www.europesays.com\/fr\/492777\/"},"modified":"2025-10-27T08:41:18","modified_gmt":"2025-10-27T08:41:18","slug":"george-condo-au-musee-dart-moderne-de-paris-vilain-et-lautre-liberation","status":"publish","type":"post","link":"https:\/\/www.europesays.com\/fr\/492777\/","title":{"rendered":"George Condo au mus\u00e9e d\u2019Art moderne de Paris, vilain et l\u2019autre \u2013 Lib\u00e9ration"},"content":{"rendered":"<p class=\"sc-cPiKLX AiZTS text-element\">Il a trois bras qui gesticulent de gauche \u00e0 droite comme pr\u00eats \u00e0 baffer un ennemi, invisible, tenu hors cadre, et que ses yeux exorbit\u00e9s, fusillent de rage. Il ouvre la bouche, crie sans doute, et montre les dents. Sur un fond noir tumultueux, assorti \u00e0 la fureur sans borne de ce Three Armed Man, la toile de <a href=\"https:\/\/www.liberation.fr\/culture\/les-expos-de-la-rentree-a-ne-pas-rater-une-selection-qui-vaut-de-lart-20250905_3W7FHA7ZRBC2LHXZSL5ORWK27M\/?redirected=1\" target=\"_blank\" rel=\"noreferrer noopener\" title=\"https:\/\/www.liberation.fr\/culture\/les-expos-de-la-rentree-a-ne-pas-rater-une-selection-qui-vaut-de-lart-20250905_3W7FHA7ZRBC2LHXZSL5ORWK27M\/?redirected=1\">George Condo<\/a> annonce, d\u00e8s la premi\u00e8re salle la tonalit\u00e9 comico-tragique de la dense r\u00e9trospective qui lui est consacr\u00e9e au mus\u00e9e d\u2019Art moderne. Car si ce personnage s\u2019affiche avec un bras en trop, il ne fait pas du tout tache dans cette galerie de portraits d\u2019\u00eatres imaginaires, tous plus horrifiques et mal en point. Untel (Memories of Rembrandt), la mine renfrogn\u00e9e et la face chiffonn\u00e9e comme un chou-fleur, \u00e9carquille des yeux ronds comme des billes, et comme les bubons qui lui poussent sur sa mauvaise peau. Un autre est affubl\u00e9 d\u2019une grosse t\u00eate de piaf macul\u00e9e de couleurs vives et les m\u00eames yeux ronds, exorbit\u00e9s et idiots. Condo n\u2019est pas tendre avec ses figures grotesques \u2013 le piaf, il l\u2019intitule Birdbrain, ce qui donnerait peut-\u00eatre Cervelle de moineau en fran\u00e7ais. Il les peint avec  <\/p>\n","protected":false},"excerpt":{"rendered":"Il a trois bras qui gesticulent de gauche \u00e0 droite comme pr\u00eats \u00e0 baffer un ennemi, invisible, tenu&hellip;\n","protected":false},"author":2,"featured_media":492778,"comment_status":"","ping_status":"","sticky":false,"template":"","format":"standard","meta":{"footnotes":""},"categories":[1358],"tags":[1348,1384,1385,1386,58,59,1011,27,415],"class_list":{"0":"post-492777","1":"post","2":"type-post","3":"status-publish","4":"format-standard","5":"has-post-thumbnail","7":"category-arts-et-design","8":"tag-arts","9":"tag-arts-and-design","10":"tag-arts-et-design","11":"tag-design","12":"tag-divertissement","13":"tag-entertainment","14":"tag-fr","15":"tag-france","16":"tag-new-york"},"share_on_mastodon":{"url":"https:\/\/pubeurope.com\/@fr\/115445241201624876","error":""},"_links":{"self":[{"href":"https:\/\/www.europesays.com\/fr\/wp-json\/wp\/v2\/posts\/492777","targetHints":{"allow":["GET"]}}],"collection":[{"href":"https:\/\/www.europesays.com\/fr\/wp-json\/wp\/v2\/posts"}],"about":[{"href":"https:\/\/www.europesays.com\/fr\/wp-json\/wp\/v2\/types\/post"}],"author":[{"embeddable":true,"href":"https:\/\/www.europesays.com\/fr\/wp-json\/wp\/v2\/users\/2"}],"replies":[{"embeddable":true,"href":"https:\/\/www.europesays.com\/fr\/wp-json\/wp\/v2\/comments?post=492777"}],"version-history":[{"count":0,"href":"https:\/\/www.europesays.com\/fr\/wp-json\/wp\/v2\/posts\/492777\/revisions"}],"wp:featuredmedia":[{"embeddable":true,"href":"https:\/\/www.europesays.com\/fr\/wp-json\/wp\/v2\/media\/492778"}],"wp:attachment":[{"href":"https:\/\/www.europesays.com\/fr\/wp-json\/wp\/v2\/media?parent=492777"}],"wp:term":[{"taxonomy":"category","embeddable":true,"href":"https:\/\/www.europesays.com\/fr\/wp-json\/wp\/v2\/categories?post=492777"},{"taxonomy":"post_tag","embeddable":true,"href":"https:\/\/www.europesays.com\/fr\/wp-json\/wp\/v2\/tags?post=492777"}],"curies":[{"name":"wp","href":"https:\/\/api.w.org\/{rel}","templated":true}]}}