{"id":492780,"date":"2025-10-27T08:44:13","date_gmt":"2025-10-27T08:44:13","guid":{"rendered":"https:\/\/www.europesays.com\/fr\/492780\/"},"modified":"2025-10-27T08:44:13","modified_gmt":"2025-10-27T08:44:13","slug":"il-sortait-du-studio-cette-fois-ou-david-hallyday-a-croise-une-immense-star-aux-etats-unis","status":"publish","type":"post","link":"https:\/\/www.europesays.com\/fr\/492780\/","title":{"rendered":"\u201cIl sortait du studio\u201d : cette fois o\u00f9 David Hallyday a crois\u00e9 une immense star aux \u00c9tats-Unis"},"content":{"rendered":"<p>Ce dimanche 26 octobre 2025, David Hallyday \u00e9tait l\u2019invit\u00e9 de<br \/>\nl\u2019\u00e9mission 1 heure avec\u2026 sur RFM, \u00e0 l\u2019occasion de la r\u00e9\u00e9dition de<br \/>\nson album Requiem pour un fou. L\u2019artiste, <a href=\"https:\/\/www.closermag.fr\/people\/sylvie-vartan-combien-a-t-elle-eu-denfants-3588943\" target=\"_blank\" rel=\"noopener\"><br \/>\nfils de Johnny Hallyday et Sylvie Vartan,<\/a> s\u2019est confi\u00e9 sur ses<br \/>\ninfluences musicales et sur une rencontre qu\u2019il n\u2019est pas pr\u00e8s<br \/>\nd\u2019oublier. En grand passionn\u00e9 de musique, David Hallyday a grandi<br \/>\nberc\u00e9 par les sonorit\u00e9s rock de son p\u00e8re, mais aussi par les ic\u00f4nes<br \/>\ninternationales.<\/p>\n<p>Parmi elles, un nom revient avec une admiration particuli\u00e8re :<br \/>\n<strong>Michael Jackson.<\/strong> En \u00e9voquant le mythique titre<br \/>\nBillie Jean, David Hallyday, qui <a href=\"https:\/\/www.closermag.fr\/people\/david-hallyday-tres-cash-sur-la-religion-je-crois-en-dieu-mais-3538102\" target=\"_blank\" rel=\"noopener\"><br \/>\ns&rsquo;est r\u00e9cemment confi\u00e9 sur la religion<\/a>, n\u2019a pas cach\u00e9 son<br \/>\nenthousiasme. \u00ab\u00a0C\u2019est intemporel ! \u00c7a ne vieillira jamais\u201d,<br \/>\na-t-il d\u00e9clar\u00e9 avec conviction. Fascin\u00e9 par l\u2019univers du roi de la<br \/>\npop, le chanteur a ensuite confi\u00e9 avoir eu la chance de croiser la<br \/>\nstar am\u00e9ricaine lors d\u2019un s\u00e9jour aux \u00c9tats-Unis, au tout d\u00e9but de<br \/>\nsa carri\u00e8re.<\/p>\n<p>David Hallyday revient sur une anecdote totalement folle au<br \/>\nsujet d&rsquo;une grande star internationale<\/p>\n<p>Tout s\u2019est jou\u00e9 lors d\u2019un cours de chant \u00e0 Los Angeles, dans le<br \/>\nstudio de son professeur de l\u2019\u00e9poque, <strong>Seth Riggs, c\u00e9l\u00e8bre<br \/>\ncoach vocal<\/strong> ayant form\u00e9 les plus grandes voix de la<br \/>\nplan\u00e8te. \u201cUne fois, dans le studio de mon coach vocal de<br \/>\nl\u2019\u00e9poque, un grand monsieur qui s\u2019appelle Seth Riggs\u201d, raconte<br \/>\nDavid Hallyday. \u201cEt lui, il faisait de l\u2019entra\u00eenement vocal \u00e0 des<br \/>\nchanteurs comme Lou Graham, Steve Perry et <strong>Michael<br \/>\nJackson\u201d.<\/strong><\/p>\n<p>Un lieu mythique o\u00f9 le destin du <a href=\"https:\/\/www.closermag.fr\/people\/david-hallyday-et-laura-smet-cet-incroyable-point-commun-que-partagent-leurs-deux-fils-3521562\" target=\"_blank\" rel=\"noopener\"><br \/>\ndemi-fr\u00e8re de Laura Smet<\/a> a crois\u00e9 celui de son idole. Le moment<br \/>\nreste grav\u00e9 dans sa m\u00e9moire : <strong>\u201cLui, il sortait du<br \/>\nstudio<\/strong>. Moi, je rentrais\u201d. Une simple co\u00efncidence,<br \/>\nmais qui a suffi \u00e0 marquer l\u2019esprit du <a href=\"https:\/\/www.closermag.fr\/people\/johnny-hallyday-david-hallyday-sen-sort-comme-il-peut-apres-une-question-tres-perilleuse-de-yann-barthes-3520751\" target=\"_blank\" rel=\"noopener\"><br \/>\nfils de Johnny Hallyday.<\/a><\/p>\n<p>Bernard Montiel a aussi eu la chance de<br \/>\nrencontrer ce chanteur<\/p>\n<p>Surpris, <a href=\"https:\/\/www.closermag.fr\/people\/vous-netes-pas-sur-la-liste-bernard-montiel-rejete-par-la-mere-de-son-premier-amour-3532236\" target=\"_blank\" rel=\"noopener\"><br \/>\nBernard Montiel, qui n&rsquo;a pas h\u00e9sit\u00e9 \u00e0 se confier sur sa vie<br \/>\npriv\u00e9e<\/a>, lui a demand\u00e9 s\u2019ils avaient \u00e9chang\u00e9 quelques mots.<br \/>\nDavid Hallyday, malicieux, a alors r\u00e9pondu dans un \u00e9clat de rire :<br \/>\n\u201cBien s\u00fbr ! Il m\u2019a dit : \u2018Hi, David ! How is Bernard ? How\u2019s<br \/>\nBernard, nice ?\u2019\u201d.<\/p>\n<p>Une plaisanterie qui a d\u00e9clench\u00e9 l\u2019hilarit\u00e9 du studio. <a href=\"https:\/\/www.closermag.fr\/people\/bernard-montiel-monnaye-une-somme-plutot-coquette-ses-venues-a-des-soirees-3531450\" target=\"_blank\" rel=\"noopener\"><br \/>\nBernard Montiel, qui tarifie ses venues dans des soir\u00e9es,<\/a> a<br \/>\nd\u2019ailleurs rebondi sur cette anecdote en r\u00e9v\u00e9lant qu\u2019il avait, lui<br \/>\naussi, eu l\u2019honneur de rencontrer Michael Jackson. \u201cJ\u2019ai eu la<br \/>\nchance de d\u00eener avec lui gr\u00e2ce \u00e0 Liza Minnelli, Sammy Davis Junior<br \/>\net Frank Sinatra\u201d, a-t-il confi\u00e9, visiblement \u00e9mu par ce<br \/>\nsouvenir hors du temps. Pour David Hallyday, cette rencontre<br \/>\nfurtive illustre \u00e0 quel point la musique a toujours guid\u00e9 sa vie,<br \/>\nentre h\u00e9ritage familial et inspirations internationales.<\/p>\n","protected":false},"excerpt":{"rendered":"Ce dimanche 26 octobre 2025, David Hallyday \u00e9tait l\u2019invit\u00e9 de l\u2019\u00e9mission 1 heure avec\u2026 sur RFM, \u00e0 l\u2019occasion&hellip;\n","protected":false},"author":2,"featured_media":492781,"comment_status":"","ping_status":"","sticky":false,"template":"","format":"standard","meta":{"footnotes":""},"categories":[1355],"tags":[1300,58,59,1011,27,35268,1361,873],"class_list":{"0":"post-492780","1":"post","2":"type-post","3":"status-publish","4":"format-standard","5":"has-post-thumbnail","7":"category-musique","8":"tag-david-hallyday","9":"tag-divertissement","10":"tag-entertainment","11":"tag-fr","12":"tag-france","13":"tag-michael-jackson","14":"tag-music","15":"tag-musique"},"share_on_mastodon":{"url":"https:\/\/pubeurope.com\/@fr\/115445253140243012","error":""},"_links":{"self":[{"href":"https:\/\/www.europesays.com\/fr\/wp-json\/wp\/v2\/posts\/492780","targetHints":{"allow":["GET"]}}],"collection":[{"href":"https:\/\/www.europesays.com\/fr\/wp-json\/wp\/v2\/posts"}],"about":[{"href":"https:\/\/www.europesays.com\/fr\/wp-json\/wp\/v2\/types\/post"}],"author":[{"embeddable":true,"href":"https:\/\/www.europesays.com\/fr\/wp-json\/wp\/v2\/users\/2"}],"replies":[{"embeddable":true,"href":"https:\/\/www.europesays.com\/fr\/wp-json\/wp\/v2\/comments?post=492780"}],"version-history":[{"count":0,"href":"https:\/\/www.europesays.com\/fr\/wp-json\/wp\/v2\/posts\/492780\/revisions"}],"wp:featuredmedia":[{"embeddable":true,"href":"https:\/\/www.europesays.com\/fr\/wp-json\/wp\/v2\/media\/492781"}],"wp:attachment":[{"href":"https:\/\/www.europesays.com\/fr\/wp-json\/wp\/v2\/media?parent=492780"}],"wp:term":[{"taxonomy":"category","embeddable":true,"href":"https:\/\/www.europesays.com\/fr\/wp-json\/wp\/v2\/categories?post=492780"},{"taxonomy":"post_tag","embeddable":true,"href":"https:\/\/www.europesays.com\/fr\/wp-json\/wp\/v2\/tags?post=492780"}],"curies":[{"name":"wp","href":"https:\/\/api.w.org\/{rel}","templated":true}]}}