{"id":492788,"date":"2025-10-27T08:48:13","date_gmt":"2025-10-27T08:48:13","guid":{"rendered":"https:\/\/www.europesays.com\/fr\/492788\/"},"modified":"2025-10-27T08:48:13","modified_gmt":"2025-10-27T08:48:13","slug":"prince-andrew-humiliation-supreme-pour-le-frere-de-charles-iii-le-sort-reserve-aux-felons-lui-est-applique-a-windsor","status":"publish","type":"post","link":"https:\/\/www.europesays.com\/fr\/492788\/","title":{"rendered":"Prince Andrew : humiliation supr\u00eame pour le fr\u00e8re de Charles III, le sort r\u00e9serv\u00e9 aux f\u00e9lons lui est appliqu\u00e9 \u00e0 Windsor"},"content":{"rendered":"<p data-start=\"0\" data-end=\"556\">Rien ne va plus pour le duc<br \/>\nd\u2019York. Le Times r\u00e9v\u00e8le que le prince Andrew, au c\u0153ur des<br \/>\nscandales et de l\u2019affaire Epstein, subit <a href=\"https:\/\/www.closermag.fr\/royautes\/prince-andrew-cette-ultime-punition-de-la-famille-royale-il-se-retrouve-sans-domicile-3589363\" target=\"_blank\" rel=\"noopener\"><br \/>\ndes pressions pour quitter le Royal Lodge<\/a>, sa r\u00e9sidence de<br \/>\ntrente pi\u00e8ces \u00e0 Windsor, o\u00f9 il vit depuis plus de vingt ans sans<br \/>\nverser de loyer. Depuis quelques jours, la presse britannique<br \/>\nobserve de pr\u00e8s les all\u00e9es et venues autour de la propri\u00e9t\u00e9 qu\u2019il<br \/>\npartage encore avec <strong>Sarah Ferguson<\/strong>.<\/p>\n<p data-start=\"0\" data-end=\"556\">Des discussions seraient \u00e9galement<br \/>\nen cours avec les conseillers du roi <a href=\"https:\/\/www.closermag.fr\/royautes\/charles-iii-et-camilla-au-vatican-la-tenue-et-la-couronne-noires-de-la-reine-surprennent-photos-3588812\" target=\"_blank\" rel=\"noopener\"><br \/>\nCharles III<\/a> pour pr\u00e9parer la suite. Ce nouveau revers s\u2019ajoute<br \/>\n\u00e0 une s\u00e9rie de mises \u00e0 l\u2019\u00e9cart qui traduisent une r\u00e9alit\u00e9 : peu \u00e0<br \/>\npeu, Andrew semble effac\u00e9 du paysage royal. Et \u00e0<br \/>\n<strong>Windsor<\/strong>, ce changement discret mais symbolique<br \/>\nn\u2019est pas anodin.<\/p>\n<p>Prince Andrew : un nouveau<br \/>\nsymbole effac\u00e9 \u00e0 Windsor<\/p>\n<p data-start=\"0\" data-end=\"824\">Une semaine apr\u00e8s l\u2019annonce de sa<br \/>\nd\u00e9cision de renoncer \u00e0 tous ses titres, le prince Andrew subit un<br \/>\nnouvel affront. Ce 23 octobre, la presse britannique a r\u00e9v\u00e9l\u00e9 que<br \/>\nle ch\u00e2teau de Windsor avait <strong>retir\u00e9 la banni\u00e8re repr\u00e9sentant<br \/>\nles armoiries du prince Andrew<\/strong>. Depuis 19 ans, cet<br \/>\n\u00e9tendard honorifique, install\u00e9 dans la chapelle Saint-George,<br \/>\nsymbolisait son titre de chevalier de l\u2019Ordre de la Jarreti\u00e8re, la<br \/>\nplus haute distinction du royaume.<\/p>\n<p>Orn\u00e9e des trois lions d\u2019Angleterre, de la harpe d\u2019Irlande et du<br \/>\nlion rampant d\u2019\u00c9cosse, la banni\u00e8re portait aussi une ancre en<br \/>\n<strong>hommage \u00e0 sa carri\u00e8re navale<\/strong>. Elle tr\u00f4nait<br \/>\njusqu\u2019alors \u00e0 c\u00f4t\u00e9 de celle du prince William. D\u00e9sormais, l\u2019espace<br \/>\nqu\u2019elle occupait est vide : un geste lourd de sens pour le fils<br \/>\ncadet d\u2019<a href=\"https:\/\/www.closermag.fr\/royautes\/prince-william-son-aveu-bouleversant-sur-la-reine-elizabeth-ii-lors-dune-rare-interview-tele-3583790\" target=\"_blank\" rel=\"noopener\">Elizabeth<br \/>\nII<\/a>.<\/p>\n<p>Un<br \/>\ngeste rare, r\u00e9serv\u00e9 aux cas extr\u00eames<\/p>\n<p data-start=\"826\" data-end=\"1958\" data-is-last-node=\"\" data-is-only-node=\"\">Selon The<br \/>\nSun, le retrait d\u2019une banni\u00e8re de la chapelle Saint-George<br \/>\nn\u2019intervient que dans <strong>les cas les plus graves<\/strong>,<br \/>\ncomme la trahison ou la r\u00e9bellion contre la Couronne. Bien<br \/>\nqu\u2019Andrew n\u2019ait commis aucun de ces actes, il a reconnu que<br \/>\n\u00ab\u00a0les accusations persistantes \u00e0 mon encontre d\u00e9tournent<br \/>\nl\u2019attention du travail de Sa Majest\u00e9 et de la famille royale\u00a0\u00bb.<br \/>\nImpliqu\u00e9 depuis 2021 dans l\u2019affaire Epstein apr\u00e8s les accusations<br \/>\nde <a href=\"https:\/\/www.closermag.fr\/royautes\/suicide-de-virginia-giuffre-les-derniers-messages-dechirants-postes-par-laccusatrice-du-prince-andrew-3540138\" target=\"_blank\" rel=\"noopener\"><br \/>\nVirginia Giuffre<\/a>, qui affirme avoir \u00e9t\u00e9 viol\u00e9e \u00e0 trois reprises<br \/>\nalors qu\u2019elle \u00e9tait mineure, le duc d\u2019York avait d\u00e9j\u00e0 \u00e9t\u00e9 contraint<br \/>\nde se retirer de la vie publique \u00e0 la demande de sa m\u00e8re.<\/p>\n<p data-start=\"826\" data-end=\"1958\" data-is-last-node=\"\" data-is-only-node=\"\">Si Elizabeth II lui avait permis, en<br \/>\ncoulisses, de r\u00e9gler l\u2019affaire \u00e0 l\u2019amiable, le<br \/>\n<strong>scandale<\/strong> conna\u00eet un nouveau rebond. La presse a<br \/>\nr\u00e9cemment d\u00e9voil\u00e9 des \u00e9changes de mails entre le prince et <a href=\"https:\/\/www.closermag.fr\/royautes\/sarah-ferguson-liee-a-jeffrey-epstein-elle-jette-ses-filles-eugenie-et-beatrice-dans-la-gueule-du-loup-3582407\" target=\"_blank\" rel=\"noopener\"><br \/>\nJeffrey Epstein<\/a>, mettant en lumi\u00e8re leur proximit\u00e9. Dans ses<br \/>\nm\u00e9moires posthumes, Virginia Giuffre livre quant \u00e0 elle des d\u00e9tails<br \/>\ngla\u00e7ants sur leur rencontre, arrang\u00e9e par Ghislaine Maxwell.<br \/>\n\u00ab\u00a0Il se comportait comme s\u2019il croyait que coucher avec moi \u00e9tait<br \/>\nson droit de naissance\u00a0\u00bb, \u00e9crit-elle.<\/p>\n","protected":false},"excerpt":{"rendered":"Rien ne va plus pour le duc d\u2019York. Le Times r\u00e9v\u00e8le que le prince Andrew, au c\u0153ur des&hellip;\n","protected":false},"author":2,"featured_media":492789,"comment_status":"","ping_status":"","sticky":false,"template":"","format":"standard","meta":{"footnotes":""},"categories":[8],"tags":[581,58,59,1011,27,546],"class_list":{"0":"post-492788","1":"post","2":"type-post","3":"status-publish","4":"format-standard","5":"has-post-thumbnail","7":"category-divertissement","8":"tag-charles-iii","9":"tag-divertissement","10":"tag-entertainment","11":"tag-fr","12":"tag-france","13":"tag-prince-andrew"},"share_on_mastodon":{"url":"https:\/\/pubeurope.com\/@fr\/115445268822625219","error":""},"_links":{"self":[{"href":"https:\/\/www.europesays.com\/fr\/wp-json\/wp\/v2\/posts\/492788","targetHints":{"allow":["GET"]}}],"collection":[{"href":"https:\/\/www.europesays.com\/fr\/wp-json\/wp\/v2\/posts"}],"about":[{"href":"https:\/\/www.europesays.com\/fr\/wp-json\/wp\/v2\/types\/post"}],"author":[{"embeddable":true,"href":"https:\/\/www.europesays.com\/fr\/wp-json\/wp\/v2\/users\/2"}],"replies":[{"embeddable":true,"href":"https:\/\/www.europesays.com\/fr\/wp-json\/wp\/v2\/comments?post=492788"}],"version-history":[{"count":0,"href":"https:\/\/www.europesays.com\/fr\/wp-json\/wp\/v2\/posts\/492788\/revisions"}],"wp:featuredmedia":[{"embeddable":true,"href":"https:\/\/www.europesays.com\/fr\/wp-json\/wp\/v2\/media\/492789"}],"wp:attachment":[{"href":"https:\/\/www.europesays.com\/fr\/wp-json\/wp\/v2\/media?parent=492788"}],"wp:term":[{"taxonomy":"category","embeddable":true,"href":"https:\/\/www.europesays.com\/fr\/wp-json\/wp\/v2\/categories?post=492788"},{"taxonomy":"post_tag","embeddable":true,"href":"https:\/\/www.europesays.com\/fr\/wp-json\/wp\/v2\/tags?post=492788"}],"curies":[{"name":"wp","href":"https:\/\/api.w.org\/{rel}","templated":true}]}}