{"id":492800,"date":"2025-10-27T08:55:58","date_gmt":"2025-10-27T08:55:58","guid":{"rendered":"https:\/\/www.europesays.com\/fr\/492800\/"},"modified":"2025-10-27T08:55:58","modified_gmt":"2025-10-27T08:55:58","slug":"loire-de-gros-bouchons-sur-la47-ce-vendredi-matin-apres-un-accident-au-niveau-de-rive-de-gier","status":"publish","type":"post","link":"https:\/\/www.europesays.com\/fr\/492800\/","title":{"rendered":"Loire. De gros bouchons sur l&rsquo;A47 ce vendredi matin, apr\u00e8s un accident au niveau de Rive-de-Gier"},"content":{"rendered":"<p>Ce vendredi, avant 8\u00a0h\u00a030, un accident a eu lieu sur l&rsquo;A47, dans le sens Saint-Etienne\/Lyon, au niveau de Rive-de-Gier.<\/p>\n<p>Il bloquait une voie de circulation, ce qui a provoqu\u00e9 des bouchons. \u00c0 9 heures, <a href=\"https:\/\/www.bison-fute.gouv.fr\/maintenant.html\" target=\"_blank\" rel=\"noopener\">Bison fut\u00e9<\/a> recensait 5 km de ralentissements.<\/p>\n<p>Des bouchons dans Rive-de-Gier<\/p>\n<p>Les automobilistes voulant \u00e9viter ces bouchons sortaient de l&rsquo;autoroute au Sardon pour traverser Rive-de-Gier. Par cons\u00e9quent, la d\u00e9partementale 88 \u00e9tait \u00e9galement tr\u00e8s encombr\u00e9e.<\/p>\n<p>\u00c0 9\u00a0h\u00a020, l&rsquo;autoroute \u00e9tant d\u00e9gag\u00e9e, la circulation se fluidifiait \u00e0 nouveau.<\/p>\n","protected":false},"excerpt":{"rendered":"Ce vendredi, avant 8\u00a0h\u00a030, un accident a eu lieu sur l&rsquo;A47, dans le sens Saint-Etienne\/Lyon, au niveau de&hellip;\n","protected":false},"author":2,"featured_media":492801,"comment_status":"","ping_status":"","sticky":false,"template":"","format":"standard","meta":{"footnotes":""},"categories":[9653],"tags":[1111,11,2430,3542,7539,3154,1777,674,274,107,1011,27,3367,12,25,2429,15293,4001],"class_list":{"0":"post-492800","1":"post","2":"type-post","3":"status-publish","4":"format-standard","5":"has-post-thumbnail","7":"category-saint-etienne","8":"tag-actu","9":"tag-actualites","10":"tag-auvergne-rhone-alpes","11":"tag-circulation","12":"tag-edition-loire-sud","13":"tag-edition-sud-lyonnais","14":"tag-eu","15":"tag-europe","16":"tag-faits-divers-justice","17":"tag-fil-info","18":"tag-fr","19":"tag-france","20":"tag-loire","21":"tag-news","22":"tag-republique-francaise","23":"tag-rhone","24":"tag-rive-de-gier","25":"tag-saint-etienne"},"share_on_mastodon":{"url":"https:\/\/pubeurope.com\/@fr\/115445300180092212","error":""},"_links":{"self":[{"href":"https:\/\/www.europesays.com\/fr\/wp-json\/wp\/v2\/posts\/492800","targetHints":{"allow":["GET"]}}],"collection":[{"href":"https:\/\/www.europesays.com\/fr\/wp-json\/wp\/v2\/posts"}],"about":[{"href":"https:\/\/www.europesays.com\/fr\/wp-json\/wp\/v2\/types\/post"}],"author":[{"embeddable":true,"href":"https:\/\/www.europesays.com\/fr\/wp-json\/wp\/v2\/users\/2"}],"replies":[{"embeddable":true,"href":"https:\/\/www.europesays.com\/fr\/wp-json\/wp\/v2\/comments?post=492800"}],"version-history":[{"count":0,"href":"https:\/\/www.europesays.com\/fr\/wp-json\/wp\/v2\/posts\/492800\/revisions"}],"wp:featuredmedia":[{"embeddable":true,"href":"https:\/\/www.europesays.com\/fr\/wp-json\/wp\/v2\/media\/492801"}],"wp:attachment":[{"href":"https:\/\/www.europesays.com\/fr\/wp-json\/wp\/v2\/media?parent=492800"}],"wp:term":[{"taxonomy":"category","embeddable":true,"href":"https:\/\/www.europesays.com\/fr\/wp-json\/wp\/v2\/categories?post=492800"},{"taxonomy":"post_tag","embeddable":true,"href":"https:\/\/www.europesays.com\/fr\/wp-json\/wp\/v2\/tags?post=492800"}],"curies":[{"name":"wp","href":"https:\/\/api.w.org\/{rel}","templated":true}]}}