{"id":492804,"date":"2025-10-27T09:00:18","date_gmt":"2025-10-27T09:00:18","guid":{"rendered":"https:\/\/www.europesays.com\/fr\/492804\/"},"modified":"2025-10-27T09:00:18","modified_gmt":"2025-10-27T09:00:18","slug":"nancy-lecole-de-commerce-et-management-rejoint-le-groupe-igensia-education","status":"publish","type":"post","link":"https:\/\/www.europesays.com\/fr\/492804\/","title":{"rendered":"Nancy\u00a0: l\u2019\u00c9cole de commerce et management rejoint le groupe Igensia \u00c9ducation"},"content":{"rendered":"<p>\u00catre&#13;<br \/>\nau plus proche des besoins des entreprises locales ! ADN affich\u00e9 de&#13;<br \/>\nl\u2019\u00c9cole&#13;<br \/>\nde commerce et management (ECM), pr\u00e9sente notamment \u00e0 Nancy depuis&#13;<br \/>\n2023 sur son campus de la rue Notre-Dame.<\/p>\n<p>Elle&#13;<br \/>\nvient d\u2019annoncer son int\u00e9gration au groupe Igensia (r\u00e9seau&#13;<br \/>\nd\u2019\u00e9coles ind\u00e9pendantes port\u00e9 par une mission d\u2019int\u00e9r\u00eat&#13;<br \/>\ng\u00e9n\u00e9ral celui de rendre l\u2019enseignement accessible \u00e0 tous dans&#13;<br \/>\nune logique d\u2019insertion professionnelle durable).<\/p>\n<p>\u00abRejoindre&#13;<br \/>\nune f\u00e9d\u00e9ration d\u2019associations reconnue telle que le groupe&#13;<br \/>\nIgensia \u00c9ducation,&#13;<br \/>\nc\u2019est pour l\u2019ECM une opportunit\u00e9 de franchir un cap structurant.&#13;<br \/>\nCe rapprochement nous permet d\u2019ouvrir de nouvelles perspectives \u00e0&#13;<br \/>\nnos \u00e9tudiants et de consolider notre r\u00f4le d\u2019acteur \u00e9ducatif&#13;<br \/>\nengag\u00e9 au c\u0153ur des territoires\u00bb,&#13;<br \/>\nassure Claude Filisetti, directeur g\u00e9n\u00e9ral de l\u2019ECM.<\/p>\n<p>Avec&#13;<br \/>\nplus de 2 400 \u00e9tudiants r\u00e9partis sur ses sept campus (Besan\u00e7on,&#13;<br \/>\nDijon, Belfort, Mulhouse, Strasbourg, Nancy et Clermont-Ferrand),&#13;<br \/>\nl\u2019ECM s\u2019affiche comme partenaire pour les PME r\u00e9gionales.<\/p>\n<p><strong>Nouvelle&#13;<br \/>\ng\u00e9n\u00e9ration de professionnels<\/strong><\/p>\n<p>L\u2019offre&#13;<br \/>\nde formation propos\u00e9e (marketing, communication, commerce, gestion,&#13;<br \/>\nfinance en passant par la banque, l\u2019assurance, l\u2019immobilier ou&#13;<br \/>\nencore le management strat\u00e9gique) est uniquement accessible en&#13;<br \/>\nalternance. L\u2019\u00e9cole annonce un r\u00e9seau de 5 000 entreprises&#13;<br \/>\npartenaires.<\/p>\n<p>Le&#13;<br \/>\nsoutien du groupe Igensia \u00c9ducation&#13;<br \/>\nva permettre \u00e0 l\u2019ECM de poursuivre ses engagements historiques&#13;<br \/>\ntout en int\u00e9grant les enjeux actuels de l\u2019enseignement sup\u00e9rieur&#13;<br \/>\n(digitalisation, internationalisation, hybridation des comp\u00e9tences,&#13;<br \/>\nimpact social).<\/p>\n<p>\u00abNous&#13;<br \/>\nentendons former une nouvelle g\u00e9n\u00e9ration de professionnels&#13;<br \/>\nresponsables, capables de relever les d\u00e9fis de demain dans des&#13;<br \/>\ncontextes \u00e9conomiques et soci\u00e9taux en pleine mutation\u00bb.<\/p>\n","protected":false},"excerpt":{"rendered":"\u00catre&#13; au plus proche des besoins des entreprises locales ! ADN affich\u00e9 de&#13; l\u2019\u00c9cole&#13; de commerce et management&hellip;\n","protected":false},"author":2,"featured_media":492805,"comment_status":"","ping_status":"","sticky":false,"template":"","format":"standard","meta":{"footnotes":""},"categories":[9635],"tags":[1111,11,1777,674,1011,27,775,1702,12,25],"class_list":{"0":"post-492804","1":"post","2":"type-post","3":"status-publish","4":"format-standard","5":"has-post-thumbnail","7":"category-nancy","8":"tag-actu","9":"tag-actualites","10":"tag-eu","11":"tag-europe","12":"tag-fr","13":"tag-france","14":"tag-grand-est","15":"tag-nancy","16":"tag-news","17":"tag-republique-francaise"},"share_on_mastodon":{"url":"https:\/\/pubeurope.com\/@fr\/115445315982972890","error":""},"_links":{"self":[{"href":"https:\/\/www.europesays.com\/fr\/wp-json\/wp\/v2\/posts\/492804","targetHints":{"allow":["GET"]}}],"collection":[{"href":"https:\/\/www.europesays.com\/fr\/wp-json\/wp\/v2\/posts"}],"about":[{"href":"https:\/\/www.europesays.com\/fr\/wp-json\/wp\/v2\/types\/post"}],"author":[{"embeddable":true,"href":"https:\/\/www.europesays.com\/fr\/wp-json\/wp\/v2\/users\/2"}],"replies":[{"embeddable":true,"href":"https:\/\/www.europesays.com\/fr\/wp-json\/wp\/v2\/comments?post=492804"}],"version-history":[{"count":0,"href":"https:\/\/www.europesays.com\/fr\/wp-json\/wp\/v2\/posts\/492804\/revisions"}],"wp:featuredmedia":[{"embeddable":true,"href":"https:\/\/www.europesays.com\/fr\/wp-json\/wp\/v2\/media\/492805"}],"wp:attachment":[{"href":"https:\/\/www.europesays.com\/fr\/wp-json\/wp\/v2\/media?parent=492804"}],"wp:term":[{"taxonomy":"category","embeddable":true,"href":"https:\/\/www.europesays.com\/fr\/wp-json\/wp\/v2\/categories?post=492804"},{"taxonomy":"post_tag","embeddable":true,"href":"https:\/\/www.europesays.com\/fr\/wp-json\/wp\/v2\/tags?post=492804"}],"curies":[{"name":"wp","href":"https:\/\/api.w.org\/{rel}","templated":true}]}}