{"id":492817,"date":"2025-10-27T09:11:16","date_gmt":"2025-10-27T09:11:16","guid":{"rendered":"https:\/\/www.europesays.com\/fr\/492817\/"},"modified":"2025-10-27T09:11:16","modified_gmt":"2025-10-27T09:11:16","slug":"bande-dessinee-mathieu-bablet-a-lespace-ouest-france-a-rennes-jeudi-30-octobre","status":"publish","type":"post","link":"https:\/\/www.europesays.com\/fr\/492817\/","title":{"rendered":"Bande dessin\u00e9e\u00a0: Mathieu Bablet \u00e0 l\u2019Espace Ouest-France \u00e0 Rennes, jeudi 30 octobre."},"content":{"rendered":"<p><strong>Lundi 27\u00a0octobre<\/strong>, \u00e0 12\u00a0h\u00a030, enregistrement en public de <a href=\"https:\/\/www.ouest-france.fr\/sport\/football\/stade-rennais\/video-podcast-video-les-coulisses-de-l-emission-pleine-lucarne-75e1da27-df84-358f-b9c0-adb4e08b39d3\" target=\"_blank\" rel=\"nofollow noopener\">l\u2019\u00e9mission Pleine Lucarne, avec TV Rennes<\/a>, anim\u00e9e par Vincent Simonneaux et Christophe Penven, de TV Rennes, Nicolas Mangeard de Ouest-France. Entr\u00e9e libre dans la limite des places disponibles.<\/p>\n<p><strong>Jeudi 30\u00a0octobre<\/strong>, \u00e0 17\u00a0h\u00a030, <a href=\"https:\/\/lemans.maville.com\/actu\/actudet_-le-roi-de-la-bande-dessinee-de-science-fiction-mathieu-bablet-au-mans-_14-7021798_actu.Htm\" target=\"_blank\" rel=\"nofollow noopener\">Mathieu Bablet<\/a> sera l\u2019invit\u00e9 de l\u2019espace Ouest-France pour sa BD, parue aux \u00e9ditions rue de S\u00e8vres \u2013 Label 619 Silent Jenny, en partenariat avec la librairie M\u2019Enfin. Dans Silent Jenny, Mathieu Bablet explore les fronti\u00e8res entre humanit\u00e9 et technologie, silence et vacarme int\u00e9rieur, solitude et connexion.<\/p>\n<p>Un r\u00e9cit sensoriel et contemplatif qui nous invite \u00e0 questionner ce que signifie encore \u00ab\u00a0\u00eatre vivant\u00a0\u00bb dans un monde satur\u00e9 d\u2019images et de donn\u00e9es.<\/p>\n<p>\u00c0 l\u2019issue de la rencontre, l\u2019auteur fera vingt\u00a0d\u00e9dicaces dessin\u00e9es sur tirage au sort. Vous recevrez un ticket d\u00e8s votre arriv\u00e9e pour participer \u00e0 ce tirage au sort. Les lecteurs n\u2019ayant pas \u00e9t\u00e9 retenus auront la possibilit\u00e9 d\u2019avoir une d\u00e9dicace au tampon. Sur r\u00e9servation\u00a0: <a href=\"https:\/\/my.weezevent.com\/mathieu-bablet\" target=\"_blank\" rel=\"nofollow noopener\">https:\/\/my.weezevent.com\/mathieu-bablet<\/a><\/p>\n<p><strong>Espace Ouest-France,<\/strong> 38, rue du Pr\u00e9-Bott\u00e9, \u00e0 Rennes. Tel. 02\u00a099\u00a029\u00a069\u00a084 espaceouestfrance@ouest-france.fr<\/p>\n<p>\u00a0<\/p>\n","protected":false},"excerpt":{"rendered":"Lundi 27\u00a0octobre, \u00e0 12\u00a0h\u00a030, enregistrement en public de l\u2019\u00e9mission Pleine Lucarne, avec TV Rennes, anim\u00e9e par Vincent Simonneaux&hellip;\n","protected":false},"author":2,"featured_media":492818,"comment_status":"","ping_status":"","sticky":false,"template":"","format":"standard","meta":{"footnotes":""},"categories":[2821],"tags":[11045,1111,11,61580,26062,829,36069,386,1777,674,1011,27,9272,53935,12,7518,7418,3086,584,25],"class_list":{"0":"post-492817","1":"post","2":"type-post","3":"status-publish","4":"format-standard","5":"has-post-thumbnail","7":"category-rennes","8":"tag-11045","9":"tag-actu","10":"tag-actualites","11":"tag-bablet","12":"tag-bande","13":"tag-bretagne","14":"tag-dessinee","15":"tag-espace","16":"tag-eu","17":"tag-europe","18":"tag-fr","19":"tag-france","20":"tag-jeudi","21":"tag-mathieu","22":"tag-news","23":"tag-octobre","24":"tag-ouest-france","25":"tag-redon","26":"tag-rennes","27":"tag-republique-francaise"},"share_on_mastodon":{"url":"https:\/\/pubeurope.com\/@fr\/115445359447719714","error":""},"_links":{"self":[{"href":"https:\/\/www.europesays.com\/fr\/wp-json\/wp\/v2\/posts\/492817","targetHints":{"allow":["GET"]}}],"collection":[{"href":"https:\/\/www.europesays.com\/fr\/wp-json\/wp\/v2\/posts"}],"about":[{"href":"https:\/\/www.europesays.com\/fr\/wp-json\/wp\/v2\/types\/post"}],"author":[{"embeddable":true,"href":"https:\/\/www.europesays.com\/fr\/wp-json\/wp\/v2\/users\/2"}],"replies":[{"embeddable":true,"href":"https:\/\/www.europesays.com\/fr\/wp-json\/wp\/v2\/comments?post=492817"}],"version-history":[{"count":0,"href":"https:\/\/www.europesays.com\/fr\/wp-json\/wp\/v2\/posts\/492817\/revisions"}],"wp:featuredmedia":[{"embeddable":true,"href":"https:\/\/www.europesays.com\/fr\/wp-json\/wp\/v2\/media\/492818"}],"wp:attachment":[{"href":"https:\/\/www.europesays.com\/fr\/wp-json\/wp\/v2\/media?parent=492817"}],"wp:term":[{"taxonomy":"category","embeddable":true,"href":"https:\/\/www.europesays.com\/fr\/wp-json\/wp\/v2\/categories?post=492817"},{"taxonomy":"post_tag","embeddable":true,"href":"https:\/\/www.europesays.com\/fr\/wp-json\/wp\/v2\/tags?post=492817"}],"curies":[{"name":"wp","href":"https:\/\/api.w.org\/{rel}","templated":true}]}}