{"id":492819,"date":"2025-10-27T09:12:23","date_gmt":"2025-10-27T09:12:23","guid":{"rendered":"https:\/\/www.europesays.com\/fr\/492819\/"},"modified":"2025-10-27T09:12:23","modified_gmt":"2025-10-27T09:12:23","slug":"le-discours-de-valentin-rongier-devant-les-ultras-apres-rennes-nice-ligue-1-j9-rennes-nice-1-2","status":"publish","type":"post","link":"https:\/\/www.europesays.com\/fr\/492819\/","title":{"rendered":"Le discours de Valentin Rongier devant les ultras apr\u00e8s Rennes-Nice &#8211; Ligue 1 &#8211; J9 &#8211; Rennes-Nice (1-2)"},"content":{"rendered":"<p>Qui l\u2019e\u00fbt cru ?<\/p>\n<p>Le vent de crise souffle toujours un peu plus fort \u00e0 Rennes, <strong><a target=\"_blank\" href=\"https:\/\/www.sofoot.com\/articles\/ligue-1-angers-et-le-havre-sortent-de-la-zone-de-relegation-rennes-seffondre-face-a-nice\" rel=\"nofollow noopener\">qui a encha\u00een\u00e9 un cinqui\u00e8me match sans victoire contre Nice<\/a>, dimanche, pour d\u00e9crocher du wagon des places europ\u00e9ennes.<\/strong> Apr\u00e8s le coup de sifflet final, <strong>les ultras du Roazhon Celtic Kop n\u2019ont pas boug\u00e9 de leur tribune pendant une heure, dans l\u2019attente de pouvoir \u00e9changer avec des joueurs ou des dirigeants.\u00a0<\/strong><\/p>\n<p>\u00ab\u202fJe vous promets que les choses vont changer\u202f\u00bb<\/p>\n<p><strong>Si Habib Beye a \u00e9t\u00e9 accueilli par des sifflets<\/strong> lors de son passage chez le diffuseur Ligue 1+, <strong>les supporters bretons ont fini par voir arriver plusieurs cadres. Breel Embolo, Ludovic Blas, Seko Fofana, Anthony Rouault, Brice Samba, Lilian Brassier et donc le capitaine Valentin Rongier,<\/strong> ex-Nantais et <a target=\"_blank\" href=\"https:\/\/www.sofoot.com\/breves\/les-ultras-rennais-refusent-larrivee-de-lex-nantais-valentin-rongier-om\" rel=\"nofollow noopener\">dont l\u2019arriv\u00e9e avait \u00e9t\u00e9 contest\u00e9e par ces m\u00eames ultras<\/a> cet \u00e9t\u00e9, sont venus devant la tribune Mordelles.<\/p>\n<blockquote class=\"twitter-tweet\">\n<p lang=\"fr\" dir=\"ltr\">Plus de 30 minutes apr\u00e8s le coup de sifflet final, le RCK est toujours pr\u00e9sent en tribune pendant le passage de Habib Beye chez le diffuseur. <a target=\"_blank\" href=\"https:\/\/t.co\/StF1zmzc4S\" rel=\"nofollow\">pic.twitter.com\/StF1zmzc4S<\/a><\/p>\n<p>\u2014 Cl\u00e9ment Gavard (@Clem_Gavv) <a target=\"_blank\" href=\"https:\/\/twitter.com\/Clem_Gavv\/status\/1982519586609303983?ref_src=twsrc%5Etfw\" rel=\"nofollow noopener\">October 26, 2025<\/a><\/p><\/blockquote>\n<p>Le milieu de terrain a m\u00eame pris le micro, comme relay\u00e9 par une vid\u00e9o publi\u00e9e sur les r\u00e9seaux sociaux, avant d\u2019\u00eatre supprim\u00e9e :\u00a0\u00ab\u00a0On sait tr\u00e8s bien votre frustration, et on la partage. Croyez-nous, nous aussi, \u00e7a nous fait chier de finir les matchs et ne pas gagner. On est conscient de \u00e7a, tous les jours on s\u2019entra\u00eene tr\u00e8s dur, et je peux t\u2019assurer qu\u2019il n\u2019y a aucun tricheur dans le groupe. Ce soir tu parles de r\u00e9action, mais je ne suis pas d\u2019accord. S\u2019il y avait une \u00e9quipe qui \u00e9tait malade, en deuxi\u00e8me p\u00e9riode, on n\u2019aurait pas eu cette r\u00e9action, on n\u2019aurait pas tout donn\u00e9 pour essayer de revenir. C\u2019est insuffisant, et on le sait parce qu\u2019on est le Stade rennais. Je vous promets que les choses vont changer et tourner en notre faveur\u2026\u00a0\u00bb<\/p>\n<p>Avec ou sans Habib Beye ?<\/p>\n<p>\t\t\t\t\t\t\t\t\t\t<a class=\"lien-connexe\" href=\"https:\/\/www.sofoot.com\/articles\/ligue-1-angers-et-le-havre-sortent-de-la-zone-de-relegation-rennes-seffondre-face-a-nice\" rel=\"nofollow noopener\" target=\"_blank\">Angers et Le Havre sortent de la zone rouge, Rennes s\u2019effondre contre Nice<\/a>\t\t\t\t\t<script async src=\"https:\/\/platform.twitter.com\/widgets.js\" charset=\"utf-8\"><\/script><\/p>\n","protected":false},"excerpt":{"rendered":"Qui l\u2019e\u00fbt cru ? Le vent de crise souffle toujours un peu plus fort \u00e0 Rennes, qui a&hellip;\n","protected":false},"author":2,"featured_media":492820,"comment_status":"","ping_status":"","sticky":false,"template":"","format":"standard","meta":{"footnotes":""},"categories":[2821],"tags":[1111,47,11,61,829,69,65,64,1777,674,63,1011,27,68,66,12,62,70,584,25,67],"class_list":{"0":"post-492819","1":"post","2":"type-post","3":"status-publish","4":"format-standard","5":"has-post-thumbnail","7":"category-rennes","8":"tag-actu","9":"tag-actualite","10":"tag-actualites","11":"tag-actus-football","12":"tag-bretagne","13":"tag-bundesliga","14":"tag-championnats-europeens","15":"tag-equipe-de-france","16":"tag-eu","17":"tag-europe","18":"tag-football","19":"tag-fr","20":"tag-france","21":"tag-ligua","22":"tag-ligue-1","23":"tag-news","24":"tag-news-foot","25":"tag-premier-league","26":"tag-rennes","27":"tag-republique-francaise","28":"tag-serie-a"},"share_on_mastodon":{"url":"https:\/\/pubeurope.com\/@fr\/115445363138848240","error":""},"_links":{"self":[{"href":"https:\/\/www.europesays.com\/fr\/wp-json\/wp\/v2\/posts\/492819","targetHints":{"allow":["GET"]}}],"collection":[{"href":"https:\/\/www.europesays.com\/fr\/wp-json\/wp\/v2\/posts"}],"about":[{"href":"https:\/\/www.europesays.com\/fr\/wp-json\/wp\/v2\/types\/post"}],"author":[{"embeddable":true,"href":"https:\/\/www.europesays.com\/fr\/wp-json\/wp\/v2\/users\/2"}],"replies":[{"embeddable":true,"href":"https:\/\/www.europesays.com\/fr\/wp-json\/wp\/v2\/comments?post=492819"}],"version-history":[{"count":0,"href":"https:\/\/www.europesays.com\/fr\/wp-json\/wp\/v2\/posts\/492819\/revisions"}],"wp:featuredmedia":[{"embeddable":true,"href":"https:\/\/www.europesays.com\/fr\/wp-json\/wp\/v2\/media\/492820"}],"wp:attachment":[{"href":"https:\/\/www.europesays.com\/fr\/wp-json\/wp\/v2\/media?parent=492819"}],"wp:term":[{"taxonomy":"category","embeddable":true,"href":"https:\/\/www.europesays.com\/fr\/wp-json\/wp\/v2\/categories?post=492819"},{"taxonomy":"post_tag","embeddable":true,"href":"https:\/\/www.europesays.com\/fr\/wp-json\/wp\/v2\/tags?post=492819"}],"curies":[{"name":"wp","href":"https:\/\/api.w.org\/{rel}","templated":true}]}}