{"id":492821,"date":"2025-10-27T09:13:19","date_gmt":"2025-10-27T09:13:19","guid":{"rendered":"https:\/\/www.europesays.com\/fr\/492821\/"},"modified":"2025-10-27T09:13:19","modified_gmt":"2025-10-27T09:13:19","slug":"strasbourg-le-festival-theatralis-croise-les-arts-vivants-a-lespace-k","status":"publish","type":"post","link":"https:\/\/www.europesays.com\/fr\/492821\/","title":{"rendered":"Strasbourg. Le festival Th\u00e9atralis croise les arts vivants \u00e0 l\u2019Espace K"},"content":{"rendered":"<p>Ce festival du spectacle vivant conjugue, pendant trois jours \u00e0 l\u2019Espace K \u00e0 Strasbourg, th\u00e9\u00e2tre, musique, danse, contes pour enfants et marionnettes. Cette 21e \u00e9dition va, comme chaque ann\u00e9e, promouvoir les pratiques amateurs et faire conna\u00eetre aupr\u00e8s d\u2019un large public compagnies et artistes \u00e9mergents.<\/p>\n<p>Th\u00e9\u00e2tralis, organis\u00e9 par le collectif Trois14, investira deux espaces\u00a0: une grande sc\u00e8ne pour les spectacles longs et restitutions de travaux bien aboutis, ainsi qu\u2019un salon des curiosit\u00e9s, gratuit et anim\u00e9 par des formats courts et autres bizarreries.<\/p>\n<p class=\"note\">Espace K, 10 rue du Hohwald \u00e0 Strasbourg, vendredi 31\u00a0octobre d\u00e8s 18\u00a0h, samedi\u00a01er et dimanche 2\u00a0novembre \u00e0 partir de 10\u00a0h\u00a030. Tarifs\u00a0: grande sc\u00e8ne 7 \u20ac, pass festival 20\u00a0\u20ac. Plus d\u2019infos et r\u00e9servations sur <a href=\"https:\/\/theatralis.fr\/\" target=\"_blank\" rel=\"nofollow noopener\">theatralis.fr<\/a><\/p>\n","protected":false},"excerpt":{"rendered":"Ce festival du spectacle vivant conjugue, pendant trois jours \u00e0 l\u2019Espace K \u00e0 Strasbourg, th\u00e9\u00e2tre, musique, danse, contes&hellip;\n","protected":false},"author":2,"featured_media":492822,"comment_status":"","ping_status":"","sticky":false,"template":"","format":"standard","meta":{"footnotes":""},"categories":[2820],"tags":[1111,11,2389,1687,1777,674,107,1011,27,775,873,12,25,640],"class_list":{"0":"post-492821","1":"post","2":"type-post","3":"status-publish","4":"format-standard","5":"has-post-thumbnail","7":"category-strasbourg","8":"tag-actu","9":"tag-actualites","10":"tag-alsace","11":"tag-culture-loisirs","12":"tag-eu","13":"tag-europe","14":"tag-fil-info","15":"tag-fr","16":"tag-france","17":"tag-grand-est","18":"tag-musique","19":"tag-news","20":"tag-republique-francaise","21":"tag-strasbourg"},"share_on_mastodon":{"url":"https:\/\/pubeurope.com\/@fr\/115445367409717188","error":""},"_links":{"self":[{"href":"https:\/\/www.europesays.com\/fr\/wp-json\/wp\/v2\/posts\/492821","targetHints":{"allow":["GET"]}}],"collection":[{"href":"https:\/\/www.europesays.com\/fr\/wp-json\/wp\/v2\/posts"}],"about":[{"href":"https:\/\/www.europesays.com\/fr\/wp-json\/wp\/v2\/types\/post"}],"author":[{"embeddable":true,"href":"https:\/\/www.europesays.com\/fr\/wp-json\/wp\/v2\/users\/2"}],"replies":[{"embeddable":true,"href":"https:\/\/www.europesays.com\/fr\/wp-json\/wp\/v2\/comments?post=492821"}],"version-history":[{"count":0,"href":"https:\/\/www.europesays.com\/fr\/wp-json\/wp\/v2\/posts\/492821\/revisions"}],"wp:featuredmedia":[{"embeddable":true,"href":"https:\/\/www.europesays.com\/fr\/wp-json\/wp\/v2\/media\/492822"}],"wp:attachment":[{"href":"https:\/\/www.europesays.com\/fr\/wp-json\/wp\/v2\/media?parent=492821"}],"wp:term":[{"taxonomy":"category","embeddable":true,"href":"https:\/\/www.europesays.com\/fr\/wp-json\/wp\/v2\/categories?post=492821"},{"taxonomy":"post_tag","embeddable":true,"href":"https:\/\/www.europesays.com\/fr\/wp-json\/wp\/v2\/tags?post=492821"}],"curies":[{"name":"wp","href":"https:\/\/api.w.org\/{rel}","templated":true}]}}