{"id":492827,"date":"2025-10-27T09:16:24","date_gmt":"2025-10-27T09:16:24","guid":{"rendered":"https:\/\/www.europesays.com\/fr\/492827\/"},"modified":"2025-10-27T09:16:24","modified_gmt":"2025-10-27T09:16:24","slug":"gare-sncf-de-nice-des-trains-annules-gros-retards-ce-quil-se-passe","status":"publish","type":"post","link":"https:\/\/www.europesays.com\/fr\/492827\/","title":{"rendered":"Gare SNCF de Nice. Des trains annul\u00e9s, gros retards : ce qu&rsquo;il se passe"},"content":{"rendered":"<p>            Par<br \/>\n        <strong><br \/>\n            <a href=\"https:\/\/actu.fr\/auteur\/ugo-maillard\" title=\"Consulter tous les articles de Ugo Maillard\" rel=\"nofollow noopener\" target=\"_blank\">Ugo Maillard<\/a><br \/>\n        <\/strong><\/p>\n<p>        Publi\u00e9 le<\/p>\n<p>            27 oct. 2025 \u00e0 9h31        <\/p>\n<p>Un d\u00e9but de semaine compliqu\u00e9 sur le r\u00e9seau ferr\u00e9 fran\u00e7ais. Ce lundi 27 octobre 2025, de nombreux trains sont supprim\u00e9s ou retard\u00e9s dans le quart sud-est de la France. Un acte de vandalisme s\u2019est produit dans le Vaucluse, ce qui entra\u00eene de grosses perturbations, indiquent les \u00e9quipes de la SNCF.<\/p>\n<p class=\" wall-content\">\u00c0 <a href=\"https:\/\/actu.fr\/nice\/\" rel=\"nofollow noopener\" target=\"_blank\">Nice<\/a>, on recense d\u2019ores et d\u00e9j\u00e0 un train annul\u00e9. Le TGV de 9\u2009h\u200956 en direction de la gare de Lyon \u00e0 Paris est annul\u00e9. Des <strong>TGV en direction de Nice<\/strong> sont \u00e9galement supprim\u00e9s.<\/p>\n<p class=\" wall-content\">Pour l\u2019heure, les trains vers Marseille ou en direction des gares des <a href=\"https:\/\/actu.fr\/provence-alpes-cote-d-azur\/alpes-maritimes_06\" rel=\"nofollow noopener\" target=\"_blank\">Alpes-Maritimes<\/a> ne sont pas impact\u00e9s.<\/p>\n<p>Un acte de vandalisme dans le Vaucluse<\/p>\n<p class=\" wall-content\">Selon les premiers \u00e9l\u00e9ments communiqu\u00e9s par les \u00e9quipes de la SNCF, un acte de vandalisme commis \u00e0 Boll\u00e8ne (Vaucluse) est \u00e0 l\u2019origine des perturbations, comme l\u2019indiquent nos confr\u00e8res d<a href=\"https:\/\/actu.fr\/auvergne-rhone-alpes\/lyon_69123\/sncf-lyon-part-dieu-enorme-pagaille-en-cours-sur-le-trafic-des-retards-monstres_63354172.html\" rel=\"nofollow noopener\" target=\"_blank\">\u2019actu Lyon<\/a>.<\/p>\n<p>    <a href=\"https:\/\/www.google.com\/maps\/embed?pb=!1m18!1m12!1m3!1d435535.6131844636!2d5.063507007121774!3d44.181261612717364!2m3!1f0!2f0!3f0!3m2!1i1024!2i768!4f13.1!3m3!1m2!1s0x12b59fc012a0ea0b%3A0xc8476c647c037127!2s84500%20Boll%C3%A8ne!5e0!3m2!1sfr!2sfr!4v1761552342884!5m2!1sfr!2sfr\" title=\"Ouvrie le lien\" rel=\"nofollow noopener\" target=\"_blank\">Cliquez ici pour visualiser le contenu<\/a><\/p>\n<p class=\" wall-content\">C\u2019est un \u00ab\u2009incendie sur des c\u00e2bles de signalisation\u2009\u00bb qui est \u00e0 l\u2019origine de ces perturbations, affirme sur son site internet la SNCF, \u00e9voquant \u00ab\u2009un acte de vandalisme\u2009\u00bb, alors que ses \u00e9quipes sont toujours en train \u00ab\u2009d\u2019\u00e9tablir le diagnostic pr\u00e9cis des d\u00e9g\u00e2ts\u2009\u00bb.<\/p>\n<p class=\" wall-content\">Le retour \u00e0 la normale est attendu demain, mardi, en d\u00e9but de matin\u00e9e.<\/p>\n<p class=\" wall-content\">Personnalisez votre actualit\u00e9 en ajoutant vos villes et m\u00e9dias en favori avec <a href=\"https:\/\/moncompte.actu.fr\" title=\"D\u00e9couvez Mon Actu\" rel=\"nofollow noopener\" data-trk=\"{&quot;cta&quot;:{&quot;action&quot;:&quot;https:\\\/\\\/moncompte.actu.fr&quot;,&quot;category&quot;:&quot;mon compte&quot;,&quot;from&quot;:&quot;article footer&quot;,&quot;name&quot;:&quot;Mon actu&quot;,&quot;type&quot;:&quot;cta&quot;}}\" target=\"_blank\">Mon Actu<\/a>.<\/p>\n","protected":false},"excerpt":{"rendered":"Par Ugo Maillard Publi\u00e9 le 27 oct. 2025 \u00e0 9h31 Un d\u00e9but de semaine compliqu\u00e9 sur le r\u00e9seau&hellip;\n","protected":false},"author":2,"featured_media":492828,"comment_status":"","ping_status":"","sticky":false,"template":"","format":"standard","meta":{"footnotes":""},"categories":[2819],"tags":[1111,11,1777,674,1011,27,12,2401,882,25,2215,104],"class_list":{"0":"post-492827","1":"post","2":"type-post","3":"status-publish","4":"format-standard","5":"has-post-thumbnail","7":"category-nice","8":"tag-actu","9":"tag-actualites","10":"tag-eu","11":"tag-europe","12":"tag-fr","13":"tag-france","14":"tag-news","15":"tag-nice","16":"tag-provence-alpes-cote-dazur","17":"tag-republique-francaise","18":"tag-sncf","19":"tag-societe"},"share_on_mastodon":{"url":"https:\/\/pubeurope.com\/@fr\/115445379055345286","error":""},"_links":{"self":[{"href":"https:\/\/www.europesays.com\/fr\/wp-json\/wp\/v2\/posts\/492827","targetHints":{"allow":["GET"]}}],"collection":[{"href":"https:\/\/www.europesays.com\/fr\/wp-json\/wp\/v2\/posts"}],"about":[{"href":"https:\/\/www.europesays.com\/fr\/wp-json\/wp\/v2\/types\/post"}],"author":[{"embeddable":true,"href":"https:\/\/www.europesays.com\/fr\/wp-json\/wp\/v2\/users\/2"}],"replies":[{"embeddable":true,"href":"https:\/\/www.europesays.com\/fr\/wp-json\/wp\/v2\/comments?post=492827"}],"version-history":[{"count":0,"href":"https:\/\/www.europesays.com\/fr\/wp-json\/wp\/v2\/posts\/492827\/revisions"}],"wp:featuredmedia":[{"embeddable":true,"href":"https:\/\/www.europesays.com\/fr\/wp-json\/wp\/v2\/media\/492828"}],"wp:attachment":[{"href":"https:\/\/www.europesays.com\/fr\/wp-json\/wp\/v2\/media?parent=492827"}],"wp:term":[{"taxonomy":"category","embeddable":true,"href":"https:\/\/www.europesays.com\/fr\/wp-json\/wp\/v2\/categories?post=492827"},{"taxonomy":"post_tag","embeddable":true,"href":"https:\/\/www.europesays.com\/fr\/wp-json\/wp\/v2\/tags?post=492827"}],"curies":[{"name":"wp","href":"https:\/\/api.w.org\/{rel}","templated":true}]}}