{"id":492831,"date":"2025-10-27T09:18:15","date_gmt":"2025-10-27T09:18:15","guid":{"rendered":"https:\/\/www.europesays.com\/fr\/492831\/"},"modified":"2025-10-27T09:18:15","modified_gmt":"2025-10-27T09:18:15","slug":"nantes-metz-les-modalites-billetterie-football-club-de-metz-infos-fc-metz-entrainements-fc-metz","status":"publish","type":"post","link":"https:\/\/www.europesays.com\/fr\/492831\/","title":{"rendered":"Nantes &#8211; Metz, les modalit\u00e9s billetterie | Football Club de Metz &#8211; Infos FC Metz &#8211; Entra\u00eenements FC Metz"},"content":{"rendered":"<p style=\"text-align: justify;\">Le dimanche 2\u00a0novembre,\u00a0<strong>le FC Metz se rendra sur la pelouse du FC Nantes,<\/strong>\u00a0dans le cadre de la 11\u00e8me journ\u00e9e de Ligue 1 McDonald&rsquo;s. Le coup d&rsquo;envoi de la rencontre sera donn\u00e9 \u00e0 17h15\u00a0au Stade de la Beaujoire.\u00a0<\/p>\n<p style=\"text-align: justify;\">\u00c0 cette occasion, le parcage visiteur sera ouvert aux supporters grenat.\u00a0<\/p>\n<p style=\"text-align: justify;\">Pour acqu\u00e9rir\u00a0votre place au tarif unique de 10\u20ac, <strong><a href=\"https:\/\/www.billetterie-fcmetz.com\/\" target=\"_blank\" rel=\"noopener\">rendez-vous sur la billetterie en ligne du FC Metz<\/a><\/strong>,<b>\u00a0<\/b>afin de r\u00e9server votre contremarque, \u00e0 \u00e9changer lors de votre arriv\u00e9e au stade. La cl\u00f4ture de la vente aura lieu ce vendredi 31 octobre \u00e0 18h00.<\/p>\n","protected":false},"excerpt":{"rendered":"Le dimanche 2\u00a0novembre,\u00a0le FC Metz se rendra sur la pelouse du FC Nantes,\u00a0dans le cadre de la 11\u00e8me&hellip;\n","protected":false},"author":2,"featured_media":492832,"comment_status":"","ping_status":"","sticky":false,"template":"","format":"standard","meta":{"footnotes":""},"categories":[2818],"tags":[1111,11,19298,1777,674,1011,27,19297,766,12,2636,25,19299],"class_list":{"0":"post-492831","1":"post","2":"type-post","3":"status-publish","4":"format-standard","5":"has-post-thumbnail","7":"category-nantes","8":"tag-actu","9":"tag-actualites","10":"tag-entrainements-fc-metz","11":"tag-eu","12":"tag-europe","13":"tag-fr","14":"tag-france","15":"tag-infos-fc-metz","16":"tag-nantes","17":"tag-news","18":"tag-pays-de-la-loire","19":"tag-republique-francaise","20":"tag-videos-fc-metz"},"share_on_mastodon":{"url":"https:\/\/pubeurope.com\/@fr\/115445386929767753","error":""},"_links":{"self":[{"href":"https:\/\/www.europesays.com\/fr\/wp-json\/wp\/v2\/posts\/492831","targetHints":{"allow":["GET"]}}],"collection":[{"href":"https:\/\/www.europesays.com\/fr\/wp-json\/wp\/v2\/posts"}],"about":[{"href":"https:\/\/www.europesays.com\/fr\/wp-json\/wp\/v2\/types\/post"}],"author":[{"embeddable":true,"href":"https:\/\/www.europesays.com\/fr\/wp-json\/wp\/v2\/users\/2"}],"replies":[{"embeddable":true,"href":"https:\/\/www.europesays.com\/fr\/wp-json\/wp\/v2\/comments?post=492831"}],"version-history":[{"count":0,"href":"https:\/\/www.europesays.com\/fr\/wp-json\/wp\/v2\/posts\/492831\/revisions"}],"wp:featuredmedia":[{"embeddable":true,"href":"https:\/\/www.europesays.com\/fr\/wp-json\/wp\/v2\/media\/492832"}],"wp:attachment":[{"href":"https:\/\/www.europesays.com\/fr\/wp-json\/wp\/v2\/media?parent=492831"}],"wp:term":[{"taxonomy":"category","embeddable":true,"href":"https:\/\/www.europesays.com\/fr\/wp-json\/wp\/v2\/categories?post=492831"},{"taxonomy":"post_tag","embeddable":true,"href":"https:\/\/www.europesays.com\/fr\/wp-json\/wp\/v2\/tags?post=492831"}],"curies":[{"name":"wp","href":"https:\/\/api.w.org\/{rel}","templated":true}]}}