{"id":492839,"date":"2025-10-27T09:23:14","date_gmt":"2025-10-27T09:23:14","guid":{"rendered":"https:\/\/www.europesays.com\/fr\/492839\/"},"modified":"2025-10-27T09:23:14","modified_gmt":"2025-10-27T09:23:14","slug":"la-ligne-a-du-metro-de-toulouse-partiellement-a-larret-ce-quil-se-passe","status":"publish","type":"post","link":"https:\/\/www.europesays.com\/fr\/492839\/","title":{"rendered":"La ligne A du m\u00e9tro de Toulouse partiellement \u00e0 l&rsquo;arr\u00eat : ce qu&rsquo;il se passe"},"content":{"rendered":"<p>            Par<br \/>\n        <strong><br \/>\n            <a href=\"https:\/\/actu.fr\/auteur\/david-saint-sernin\" title=\"Consulter tous les articles de David Saint-Sernin\" rel=\"nofollow noopener\" target=\"_blank\">David Saint-Sernin<\/a><br \/>\n        <\/strong><\/p>\n<p>        Publi\u00e9 le<\/p>\n<p>            27 oct. 2025 \u00e0 9h29        <\/p>\n<p>Lundi 27\u00a0octobre 2025, <a href=\"https:\/\/actu.fr\/tag\/metro-de-toulouse\" rel=\"nofollow noopener\" target=\"_blank\">la ligne A du m\u00e9tro<\/a> de <a href=\"https:\/\/actu.fr\/toulouse\/\" rel=\"nofollow noopener\" target=\"_blank\">Toulouse<\/a> est partiellement interrompue entre les stations Basso Cambo et Ar\u00e8nes, \u00ab\u2009en raison d\u2019un probl\u00e8me technique \u00e0 la station Basso Cambo\u2009\u00bb, indique Tiss\u00e9o.<\/p>\n<p class=\" wall-content\">Les perturbations ont d\u00e9but\u00e9 en ce d\u00e9but de journ\u00e9e, un peu avant 8h30.<\/p>\n<p>Plusieurs stations pas desservies<\/p>\n<p class=\" wall-content\">Plusieurs stations ne sont pas desservies\u2009: Basso Cambo, Bellefontaine, Reynerie, Mirail \u2013 Universit\u00e9, Bagatelle, Mermoz, Fontaine Lestang.<\/p>\n<p class=\" wall-content\">La ligne A fonctionne normalement entre les stations Ar\u00e8nes et Balma-Gramont.<\/p>\n<p class=\" wall-content\">La ligne L14 dessert les stations Basso Cambo, Bellefontaine et Mirail-Universit\u00e9<\/p>\n<p class=\" wall-content\">La ligne 13 dessert les stations Bagatelle, Mermoz, Fontaine Lestang et St Cyprien \u2013 R\u00e9publique<\/p>\n<p>Vid\u00e9os : en ce moment sur Actu<\/p>\n<p class=\" wall-content\">La ligne 18 dessert les stations Ar\u00e8nes et Basso Cambo<\/p>\n<p class=\" wall-content\">Personnalisez votre actualit\u00e9 en ajoutant vos villes et m\u00e9dias en favori avec <a href=\"https:\/\/moncompte.actu.fr\" title=\"D\u00e9couvez Mon Actu\" rel=\"nofollow noopener\" data-trk=\"{&quot;cta&quot;:{&quot;action&quot;:&quot;https:\\\/\\\/moncompte.actu.fr&quot;,&quot;category&quot;:&quot;mon compte&quot;,&quot;from&quot;:&quot;article footer&quot;,&quot;name&quot;:&quot;Mon actu&quot;,&quot;type&quot;:&quot;cta&quot;}}\" target=\"_blank\">Mon Actu<\/a>.<\/p>\n","protected":false},"excerpt":{"rendered":"Par David Saint-Sernin Publi\u00e9 le 27 oct. 2025 \u00e0 9h29 Lundi 27\u00a0octobre 2025, la ligne A du m\u00e9tro&hellip;\n","protected":false},"author":2,"featured_media":492840,"comment_status":"","ping_status":"","sticky":false,"template":"","format":"standard","meta":{"footnotes":""},"categories":[2816],"tags":[1111,11,1777,674,1011,27,12,2680,25,104,5400,2312],"class_list":{"0":"post-492839","1":"post","2":"type-post","3":"status-publish","4":"format-standard","5":"has-post-thumbnail","7":"category-toulouse","8":"tag-actu","9":"tag-actualites","10":"tag-eu","11":"tag-europe","12":"tag-fr","13":"tag-france","14":"tag-news","15":"tag-occitanie","16":"tag-republique-francaise","17":"tag-societe","18":"tag-tisseo","19":"tag-toulouse"},"share_on_mastodon":{"url":"https:\/\/pubeurope.com\/@fr\/115445406502760004","error":""},"_links":{"self":[{"href":"https:\/\/www.europesays.com\/fr\/wp-json\/wp\/v2\/posts\/492839","targetHints":{"allow":["GET"]}}],"collection":[{"href":"https:\/\/www.europesays.com\/fr\/wp-json\/wp\/v2\/posts"}],"about":[{"href":"https:\/\/www.europesays.com\/fr\/wp-json\/wp\/v2\/types\/post"}],"author":[{"embeddable":true,"href":"https:\/\/www.europesays.com\/fr\/wp-json\/wp\/v2\/users\/2"}],"replies":[{"embeddable":true,"href":"https:\/\/www.europesays.com\/fr\/wp-json\/wp\/v2\/comments?post=492839"}],"version-history":[{"count":0,"href":"https:\/\/www.europesays.com\/fr\/wp-json\/wp\/v2\/posts\/492839\/revisions"}],"wp:featuredmedia":[{"embeddable":true,"href":"https:\/\/www.europesays.com\/fr\/wp-json\/wp\/v2\/media\/492840"}],"wp:attachment":[{"href":"https:\/\/www.europesays.com\/fr\/wp-json\/wp\/v2\/media?parent=492839"}],"wp:term":[{"taxonomy":"category","embeddable":true,"href":"https:\/\/www.europesays.com\/fr\/wp-json\/wp\/v2\/categories?post=492839"},{"taxonomy":"post_tag","embeddable":true,"href":"https:\/\/www.europesays.com\/fr\/wp-json\/wp\/v2\/tags?post=492839"}],"curies":[{"name":"wp","href":"https:\/\/api.w.org\/{rel}","templated":true}]}}