{"id":492861,"date":"2025-10-27T09:39:20","date_gmt":"2025-10-27T09:39:20","guid":{"rendered":"https:\/\/www.europesays.com\/fr\/492861\/"},"modified":"2025-10-27T09:39:20","modified_gmt":"2025-10-27T09:39:20","slug":"quel-trafic-tgv-entre-avignon-et-paris-ce-lundi-27-octobre-et-mardi-28-octobre","status":"publish","type":"post","link":"https:\/\/www.europesays.com\/fr\/492861\/","title":{"rendered":"quel trafic TGV entre Avignon et Paris ce lundi 27\u00a0octobre et mardi\u00a028\u00a0octobre\u00a0?"},"content":{"rendered":"<p class=\"app_entry_lead\">\n<p>                    <a title=\"\u00a0\u00a9\u00a0Sipra\" href=\"https:\/\/www.europesays.com\/fr\/wp-content\/uploads\/2025\/10\/82003112.jpg\" class=\"fancy\"><\/p>\n<p>                            <img loading=\"lazy\" decoding=\"async\" src=\"https:\/\/www.europesays.com\/fr\/wp-content\/uploads\/2025\/10\/82003112.jpg\" alt=\"Vandalisme \u00e0 la SNCF\u00a0: quel trafic TGV entre Avignon et Paris ce lundi 27\u00a0octobre et mardi\u00a028\u00a0octobre\u00a0?\" width=\"1500\" height=\"1000\"\/><\/p>\n<p>                    <\/a><\/p>\n<p>                Le trafic des trains \u00e0 grande vitesse est fortement perturb\u00e9 entre Lyon et Avignon depuis ce lundi suite \u00e0 un \u00ab\u00a0acte de vandalisme\u00a0\u00bb. Un retour \u00e0 la normale est \u00ab\u00a0envisag\u00e9\u00a0\u00bb mardi\u00a0\u00ab\u00a0au matin\u00a0\u00bb\u00a0a annonc\u00e9 la SNCF.<\/p>\n<p>Depuis lundi 27\u00a0octobre, au matin, le\u00a0trafic des trains \u00e0 grande vitesse est fortement perturb\u00e9 entre Lyon et Avignon. La perturbation fait suite \u00e0 un\u00a0\u00ab\u00a0acte de vandalisme\u00a0\u00bb selon la SNCF. De nombreuses sont supprim\u00e9es\u00a0vers le Sud-Est et d&rsquo;importants\u00a0retards sont pr\u00e9vus\u00a0en direction de Paris.<\/p>\n<p>\u00ab\u00a0Tous les TGV empruntent un autre itin\u00e9raire via la ligne classique afin d&rsquo;\u00e9viter la zone de l&rsquo;incident\u00a0\u00bb, indique la SNCF. D&rsquo;autres, entre Paris et Marseille, Montpellier ou Nice, sont d&rsquo;ors et d\u00e9j\u00e0 supprim\u00e9s. Ces perturbations ne concernent cependant pas la ligne entre Paris et Lyon. Les \u00e9quipes de la SNCF sont toujours en train\u00a0\u00ab\u00a0d&rsquo;\u00e9tablir le diagnostic pr\u00e9cis des d\u00e9g\u00e2ts\u00a0\u00bb.<\/p>\n<p>\u00ab\u00a0Certains trains circulent par un autre itin\u00e9raire empruntant la ligne classique avec une perte de temps estim\u00e9e \u00e0 plus de 2h30\u00a0environ. Actuellement, cet itin\u00e9raire est bloqu\u00e9 par la pr\u00e9sence d&rsquo;un train en panne. Des suppressions de trains sont \u00e0 pr\u00e9voir\u00a0\u00bb, a ajout\u00e9 la SNCF.<\/p>\n<p>Tous les TGV au d\u00e9part de Paris allant au-del\u00e0 de Lyon \u00e9taient supprim\u00e9s, et ce au moins jusqu&rsquo;\u00e0 11\u00a0heures, sur le site de la SNCF. \u00ab\u00a0La reprise des circulations normales est envisag\u00e9e mardi 28\u00a0octobre\u00a0\u00bb\u00a0au\u00a0\u00ab\u00a0matin\u00a0\u00bb,\u00a0pr\u00e9cise aussi la SNCF sur son site internet. Notons que les trains partant du Sud-Est de la France en direction de Paris, Lyon ou Strasbourg indiquent jusqu&rsquo;\u00e0 3\u00a0heures de retard ce lundi matin.<\/p>\n<p>Dimanche soir, des passagers d&rsquo;un\u00a0Intercit\u00e9s en panne entre\u00a0Bordeaux et Agen ont \u00e9t\u00e9 transbord\u00e9s apr\u00e8s avoir \u00e9t\u00e9 bloqu\u00e9s pr\u00e8s de cinq heures sur les voies. L&rsquo;incident\u00a0a provoqu\u00e9 pr\u00e8s d&rsquo;une dizaine de suppressions de trains dans le Sud-Ouest, selon la SNCF. D&rsquo;autres\u00a0passagers cette fois-ci\u00a0de la ligne Toulouse-Paris sont arriv\u00e9es avec 9 heures de retard \u00e0 la gare Montparnasse lundi matin, selon\u00a0Franceinfo.<\/p>\n","protected":false},"excerpt":{"rendered":"Le trafic des trains \u00e0 grande vitesse est fortement perturb\u00e9 entre Lyon et Avignon depuis ce lundi suite&hellip;\n","protected":false},"author":2,"featured_media":492862,"comment_status":"","ping_status":"","sticky":false,"template":"","format":"standard","meta":{"footnotes":""},"categories":[1888],"tags":[11,61582,51761,1777,674,51763,1011,27,12,51767,626,25,104],"class_list":{"0":"post-492861","1":"post","2":"type-post","3":"status-publish","4":"format-standard","5":"has-post-thumbnail","7":"category-paris","8":"tag-actualites","9":"tag-cms-linternaute-9104546","10":"tag-controller-content","11":"tag-eu","12":"tag-europe","13":"tag-format-papier","14":"tag-fr","15":"tag-france","16":"tag-news","17":"tag-parallaxeinfeed","18":"tag-paris","19":"tag-republique-francaise","20":"tag-societe"},"share_on_mastodon":{"url":"https:\/\/pubeurope.com\/@fr\/115445470665082687","error":""},"_links":{"self":[{"href":"https:\/\/www.europesays.com\/fr\/wp-json\/wp\/v2\/posts\/492861","targetHints":{"allow":["GET"]}}],"collection":[{"href":"https:\/\/www.europesays.com\/fr\/wp-json\/wp\/v2\/posts"}],"about":[{"href":"https:\/\/www.europesays.com\/fr\/wp-json\/wp\/v2\/types\/post"}],"author":[{"embeddable":true,"href":"https:\/\/www.europesays.com\/fr\/wp-json\/wp\/v2\/users\/2"}],"replies":[{"embeddable":true,"href":"https:\/\/www.europesays.com\/fr\/wp-json\/wp\/v2\/comments?post=492861"}],"version-history":[{"count":0,"href":"https:\/\/www.europesays.com\/fr\/wp-json\/wp\/v2\/posts\/492861\/revisions"}],"wp:featuredmedia":[{"embeddable":true,"href":"https:\/\/www.europesays.com\/fr\/wp-json\/wp\/v2\/media\/492862"}],"wp:attachment":[{"href":"https:\/\/www.europesays.com\/fr\/wp-json\/wp\/v2\/media?parent=492861"}],"wp:term":[{"taxonomy":"category","embeddable":true,"href":"https:\/\/www.europesays.com\/fr\/wp-json\/wp\/v2\/categories?post=492861"},{"taxonomy":"post_tag","embeddable":true,"href":"https:\/\/www.europesays.com\/fr\/wp-json\/wp\/v2\/tags?post=492861"}],"curies":[{"name":"wp","href":"https:\/\/api.w.org\/{rel}","templated":true}]}}