{"id":492867,"date":"2025-10-27T09:44:22","date_gmt":"2025-10-27T09:44:22","guid":{"rendered":"https:\/\/www.europesays.com\/fr\/492867\/"},"modified":"2025-10-27T09:44:22","modified_gmt":"2025-10-27T09:44:22","slug":"le-president-bresilien-un-accord-commercial-avec-les-etats-unis-sera-conclu-dans-les-prochains-jours","status":"publish","type":"post","link":"https:\/\/www.europesays.com\/fr\/492867\/","title":{"rendered":"Le pr\u00e9sident br\u00e9silien : un accord commercial avec les \u00c9tats-Unis sera conclu dans les prochains jours"},"content":{"rendered":"<p><img width=\"846\" height=\"551\" src=\"https:\/\/www.europesays.com\/fr\/wp-content\/uploads\/2025\/10\/68fe5c5a42360417900e4d89-1.jpeg\" class=\"attachment-full size-full wp-post-image\" alt=\"\" is_main_img=\"1\" decoding=\"async\" fetchpriority=\"high\"  \/><\/p>\n<p>Le pr\u00e9sident br\u00e9silien, Luiz In\u00e1cio Lula da Silva, a exprim\u00e9 ce lundi sa confiance quant \u00e0 la conclusion d\u2019un accord commercial avec les \u00c9tats-Unis, indiquant que le pr\u00e9sident am\u00e9ricain, Donald Trump, l\u2019avait en fait \u00ab garanti \u00bb lors de leurs discussions d\u2019hier.<\/p>\n<p>Les pr\u00e9sidents br\u00e9silien et am\u00e9ricain ont tenu des discussions dimanche \u00e0 l\u2019occasion du sommet de l\u2019APEC \u00e0 Kuala Lumpur, capitale de la Malaisie, que Lula da Silva a qualifi\u00e9 de \u00ab tr\u00e8s bonnes \u00bb.<br \/>Donald Trump, qui s\u2019est ensuite rendu au Japon depuis la Malaisie, a d\u00e9clar\u00e9 qu\u2019il pourrait r\u00e9duire les droits de douane impos\u00e9s au Br\u00e9sil.<\/p>\n<p>Le pr\u00e9sident br\u00e9silien a remis \u00e0 son homologue am\u00e9ricain un document \u00e9crit pr\u00e9sentant les arguments contre l\u2019augmentation des droits de douane am\u00e9ricains. Il a pr\u00e9cis\u00e9 que ce document reconna\u00eet le droit des \u00c9tats-Unis \u00e0 prendre ces mesures, tout en soulignant que leurs actions sont fond\u00e9es sur des informations incorrectes.<\/p>\n<p>Lula da Silva a ajout\u00e9 que Donald Trump n\u2019a pas accept\u00e9 de suspendre les hausses de droits de douane et n\u2019a formul\u00e9 aucune condition lors de leurs \u00e9changes.<br \/>Lors d\u2019une conf\u00e9rence de presse, Lula a d\u00e9clar\u00e9 : \u00ab Il m\u2019a assur\u00e9 que nous parviendrons \u00e0 un accord. Je suis tr\u00e8s confiant qu\u2019au cours des prochains jours, nous arriverons \u00e0 une solution finale entre les \u00c9tats-Unis et le Br\u00e9sil, afin que la vie continue paisiblement et sereinement. \u00bb<\/p>\n","protected":false},"excerpt":{"rendered":"Le pr\u00e9sident br\u00e9silien, Luiz In\u00e1cio Lula da Silva, a exprim\u00e9 ce lundi sa confiance quant \u00e0 la conclusion&hellip;\n","protected":false},"author":2,"featured_media":492868,"comment_status":"","ping_status":"","sticky":false,"template":"","format":"standard","meta":{"footnotes":""},"categories":[1589],"tags":[11,2548,75,73,1866,25523,12,1864,1865,1863,308],"class_list":{"0":"post-492867","1":"post","2":"type-post","3":"status-publish","4":"format-standard","5":"has-post-thumbnail","7":"category-etats-unis","8":"tag-actualites","9":"tag-bresil","10":"tag-donald-trump","11":"tag-etats-unis","12":"tag-etats-unis-damerique","13":"tag-luiz-inacio-lula-da-silva","14":"tag-news","15":"tag-united-states","16":"tag-united-states-of-america","17":"tag-us","18":"tag-usa"},"share_on_mastodon":{"url":"https:\/\/pubeurope.com\/@fr\/115445489787578535","error":""},"_links":{"self":[{"href":"https:\/\/www.europesays.com\/fr\/wp-json\/wp\/v2\/posts\/492867","targetHints":{"allow":["GET"]}}],"collection":[{"href":"https:\/\/www.europesays.com\/fr\/wp-json\/wp\/v2\/posts"}],"about":[{"href":"https:\/\/www.europesays.com\/fr\/wp-json\/wp\/v2\/types\/post"}],"author":[{"embeddable":true,"href":"https:\/\/www.europesays.com\/fr\/wp-json\/wp\/v2\/users\/2"}],"replies":[{"embeddable":true,"href":"https:\/\/www.europesays.com\/fr\/wp-json\/wp\/v2\/comments?post=492867"}],"version-history":[{"count":0,"href":"https:\/\/www.europesays.com\/fr\/wp-json\/wp\/v2\/posts\/492867\/revisions"}],"wp:featuredmedia":[{"embeddable":true,"href":"https:\/\/www.europesays.com\/fr\/wp-json\/wp\/v2\/media\/492868"}],"wp:attachment":[{"href":"https:\/\/www.europesays.com\/fr\/wp-json\/wp\/v2\/media?parent=492867"}],"wp:term":[{"taxonomy":"category","embeddable":true,"href":"https:\/\/www.europesays.com\/fr\/wp-json\/wp\/v2\/categories?post=492867"},{"taxonomy":"post_tag","embeddable":true,"href":"https:\/\/www.europesays.com\/fr\/wp-json\/wp\/v2\/tags?post=492867"}],"curies":[{"name":"wp","href":"https:\/\/api.w.org\/{rel}","templated":true}]}}