{"id":492881,"date":"2025-10-27T09:52:23","date_gmt":"2025-10-27T09:52:23","guid":{"rendered":"https:\/\/www.europesays.com\/fr\/492881\/"},"modified":"2025-10-27T09:52:23","modified_gmt":"2025-10-27T09:52:23","slug":"grace-a-un-eagle-au-72e-trou-quentin-debove-valide-la-premiere-etape-des-cartes-du-pga-tour","status":"publish","type":"post","link":"https:\/\/www.europesays.com\/fr\/492881\/","title":{"rendered":"Gr\u00e2ce \u00e0 un eagle au 72e trou, Quentin Debove valide la premi\u00e8re \u00e9tape des cartes du PGA Tour"},"content":{"rendered":"<p>\t\t\t\t\t\t<img width=\"770\" height=\"556\" src=\"https:\/\/www.europesays.com\/fr\/wp-content\/uploads\/2025\/10\/quentin-debove-raffaele-canepa-alps-tour-770x556.jpg\" class=\"img-responsive wp-post-image\" alt=\"\" decoding=\"async\" fetchpriority=\"high\"  \/>\t\t\t\t\t<\/p>\n<p>\t\t\t\t\t\t Partager cet article <\/p>\n<p class=\"screen-reader-text juiz_sps_maybe_hidden_text\">Partager la publication \u00ab\u00a0Gr\u00e2ce \u00e0 un eagle au 72e trou, Quentin Debove valide la premi\u00e8re \u00e9tape des cartes du PGA Tour\u00a0\u00bb<\/p>\n<p><strong>Sur le Country Club of Ocala, en Floride, Quentin Debove a obtenu de justesse sa place pour le Stage II des cartes du PGA Tour.<\/strong><\/p>\n<p>\t\t\t\t<img loading=\"lazy\" decoding=\"async\" src=\"data:image\/svg+xml,%3Csvg%20xmlns=\" http:=\"\" attributionsrc=\"\" border=\"0\" height=\"1\" width=\"1\" alt=\"Advertisement\" data-lazy-src=\"https:\/\/www.europesays.com\/fr\/wp-content\/uploads\/2025\/10\/B33047934.424844126;dc_trk_aid=615928068;dc_trk_cid=236605808;ord=[timestamp];dc_lat=;dc_rdid=;tag_f.gif\"\/><\/p>\n<p>\t\t\t\t\t<a id=\"179412\" href=\"https:\/\/ad.doubleclick.net\/ddm\/trackclk\/N1153799.3770024GOLFPLANATE\/B33047934.424844126;dc_trk_aid=615928068;dc_trk_cid=236605808;dc_lat=;dc_rdid=;tag_for_child_directed_treatment=;tfua=;gdpr=${GDPR};gdpr_consent=${GDPR_CONSENT_755};ltd=;dc_tdv=1\" target=\"_blank\" rel=\"sponsorised nofollow noopener\"><img decoding=\"async\" src=\"data:image\/svg+xml,%3Csvg%20xmlns=\" http:=\"\" class=\"img-responsive\" alt=\"\" data-lazy-src=\"https:\/\/www.europesays.com\/fr\/wp-content\/uploads\/2025\/07\/callaway-e01-apex-v1-1170x275-1.jpg\"\/><\/a><\/p>\n<p><strong>Quentin Debove<\/strong> s\u2019est fait peur lors du dernier tour, mais le golfeur du <strong>Paris International Golf Club<\/strong> verra bien la deuxi\u00e8me \u00e9tape des cartes du circuit am\u00e9ricain. Bien install\u00e9 dans le haut du classement apr\u00e8s 54 trous (-10), le Tricolore a connu une journ\u00e9e difficile lors du dernier tour avec six bogeys et un birdie sur les 17 premiers trous.<\/p>\n<p>Mais le vainqueur du <strong>Hauts-de-France Pas-de-Calais Open<\/strong> a sign\u00e9 un eagle salvateur sur l\u2019ultime trou du tournoi pour rentrer de justesse dans le top 20, synonyme de qualification. Le joueur de 24 ans a termin\u00e9 \u00e0 neuf longueurs des deux meilleurs joueurs de l\u2019\u00e9preuve.<\/p>\n<p><a href=\"https:\/\/pgatq.bluegolf.com\/bluegolf\/pgatq25\/event\/pgatq2521\/contest\/1\/leaderboard.htm\" target=\"_blank\" rel=\"noopener nofollow\">Le classement complet<\/a><\/p>\n<p>Il rejoint ainsi <a href=\"https:\/\/www.golfplanete.com\/actualites\/bastien-amat-passe-le-premier-ecueil-des-cartes-du-pga-tour\/\" rel=\"nofollow noopener\" target=\"_blank\">Bastien Amat<\/a> parmi les qualifi\u00e9s pour la suite, qui se d\u00e9roulera du 2 au 5 d\u00e9cembre sur cinq sites diff\u00e9rents.<a href=\"https:\/\/www.golfplanete.com\/actualites\/23-francais-au-depart-des-pq2-en-espagne\/\" rel=\"nofollow noopener\" target=\"_blank\"> \u00c0 noter que les deux hommes tentent \u00e9galement leur chance en Europe : ils seront tous les deux \u00e0 Albacete, au Golf Las Pinaillas, \u00e0 partir de ce jeudi pour les PQ2 du <strong>DP World Tour<\/strong><\/a>.<\/p>\n<p>\u00a0<\/p>\n<p>\u00a0<\/p>\n<p>\u00a9Raffaele Canepa \/ Alps Tour<\/p>\n","protected":false},"excerpt":{"rendered":"Partager cet article Partager la publication \u00ab\u00a0Gr\u00e2ce \u00e0 un eagle au 72e trou, Quentin Debove valide la premi\u00e8re&hellip;\n","protected":false},"author":2,"featured_media":492882,"comment_status":"","ping_status":"","sticky":false,"template":"","format":"standard","meta":{"footnotes":""},"categories":[1418],"tags":[1011,27,1472,60],"class_list":{"0":"post-492881","1":"post","2":"type-post","3":"status-publish","4":"format-standard","5":"has-post-thumbnail","7":"category-golf","8":"tag-fr","9":"tag-france","10":"tag-golf","11":"tag-sports"},"share_on_mastodon":{"url":"https:\/\/pubeurope.com\/@fr\/115445520911403275","error":""},"_links":{"self":[{"href":"https:\/\/www.europesays.com\/fr\/wp-json\/wp\/v2\/posts\/492881","targetHints":{"allow":["GET"]}}],"collection":[{"href":"https:\/\/www.europesays.com\/fr\/wp-json\/wp\/v2\/posts"}],"about":[{"href":"https:\/\/www.europesays.com\/fr\/wp-json\/wp\/v2\/types\/post"}],"author":[{"embeddable":true,"href":"https:\/\/www.europesays.com\/fr\/wp-json\/wp\/v2\/users\/2"}],"replies":[{"embeddable":true,"href":"https:\/\/www.europesays.com\/fr\/wp-json\/wp\/v2\/comments?post=492881"}],"version-history":[{"count":0,"href":"https:\/\/www.europesays.com\/fr\/wp-json\/wp\/v2\/posts\/492881\/revisions"}],"wp:featuredmedia":[{"embeddable":true,"href":"https:\/\/www.europesays.com\/fr\/wp-json\/wp\/v2\/media\/492882"}],"wp:attachment":[{"href":"https:\/\/www.europesays.com\/fr\/wp-json\/wp\/v2\/media?parent=492881"}],"wp:term":[{"taxonomy":"category","embeddable":true,"href":"https:\/\/www.europesays.com\/fr\/wp-json\/wp\/v2\/categories?post=492881"},{"taxonomy":"post_tag","embeddable":true,"href":"https:\/\/www.europesays.com\/fr\/wp-json\/wp\/v2\/tags?post=492881"}],"curies":[{"name":"wp","href":"https:\/\/api.w.org\/{rel}","templated":true}]}}