{"id":492895,"date":"2025-10-27T10:05:26","date_gmt":"2025-10-27T10:05:26","guid":{"rendered":"https:\/\/www.europesays.com\/fr\/492895\/"},"modified":"2025-10-27T10:05:26","modified_gmt":"2025-10-27T10:05:26","slug":"kim-kardashian-samuse-de-limpact-de-la-transition-de-caitlyn-jenner-sur-lincroyable-famille-kardashian","status":"publish","type":"post","link":"https:\/\/www.europesays.com\/fr\/492895\/","title":{"rendered":"Kim Kardashian s&rsquo;amuse de l&rsquo;impact de la transition de Caitlyn Jenner sur L&rsquo;Incroyable famille Kardashian"},"content":{"rendered":"<p class=\"mb-4 text-lg md:leading-8 break-words\">Kim Kardashian a dit en plaisantant que la transition de Caitlyn Jenner en 2015 avait permis \u00e0 la famille de gagner deux saisons suppl\u00e9mentaires de L&rsquo;Incroyable famille Kardashian.<\/p>\n<p class=\"mb-4 text-lg md:leading-8 break-words\">Le clan Kardashian-Jenner est suivi par les cam\u00e9ras de t\u00e9l\u00e9-r\u00e9alit\u00e9 depuis pr\u00e8s de 20 ans, la premi\u00e8re \u00e9mission, L&rsquo;Incroyable famille Kardashian, ayant \u00e9t\u00e9 diffus\u00e9e entre 2007 et 2021 et Les Kardashian ayant \u00e9t\u00e9 lanc\u00e9e en 2022.<\/p>\n<p class=\"mb-4 text-lg md:leading-8 break-words\">Lors d&rsquo;un passage au Graham Norton Show, Kim Kardashian a expliqu\u00e9 qu&rsquo;il y a toujours assez de drames familiaux pour soutenir la s\u00e9rie et a cit\u00e9 Caitlyn Jenner qui a fait son coming out en tant que femme transgenre en 2015 comme un excellent exemple.<\/p>\n<p class=\"mb-4 text-lg md:leading-8 break-words\">\u00ab Nous avons tourn\u00e9 le pilote et n&rsquo;avions aucune id\u00e9e de ce qu&rsquo;il deviendrait, mais 20 ans plus tard, la s\u00e9rie est toujours d&rsquo;actualit\u00e9. Les \u00e9missions s&rsquo;\u00e9crivent d&rsquo;elles-m\u00eames \u00bb, a-t-elle d\u00e9clar\u00e9. \u00ab Une fois, alors que nous nous demandions ce qui allait se passer, mon beau-p\u00e8re est devenu une femme et il y a eu deux saisons suppl\u00e9mentaires ! \u00bb<\/p>\n<p class=\"mb-4 text-lg md:leading-8 break-words\">La fondatrice de SKIMS participait au Graham Norton Show aux c\u00f4t\u00e9s de Sarah Paulson pour promouvoir leur nouvelle s\u00e9rie t\u00e9l\u00e9vis\u00e9e All&rsquo;s Fair, qui marque le premier grand r\u00f4le de Kim Kardashian. Elle y interpr\u00e8te le personnage d&rsquo;une avocate. \u00c0 propos de sa collaboration avec des actrices telles que Sarah Paulson, Glenn Close et Naomi Watts, Kim Kardashian a expliqu\u00e9 qu&rsquo;elle s&rsquo;\u00e9tait appliqu\u00e9e \u00e9norm\u00e9ment pour \u00eatre \u00e0 la hauteur de ses prestigieuses partenaires.<\/p>\n<p class=\"mb-4 text-lg md:leading-8 break-words\">\u00ab En travaillant avec un casting comme celui-ci, je voulais \u00eatre s\u00fbre d&rsquo;\u00eatre compl\u00e8tement pr\u00e9par\u00e9e. Ce que je pouvais contr\u00f4ler, c&rsquo;\u00e9tait de conna\u00eetre parfaitement mon texte, d&rsquo;\u00eatre \u00e0 l&rsquo;heure et de faire preuve d&rsquo;un grand professionnalisme. Ces femmes sont les meilleures dans ce qu&rsquo;elles font, et j&rsquo;ai simplement observ\u00e9 et appris tous les jours \u00bb, a-t-elle indiqu\u00e9.<\/p>\n<p class=\"mb-4 text-lg md:leading-8 break-words\">Kim Kardashian est une femme tr\u00e8s active, et \u00e0 la question de savoir comment elle a pu trouver le temps de participer \u00e0 l&rsquo;\u00e9mission tout en s&rsquo;occupant de son entreprise, de son \u00e9mission de t\u00e9l\u00e9-r\u00e9alit\u00e9 et de ses quatre enfants, elle assure : \u00ab J&rsquo;ai appris que c&rsquo;\u00e9tait possible. C&rsquo;\u00e9tait un d\u00e9fi mental de devoir tout faire, mais j&rsquo;ai ador\u00e9 \u00e7a \u00bb.<\/p>\n<p class=\"mb-4 text-lg md:leading-8 break-words\">Cependant, Kim Kardashian, qui vient de f\u00eater ses 45 ans, a laiss\u00e9 entendre qu&rsquo;elle pourrait mettre un terme \u00e0 ses projets dans un avenir proche et devenir avocate \u00e0 plein temps, apr\u00e8s avoir \u00e9tudi\u00e9 le droit pendant les six derni\u00e8res ann\u00e9es. \u00ab J&rsquo;obtiendrai mon dipl\u00f4me dans deux semaines \u00bb, a-t-elle d\u00e9clar\u00e9 \u00e0 propos des r\u00e9sultats de son examen d&rsquo;entr\u00e9e au barreau. \u00ab J&rsquo;esp\u00e8re pratiquer le droit. Peut-\u00eatre que dans dix ans, je pense que j&rsquo;abandonnerai mon r\u00f4le de Kim K et que je deviendrai avocate active. C&rsquo;est ce que je veux vraiment. \u00bb<\/p>\n","protected":false},"excerpt":{"rendered":"Kim Kardashian a dit en plaisantant que la transition de Caitlyn Jenner en 2015 avait permis \u00e0 la&hellip;\n","protected":false},"author":2,"featured_media":492896,"comment_status":"","ping_status":"","sticky":false,"template":"","format":"standard","meta":{"footnotes":""},"categories":[1356],"tags":[6873,61584,58,59,61585,1011,27,61586,8932,61587,252,1364],"class_list":{"0":"post-492895","1":"post","2":"type-post","3":"status-publish","4":"format-standard","5":"has-post-thumbnail","7":"category-television","8":"tag-20-ans","9":"tag-caitlyn-jenner","10":"tag-divertissement","11":"tag-entertainment","12":"tag-famille-kardashian","13":"tag-fr","14":"tag-france","15":"tag-kardashian-jenner","16":"tag-kim-kardashian","17":"tag-les-kardashian","18":"tag-television","19":"tag-tv"},"share_on_mastodon":{"url":"https:\/\/pubeurope.com\/@fr\/115445571624904570","error":""},"_links":{"self":[{"href":"https:\/\/www.europesays.com\/fr\/wp-json\/wp\/v2\/posts\/492895","targetHints":{"allow":["GET"]}}],"collection":[{"href":"https:\/\/www.europesays.com\/fr\/wp-json\/wp\/v2\/posts"}],"about":[{"href":"https:\/\/www.europesays.com\/fr\/wp-json\/wp\/v2\/types\/post"}],"author":[{"embeddable":true,"href":"https:\/\/www.europesays.com\/fr\/wp-json\/wp\/v2\/users\/2"}],"replies":[{"embeddable":true,"href":"https:\/\/www.europesays.com\/fr\/wp-json\/wp\/v2\/comments?post=492895"}],"version-history":[{"count":0,"href":"https:\/\/www.europesays.com\/fr\/wp-json\/wp\/v2\/posts\/492895\/revisions"}],"wp:featuredmedia":[{"embeddable":true,"href":"https:\/\/www.europesays.com\/fr\/wp-json\/wp\/v2\/media\/492896"}],"wp:attachment":[{"href":"https:\/\/www.europesays.com\/fr\/wp-json\/wp\/v2\/media?parent=492895"}],"wp:term":[{"taxonomy":"category","embeddable":true,"href":"https:\/\/www.europesays.com\/fr\/wp-json\/wp\/v2\/categories?post=492895"},{"taxonomy":"post_tag","embeddable":true,"href":"https:\/\/www.europesays.com\/fr\/wp-json\/wp\/v2\/tags?post=492895"}],"curies":[{"name":"wp","href":"https:\/\/api.w.org\/{rel}","templated":true}]}}