{"id":492918,"date":"2025-10-27T10:18:10","date_gmt":"2025-10-27T10:18:10","guid":{"rendered":"https:\/\/www.europesays.com\/fr\/492918\/"},"modified":"2025-10-27T10:18:10","modified_gmt":"2025-10-27T10:18:10","slug":"voici-quand-la-billetterie-va-ouvrir","status":"publish","type":"post","link":"https:\/\/www.europesays.com\/fr\/492918\/","title":{"rendered":"voici quand la billetterie va ouvrir"},"content":{"rendered":"<p>            Par<br \/>\n        <strong><br \/>\n            <a href=\"https:\/\/actu.fr\/auteur\/pierre-emile-bouchy-actu-fr\" title=\"Consulter tous les articles de Paul-Emile Bouchy\" target=\"_blank\" rel=\"noopener\">Paul-Emile Bouchy<\/a><br \/>\n        <\/strong><\/p>\n<p>        Publi\u00e9 le<\/p>\n<p>            27 oct. 2025 \u00e0 10h53        <\/p>\n<p>Le Nancy Open Air annonce peu \u00e0 peu les artistes qui se produiront sur la sc\u00e8ne du <a href=\"https:\/\/actu.fr\/tag\/zenith-de-nancy\" target=\"_blank\" rel=\"noopener\">z\u00e9nith de Nancy<\/a> durant l\u2019\u00e9t\u00e9 2026. Apr\u00e8s <a href=\"https:\/\/actu.fr\/grand-est\/nancy_54395\/nancy-open-air-le-groupe-gojira-en-concert-en-juin-2026-pour-une-date-unique-en-france_63323229.html\" target=\"_blank\" rel=\"noopener\">Gojira<\/a> et les t\u00eates d\u2019affiche du Heavy Week-end, c\u2019est au tour de <strong>Gims<\/strong> de rejoindre la programmation.<\/p>\n<p class=\" wall-content\">Alors qu\u2019il a donn\u00e9 <a href=\"https:\/\/actu.fr\/grand-est\/chambley-bussieres_54112\/gims-donnera-un-concert-evenement-en-lorraine-lors-du-prochain-rassemblement-de-montgolfieres-a-chambley_62362145.html\" target=\"_blank\" rel=\"noopener\">un concert \u00e9v\u00e8nement en ao\u00fbt\u00a02025 lors du grand rassemblement de montgolfi\u00e8res EnEnvol<\/a> \u00e0 <strong>Chambley-Bussi\u00e8res<\/strong> (Meurthe-et-Moselle), Gims sera de retour dans le d\u00e9partement. <strong>Date, ouverture de la billetterie\u2009: on vous dit ce qu\u2019il faut savoir<\/strong>.<\/p>\n<p>Les places pour Gims tr\u00e8s bient\u00f4t mises en vente<\/p>\n<p class=\" wall-content\">Le c\u00e9l\u00e8bre rappeur sera en concert au z\u00e9nith de Nancy le <strong>samedi 20\u00a0juin 2026<\/strong>.<\/p>\n<p class=\" wall-content\">Les places seront vendues <strong>\u00e0 partir de 55,20\u00a0euros<\/strong> et divis\u00e9es en trois cat\u00e9gories\u2009:<\/p>\n<ul class=\" wall-content\">\n<li>Cat\u00e9gorie 1 (places assises num\u00e9rot\u00e9es)<\/li>\n<li>Cat\u00e9gorie 2 (places assises num\u00e9rot\u00e9es)<\/li>\n<li>Fosse (placement libre debout)<\/li>\n<\/ul>\n<p class=\" wall-content\">La billetterie ouvrira <strong>mardi 28\u00a0octobre 2025 \u00e0 10h<\/strong>.<\/p>\n<p class=\" wall-content\">Personnalisez votre actualit\u00e9 en ajoutant vos villes et m\u00e9dias en favori avec <a href=\"https:\/\/moncompte.actu.fr\" title=\"D\u00e9couvez Mon Actu\" rel=\"nofollow noopener\" data-trk=\"{&quot;cta&quot;:{&quot;action&quot;:&quot;https:\\\/\\\/moncompte.actu.fr&quot;,&quot;category&quot;:&quot;mon compte&quot;,&quot;from&quot;:&quot;article footer&quot;,&quot;name&quot;:&quot;Mon actu&quot;,&quot;type&quot;:&quot;cta&quot;}}\" target=\"_blank\">Mon Actu<\/a>.<\/p>\n","protected":false},"excerpt":{"rendered":"Par Paul-Emile Bouchy Publi\u00e9 le 27 oct. 2025 \u00e0 10h53 Le Nancy Open Air annonce peu \u00e0 peu&hellip;\n","protected":false},"author":2,"featured_media":489231,"comment_status":"","ping_status":"","sticky":false,"template":"","format":"standard","meta":{"footnotes":""},"categories":[9635],"tags":[1111,11,1697,1777,674,1011,27,775,1652,1702,12,25,59855],"class_list":{"0":"post-492918","1":"post","2":"type-post","3":"status-publish","4":"format-standard","5":"has-post-thumbnail","7":"category-nancy","8":"tag-actu","9":"tag-actualites","10":"tag-concert","11":"tag-eu","12":"tag-europe","13":"tag-fr","14":"tag-france","15":"tag-grand-est","16":"tag-loisirs-culture","17":"tag-nancy","18":"tag-news","19":"tag-republique-francaise","20":"tag-zenith-de-nancy"},"share_on_mastodon":{"url":"https:\/\/pubeurope.com\/@fr\/115445622593659403","error":""},"_links":{"self":[{"href":"https:\/\/www.europesays.com\/fr\/wp-json\/wp\/v2\/posts\/492918","targetHints":{"allow":["GET"]}}],"collection":[{"href":"https:\/\/www.europesays.com\/fr\/wp-json\/wp\/v2\/posts"}],"about":[{"href":"https:\/\/www.europesays.com\/fr\/wp-json\/wp\/v2\/types\/post"}],"author":[{"embeddable":true,"href":"https:\/\/www.europesays.com\/fr\/wp-json\/wp\/v2\/users\/2"}],"replies":[{"embeddable":true,"href":"https:\/\/www.europesays.com\/fr\/wp-json\/wp\/v2\/comments?post=492918"}],"version-history":[{"count":0,"href":"https:\/\/www.europesays.com\/fr\/wp-json\/wp\/v2\/posts\/492918\/revisions"}],"wp:featuredmedia":[{"embeddable":true,"href":"https:\/\/www.europesays.com\/fr\/wp-json\/wp\/v2\/media\/489231"}],"wp:attachment":[{"href":"https:\/\/www.europesays.com\/fr\/wp-json\/wp\/v2\/media?parent=492918"}],"wp:term":[{"taxonomy":"category","embeddable":true,"href":"https:\/\/www.europesays.com\/fr\/wp-json\/wp\/v2\/categories?post=492918"},{"taxonomy":"post_tag","embeddable":true,"href":"https:\/\/www.europesays.com\/fr\/wp-json\/wp\/v2\/tags?post=492918"}],"curies":[{"name":"wp","href":"https:\/\/api.w.org\/{rel}","templated":true}]}}