{"id":49292,"date":"2025-04-24T13:44:15","date_gmt":"2025-04-24T13:44:15","guid":{"rendered":"https:\/\/www.europesays.com\/fr\/49292\/"},"modified":"2025-04-24T13:44:15","modified_gmt":"2025-04-24T13:44:15","slug":"pourquoi-les-etats-unis-se-souciaient-jusquici-peu-de-leur-dette-abyssale","status":"publish","type":"post","link":"https:\/\/www.europesays.com\/fr\/49292\/","title":{"rendered":"pourquoi les \u00c9tats-Unis se souciaient jusqu\u2019ici peu de leur dette abyssale ?"},"content":{"rendered":"<p><strong>D\u00c9CRYPTAGE &#8211; <\/strong>\u00abLes int\u00e9r\u00eats de la dette nationale d\u00e9passent d\u00e9sormais les d\u00e9penses du d\u00e9partement de la D\u00e9fense\u00bb, a averti Elon Musk, fin f\u00e9vrier. Face \u00e0 ce constat pr\u00e9occupant, Donald Trump a promis de \u00abrembourser une \u00e9norme partie de la dette\u00bb am\u00e9ricaine.<\/p>\n<p class=\"fig-paragraph\">C\u2019est une petite bombe, l\u00e2ch\u00e9e l\u2019air de rien,\u00a0<a href=\"http:\/\/www.lefigaro.fr\/international\/elon-musk-l-investisseur-providentiel-pris-dans-la-tourmente-politique-maga-20250409\" data-fig-type=\"Article\" data-gtm-custom-categorie=\"navigation\" data-gtm-custom-action=\"crossclick\" data-gtm-custom-label=\"Contextuel\" data-gtm-event=\"customEventSPE\" data-fig-domain=\"LEFIGARO\" target=\"_blank\" rel=\"noopener\">par Elon Musk<\/a>\u00a0ce 26 f\u00e9vrier 2025. Pr\u00e9sent \u00e0 la Maison Blanche, le milliardaire proche de Donald Trump et charg\u00e9 de couper \u00e0 la hache dans les d\u00e9penses de l\u2019\u00c9tat f\u00e9d\u00e9ral a mis en garde sur la trajectoire des comptes am\u00e9ricains, devenue insoutenable\u00a0: \u00ab\u00a0Les int\u00e9r\u00eats de la dette nationale d\u00e9passent d\u00e9sormais les d\u00e9penses du d\u00e9partement de la D\u00e9fense\u00a0\u00bb, a-t-il averti, ajoutant que, faute d\u2019am\u00e9lioration, le pays \u00abva faire faillite\u00bb.<\/p>\n<p class=\"fig-paragraph\">Les chiffres donnent le tournis. En 2025, le montant pharaonique de la dette am\u00e9ricaine s\u2019\u00e9l\u00e8ve \u00e0 36.220 milliards de dollars, soit 125% du PIB. Et, en 2025, les fonds allou\u00e9s au remboursement des int\u00e9r\u00eats devraient atteindre 952 milliards de dollars, soit plus que les 850 milliards de dollars qui financent la plus puissante arm\u00e9e au monde, comme l\u2019a not\u00e9 le patron de Tesla, \u00e9galement \u00e0 la t\u00eate du D\u00e9partement de l\u2019efficacit\u00e9 gouvernementale (DOGE).<\/p>\n<p class=\"fig-paragraph\">Ce constat d\u2019apparence pr\u00e9occupant n\u2019a pourtant pas emp\u00each\u00e9 le pays de fonctionner jusqu\u2019ici avec une certaine nonchalance budg\u00e9taire\u2026<\/p>\n<p class=\"fig-premium-paywall__infos\">\n        Cet article est r\u00e9serv\u00e9 aux abonn\u00e9s.        Il vous reste 82% \u00e0 d\u00e9couvrir.\n    <\/p>\n<p>                <img  data- alt=\"Le Figaro\" class=\"fig-img--complete fig-img\"\/><\/p>\n<p class=\"fig-premium-paywall__title\">Vous avez envie de lire la suite ?<\/p>\n<p class=\"fig-premium-paywall__subtitle\">D\u00e9bloquez tous les articles imm\u00e9diatement.<\/p>\n<p class=\"fig-premium-paywall__connect\">\n                D\u00e9j\u00e0 abonn\u00e9\u00a0?                <a class=\"fig-premium-paywall__connect-link\" href=\"https:\/\/connect.lefigaro.fr\/login?client=horizon_web&amp;type=main&amp;redirect_uri=https%3A%2F%2Fwww.lefigaro.fr%2Fconjoncture%2F36-220-milliards-de-dollars-pourquoi-les-etats-unis-se-souciaient-jusqu-ici-peu-de-leur-dette-abyssale-20250424\" data-js-gtm=\"{&quot;customCategorie&quot;: &quot;conversion&quot;, &quot;customAction&quot;: &quot;before_Landing_Connexion_paywall_manuel&quot;, &quot;customLabel&quot;: &quot;bGVmaWdhcm8uZnJfXzFmMDFiNjk3LTc0MmMtNjFhNC05MGZhLWNmNTk2NzUyMWE3MF9fTmV3c0ZsYXNo_36.220 milliards de dollars\u00a0: pourquoi les \u00c9tats-Unis se souciaient jusqu\u2019ici peu de leur dette abyssale\u00a0?_134&quot;, &quot;customIDSPE&quot;: &quot;bGVmaWdhcm8uZnJfXzFmMDFiNjk3LTc0MmMtNjFhNC05MGZhLWNmNTk2NzUyMWE3MF9fTmV3c0ZsYXNo&quot;, &quot;event&quot;: &quot;customEventSPE&quot;}\" target=\"_blank\" rel=\"noopener\"><br \/>\n                    Connectez-vous<br \/>\n                <\/a>\n            <\/p>\n","protected":false},"excerpt":{"rendered":"D\u00c9CRYPTAGE &#8211; \u00abLes int\u00e9r\u00eats de la dette nationale d\u00e9passent d\u00e9sormais les d\u00e9penses du d\u00e9partement de la D\u00e9fense\u00bb, a&hellip;\n","protected":false},"author":2,"featured_media":49293,"comment_status":"","ping_status":"","sticky":false,"template":"","format":"standard","meta":{"footnotes":""},"categories":[1589],"tags":[339,11,340,343,345,350,130,344,352,10259,349,6327,33,341,313,73,1866,346,342,353,351,347,12,348,354,1864,1865,1863,308],"class_list":{"0":"post-49292","1":"post","2":"type-post","3":"status-publish","4":"format-standard","5":"has-post-thumbnail","7":"category-etats-unis","8":"tag-actualite-economique","9":"tag-actualites","10":"tag-bourse","11":"tag-cac-40","12":"tag-chef-dentreprise","13":"tag-concurrence","14":"tag-consommation","15":"tag-creation-dentreprise","16":"tag-crise","17":"tag-deficit","18":"tag-delocalisations","19":"tag-dette","20":"tag-economie","21":"tag-emploi","22":"tag-entreprises","23":"tag-etats-unis","24":"tag-etats-unis-damerique","25":"tag-grands-patrons","26":"tag-impots","27":"tag-licenciements","28":"tag-monopole","29":"tag-multinationales","30":"tag-news","31":"tag-privatisation","32":"tag-unio","33":"tag-united-states","34":"tag-united-states-of-america","35":"tag-us","36":"tag-usa"},"share_on_mastodon":{"url":"https:\/\/pubeurope.com\/@fr\/114393242866208023","error":""},"_links":{"self":[{"href":"https:\/\/www.europesays.com\/fr\/wp-json\/wp\/v2\/posts\/49292","targetHints":{"allow":["GET"]}}],"collection":[{"href":"https:\/\/www.europesays.com\/fr\/wp-json\/wp\/v2\/posts"}],"about":[{"href":"https:\/\/www.europesays.com\/fr\/wp-json\/wp\/v2\/types\/post"}],"author":[{"embeddable":true,"href":"https:\/\/www.europesays.com\/fr\/wp-json\/wp\/v2\/users\/2"}],"replies":[{"embeddable":true,"href":"https:\/\/www.europesays.com\/fr\/wp-json\/wp\/v2\/comments?post=49292"}],"version-history":[{"count":0,"href":"https:\/\/www.europesays.com\/fr\/wp-json\/wp\/v2\/posts\/49292\/revisions"}],"wp:featuredmedia":[{"embeddable":true,"href":"https:\/\/www.europesays.com\/fr\/wp-json\/wp\/v2\/media\/49293"}],"wp:attachment":[{"href":"https:\/\/www.europesays.com\/fr\/wp-json\/wp\/v2\/media?parent=49292"}],"wp:term":[{"taxonomy":"category","embeddable":true,"href":"https:\/\/www.europesays.com\/fr\/wp-json\/wp\/v2\/categories?post=49292"},{"taxonomy":"post_tag","embeddable":true,"href":"https:\/\/www.europesays.com\/fr\/wp-json\/wp\/v2\/tags?post=49292"}],"curies":[{"name":"wp","href":"https:\/\/api.w.org\/{rel}","templated":true}]}}