{"id":492921,"date":"2025-10-27T10:21:10","date_gmt":"2025-10-27T10:21:10","guid":{"rendered":"https:\/\/www.europesays.com\/fr\/492921\/"},"modified":"2025-10-27T10:21:10","modified_gmt":"2025-10-27T10:21:10","slug":"la-gendarmerie-lance-un-appel-a-temoins-apres-un-accident-mortel","status":"publish","type":"post","link":"https:\/\/www.europesays.com\/fr\/492921\/","title":{"rendered":"la gendarmerie lance un appel \u00e0 t\u00e9moins apr\u00e8s un accident mortel"},"content":{"rendered":"<p>            Par<br \/>\n        <strong><br \/>\n            <a href=\"https:\/\/actu.fr\/auteur\/guillemette-herve\" title=\"Consulter tous les articles de Agence de presse APEI\" target=\"_blank\" rel=\"noopener\">Agence de presse APEI<\/a><br \/>\n        <\/strong><\/p>\n<p>        Publi\u00e9 le<\/p>\n<p>            27 oct. 2025 \u00e0 10h53        <\/p>\n<p>Vendredi 24 octobre 2025, les gendarmes du <a href=\"https:\/\/actu.fr\/provence-alpes-cote-d-azur\/la-roquebrussanne_83108\/var-un-homme-condamne-pour-avoir-vandalise-un-radar-a-la-roquebrussane_63340238.html\" target=\"_blank\" rel=\"noopener\">Var<\/a> ont lanc\u00e9 \u00ab\u00a0un appel \u00e0 t\u00e9moins urgent\u00a0\u00bb\u00a0suite \u00e0 <strong>un accident mortel<\/strong> de la circulation routi\u00e8re survenu \u00e0 La Farl\u00e8de afin de d\u00e9terminer les circonstances exactes du drame.<\/p>\n<p>\u00c0\u00a0la sortie d\u2019autoroute N\u00b06<\/p>\n<p class=\" wall-content\">Les faits se sont produits dans la soir\u00e9e du dimanche 19 octobre, vers 23h30, sur la route d\u00e9partementale 554 \u00e0 la sortie d\u2019autoroute N\u00b06 dans le sens <a href=\"https:\/\/actu.fr\/provence-alpes-cote-d-azur\/toulon_83137\/toulon-la-fete-du-livre-du-var-demenage_63335320.html\" target=\"_blank\" rel=\"noopener\">Toulon<\/a>-La Farl\u00e8de vers La Crau. Le lieu pr\u00e9cis se situe quelques m\u00e8tres avant le rond-point \u00ab\u00a0Bec de canard\u00a0\u00bb en direction de La Crau, non loin de <strong>la prison de La Farl\u00e8de<\/strong>.<\/p>\n<p class=\" wall-content\">\u00ab\u00a0Le t\u00e9moignage de toute personne ayant assist\u00e9 \u00e0 l\u2019accident est primordial\u00a0\u00bb, insiste la gendarmerie sur son <a href=\"https:\/\/www.facebook.com\/p\/Gendarmerie-du-Var-100064879352304\/?locale=fr_FR\" target=\"_blank\" rel=\"noopener\">compte Facebook<\/a>.<\/p>\n<p>    <a href=\"https:\/\/www.facebook.com\/plugins\/post.php?href=https%3A%2F%2Fwww.facebook.com%2Fpermalink.php%3Fstory_fbid%3Dpfbid02SvGyYr3vv8aE95UbF7Q3UaD3cR1jrNF9wQdXQXprU5ic29YDTGqmNxd1XYgeu4npl%26id%3D100064879352304&amp;show_text=true&amp;width=350\" title=\"Ouvrie le lien\" target=\"_blank\" rel=\"noopener\">Cliquez ici pour visualiser le contenu<\/a><\/p>\n<p class=\" wall-content\">Si vous avez \u00e9t\u00e9 t\u00e9moin de cet accident ou si \u00eates susceptible de fournir des renseignements, vous \u00eates pri\u00e9 de prendre contact <strong>dans les plus brefs d\u00e9lais<\/strong> avec la gendarmerie de La Farl\u00e8de au 04 94 28 90 16 ou de composer le 17.<\/p>\n<p class=\" wall-content\">Personnalisez votre actualit\u00e9 en ajoutant vos villes et m\u00e9dias en favori avec <a href=\"https:\/\/moncompte.actu.fr\" title=\"D\u00e9couvez Mon Actu\" rel=\"nofollow noopener\" data-trk=\"{&quot;cta&quot;:{&quot;action&quot;:&quot;https:\\\/\\\/moncompte.actu.fr&quot;,&quot;category&quot;:&quot;mon compte&quot;,&quot;from&quot;:&quot;article footer&quot;,&quot;name&quot;:&quot;Mon actu&quot;,&quot;type&quot;:&quot;cta&quot;}}\" target=\"_blank\">Mon Actu<\/a>.<\/p>\n","protected":false},"excerpt":{"rendered":"Par Agence de presse APEI Publi\u00e9 le 27 oct. 2025 \u00e0 10h53 Vendredi 24 octobre 2025, les gendarmes&hellip;\n","protected":false},"author":2,"featured_media":492922,"comment_status":"","ping_status":"","sticky":false,"template":"","format":"standard","meta":{"footnotes":""},"categories":[9619],"tags":[119,1111,11,1777,674,118,1011,27,3381,12,882,25,2310],"class_list":{"0":"post-492921","1":"post","2":"type-post","3":"status-publish","4":"format-standard","5":"has-post-thumbnail","7":"category-toulon","8":"tag-accident","9":"tag-actu","10":"tag-actualites","11":"tag-eu","12":"tag-europe","13":"tag-faits-divers","14":"tag-fr","15":"tag-france","16":"tag-gendarmerie","17":"tag-news","18":"tag-provence-alpes-cote-dazur","19":"tag-republique-francaise","20":"tag-toulon"},"share_on_mastodon":{"url":"https:\/\/pubeurope.com\/@fr\/115445634626364297","error":""},"_links":{"self":[{"href":"https:\/\/www.europesays.com\/fr\/wp-json\/wp\/v2\/posts\/492921","targetHints":{"allow":["GET"]}}],"collection":[{"href":"https:\/\/www.europesays.com\/fr\/wp-json\/wp\/v2\/posts"}],"about":[{"href":"https:\/\/www.europesays.com\/fr\/wp-json\/wp\/v2\/types\/post"}],"author":[{"embeddable":true,"href":"https:\/\/www.europesays.com\/fr\/wp-json\/wp\/v2\/users\/2"}],"replies":[{"embeddable":true,"href":"https:\/\/www.europesays.com\/fr\/wp-json\/wp\/v2\/comments?post=492921"}],"version-history":[{"count":0,"href":"https:\/\/www.europesays.com\/fr\/wp-json\/wp\/v2\/posts\/492921\/revisions"}],"wp:featuredmedia":[{"embeddable":true,"href":"https:\/\/www.europesays.com\/fr\/wp-json\/wp\/v2\/media\/492922"}],"wp:attachment":[{"href":"https:\/\/www.europesays.com\/fr\/wp-json\/wp\/v2\/media?parent=492921"}],"wp:term":[{"taxonomy":"category","embeddable":true,"href":"https:\/\/www.europesays.com\/fr\/wp-json\/wp\/v2\/categories?post=492921"},{"taxonomy":"post_tag","embeddable":true,"href":"https:\/\/www.europesays.com\/fr\/wp-json\/wp\/v2\/tags?post=492921"}],"curies":[{"name":"wp","href":"https:\/\/api.w.org\/{rel}","templated":true}]}}