{"id":492933,"date":"2025-10-27T10:28:26","date_gmt":"2025-10-27T10:28:26","guid":{"rendered":"https:\/\/www.europesays.com\/fr\/492933\/"},"modified":"2025-10-27T10:28:26","modified_gmt":"2025-10-27T10:28:26","slug":"projection-de-possession-dandrej-zulawski-au-cinema-juliet-berto-a-grenoble","status":"publish","type":"post","link":"https:\/\/www.europesays.com\/fr\/492933\/","title":{"rendered":"Projection de \u00ab Possession \u00bb d\u2019Andrej Zulawski au cin\u00e9ma Juliet Berto \u00e0 Grenoble"},"content":{"rendered":"<p><b>Possession<\/b><br \/>De Andrej Zulawski &#8211; 1980 &#8211; 123 min &#8211; France &#8211; VOSTFR<br \/>Avec Isabelle Adjani, Sam Neill, Margit Carstensen<br \/>Rentrant d&rsquo;un long voyage, Marc retrouve \u00e0 Berlin sa femme, Anna, et son fils, Bob. Mais rapidement, il se rend compte que le comportement de sa femme a chang\u00e9.<\/p>\n<p>Prix d&rsquo;interpr\u00e9tation f\u00e9minine pour Isabelle Adjani au Festival de Cannes 1981.<br \/>C\u00e9sar de la meilleure actrice pour Isabelle Adjani en 1982.<\/p>\n<p>Rendez-vous jeudi 6 novembre 2025, \u00e0 21h30 au cin\u00e9ma Juliet Berto \u00e0 Grenoble<\/p>\n<p>Infos pratiques :<br \/>&#8211; Adresse : Cin\u00e9ma Juliet Berto, Passage du Palais de Justice, 38000 Grenoble<br \/>&#8211; Horaires : S\u00e9ance \u00e0 21h30<br \/>&#8211; Tarifs : 7\u20ac le billet <\/p>\n<p>Plus d&rsquo;infos et billetterie sur le site <a class=\"url\" href=\"https:\/\/www.cinemathequedegrenoble.fr\/agenda\/possession\/\" target=\"_blank\" rel=\"nofollow noopener\">cinemathequedegrenoble.fr<\/a><\/p>\n<p>Max Radio est partenaire de l&rsquo;\u00e9v\u00e8nement<\/p>\n<p><\/p>\n","protected":false},"excerpt":{"rendered":"PossessionDe Andrej Zulawski &#8211; 1980 &#8211; 123 min &#8211; France &#8211; VOSTFRAvec Isabelle Adjani, Sam Neill, Margit CarstensenRentrant&hellip;\n","protected":false},"author":2,"featured_media":492934,"comment_status":"","ping_status":"","sticky":false,"template":"","format":"standard","meta":{"footnotes":""},"categories":[9566],"tags":[1111,11,2430,61590,1972,1777,674,2081,1011,27,2731,12,61589,13737,25,5883],"class_list":{"0":"post-492933","1":"post","2":"type-post","3":"status-publish","4":"format-standard","5":"has-post-thumbnail","7":"category-grenoble","8":"tag-actu","9":"tag-actualites","10":"tag-auvergne-rhone-alpes","11":"tag-csar","12":"tag-cinma","13":"tag-eu","14":"tag-europe","15":"tag-film","16":"tag-fr","17":"tag-france","18":"tag-grenoble","19":"tag-news","20":"tag-possession","21":"tag-projection","22":"tag-republique-francaise","23":"tag-thriller"},"share_on_mastodon":{"url":"https:\/\/pubeurope.com\/@fr\/115445662210908548","error":""},"_links":{"self":[{"href":"https:\/\/www.europesays.com\/fr\/wp-json\/wp\/v2\/posts\/492933","targetHints":{"allow":["GET"]}}],"collection":[{"href":"https:\/\/www.europesays.com\/fr\/wp-json\/wp\/v2\/posts"}],"about":[{"href":"https:\/\/www.europesays.com\/fr\/wp-json\/wp\/v2\/types\/post"}],"author":[{"embeddable":true,"href":"https:\/\/www.europesays.com\/fr\/wp-json\/wp\/v2\/users\/2"}],"replies":[{"embeddable":true,"href":"https:\/\/www.europesays.com\/fr\/wp-json\/wp\/v2\/comments?post=492933"}],"version-history":[{"count":0,"href":"https:\/\/www.europesays.com\/fr\/wp-json\/wp\/v2\/posts\/492933\/revisions"}],"wp:featuredmedia":[{"embeddable":true,"href":"https:\/\/www.europesays.com\/fr\/wp-json\/wp\/v2\/media\/492934"}],"wp:attachment":[{"href":"https:\/\/www.europesays.com\/fr\/wp-json\/wp\/v2\/media?parent=492933"}],"wp:term":[{"taxonomy":"category","embeddable":true,"href":"https:\/\/www.europesays.com\/fr\/wp-json\/wp\/v2\/categories?post=492933"},{"taxonomy":"post_tag","embeddable":true,"href":"https:\/\/www.europesays.com\/fr\/wp-json\/wp\/v2\/tags?post=492933"}],"curies":[{"name":"wp","href":"https:\/\/api.w.org\/{rel}","templated":true}]}}