{"id":492935,"date":"2025-10-27T10:29:17","date_gmt":"2025-10-27T10:29:17","guid":{"rendered":"https:\/\/www.europesays.com\/fr\/492935\/"},"modified":"2025-10-27T10:29:17","modified_gmt":"2025-10-27T10:29:17","slug":"metropole-de-grenoble-place-en-garde-a-vue-apres-avoir-ete-trouve-en-possession-dargent-liquide-et-de-produits-stupefiants","status":"publish","type":"post","link":"https:\/\/www.europesays.com\/fr\/492935\/","title":{"rendered":"M\u00e9tropole de Grenoble. Plac\u00e9 en garde \u00e0 vue apr\u00e8s avoir \u00e9t\u00e9 trouv\u00e9 en possession d\u2019argent liquide et de produits stup\u00e9fiants"},"content":{"rendered":"<p>Les policiers de la brigade sp\u00e9cialis\u00e9e de terrain (BST) ont interpell\u00e9 un homme de 30 ans qui semblait participer au trafic de cigarettes et de stup\u00e9fiants, vers 17 heures ce dimanche 26\u00a0octobre, all\u00e9e du Limousin \u00e0 \u00c9chirolles.<\/p>\n<p>Ce contenu est bloqu\u00e9 car vous n&rsquo;avez pas accept\u00e9 les cookies et autres traceurs.<\/p>\n<p>En cliquant sur \u00ab J\u2019accepte \u00bb, les cookies et autres traceurs seront d\u00e9pos\u00e9s et vous pourrez visualiser les contenus  (<a href=\"\" class=\"consentModule_policy\" target=\"_blank\" title=\"Consulter la politique de protection des donn\u00e9es du fournisseur\">plus d&rsquo;informations<\/a>).<\/p>\n<p>En cliquant sur \u00ab J\u2019accepte tous les cookies \u00bb, vous autorisez des d\u00e9p\u00f4ts de cookies et autres traceurs pour le stockage de vos donn\u00e9es sur nos sites et applications \u00e0 des fins de personnalisation et de ciblage publicitaire.<\/p>\n<p class=\"consentModule_secondaryText\">Vous gardez la possibilit\u00e9 de retirer votre consentement \u00e0 tout moment en consultant notre <a href=\"https:\/\/www.ledauphine.com\/protection-des-donnees\" target=\"_blank\" title=\"Consulter notre politique de protection des donn\u00e9es\" rel=\"noopener\">politique de protection des donn\u00e9es<\/a>. <br \/>&#13;<br \/>\n            <a href=\"https:\/\/www.ledauphine.com\/faits-divers-justice\/2025\/10\/27\/javascript:Didomi.notice.show()\" class=\"consentModule_cmp\" target=\"_blank\" rel=\"noopener\">G\u00e9rer mes choix<\/a>&#13;\n        <\/p>\n<p>&#13;<br \/>\n                        J&rsquo;accepte&#13;<br \/>\n            J&rsquo;accepte tous les cookies&#13;\n        <\/p>\n<p>Outre des paquets de cigarettes \u00e9trang\u00e8res, les policiers ont trouv\u00e9 sur lui 80 grammes de r\u00e9sine de cannabis, des sachets contenant une quarantaine de grammes d\u2019herbe de cannabis, un pochon de 4 grammes d\u2019une poudre blanche qui pourrait \u00eatre de la coca\u00efne ou du crack ainsi que 450\u00a0euros en esp\u00e8ces.<\/p>\n<p>Il a \u00e9t\u00e9 plac\u00e9 en garde \u00e0 vue pour \u00ab\u00a0recel de produits stup\u00e9fiants et de la vente de stup\u00e9fiants\u00a0\u00bb.<\/p>\n","protected":false},"excerpt":{"rendered":"Les policiers de la brigade sp\u00e9cialis\u00e9e de terrain (BST) ont interpell\u00e9 un homme de 30 ans qui semblait&hellip;\n","protected":false},"author":2,"featured_media":492936,"comment_status":"","ping_status":"","sticky":false,"template":"","format":"standard","meta":{"footnotes":""},"categories":[9566],"tags":[1111,11,2430,271,272,9852,9853,112,1777,674,274,107,1011,27,2731,108,1985,12,25],"class_list":{"0":"post-492935","1":"post","2":"type-post","3":"status-publish","4":"format-standard","5":"has-post-thumbnail","7":"category-grenoble","8":"tag-actu","9":"tag-actualites","10":"tag-auvergne-rhone-alpes","11":"tag-crime","12":"tag-delit-et-contravention","13":"tag-echirolles","14":"tag-echirolles-bassin","15":"tag-edition-grenoble-agglomeration","16":"tag-eu","17":"tag-europe","18":"tag-faits-divers-justice","19":"tag-fil-info","20":"tag-fr","21":"tag-france","22":"tag-grenoble","23":"tag-isere","24":"tag-metropole-de-grenoble","25":"tag-news","26":"tag-republique-francaise"},"share_on_mastodon":{"url":"https:\/\/pubeurope.com\/@fr\/115445665995657289","error":""},"_links":{"self":[{"href":"https:\/\/www.europesays.com\/fr\/wp-json\/wp\/v2\/posts\/492935","targetHints":{"allow":["GET"]}}],"collection":[{"href":"https:\/\/www.europesays.com\/fr\/wp-json\/wp\/v2\/posts"}],"about":[{"href":"https:\/\/www.europesays.com\/fr\/wp-json\/wp\/v2\/types\/post"}],"author":[{"embeddable":true,"href":"https:\/\/www.europesays.com\/fr\/wp-json\/wp\/v2\/users\/2"}],"replies":[{"embeddable":true,"href":"https:\/\/www.europesays.com\/fr\/wp-json\/wp\/v2\/comments?post=492935"}],"version-history":[{"count":0,"href":"https:\/\/www.europesays.com\/fr\/wp-json\/wp\/v2\/posts\/492935\/revisions"}],"wp:featuredmedia":[{"embeddable":true,"href":"https:\/\/www.europesays.com\/fr\/wp-json\/wp\/v2\/media\/492936"}],"wp:attachment":[{"href":"https:\/\/www.europesays.com\/fr\/wp-json\/wp\/v2\/media?parent=492935"}],"wp:term":[{"taxonomy":"category","embeddable":true,"href":"https:\/\/www.europesays.com\/fr\/wp-json\/wp\/v2\/categories?post=492935"},{"taxonomy":"post_tag","embeddable":true,"href":"https:\/\/www.europesays.com\/fr\/wp-json\/wp\/v2\/tags?post=492935"}],"curies":[{"name":"wp","href":"https:\/\/api.w.org\/{rel}","templated":true}]}}