{"id":492937,"date":"2025-10-27T10:30:36","date_gmt":"2025-10-27T10:30:36","guid":{"rendered":"https:\/\/www.europesays.com\/fr\/492937\/"},"modified":"2025-10-27T10:30:36","modified_gmt":"2025-10-27T10:30:36","slug":"liran-a-lhonneur-de-ce-festival-en-ille-et-vilaine","status":"publish","type":"post","link":"https:\/\/www.europesays.com\/fr\/492937\/","title":{"rendered":"L\u2019Iran \u00e0 l\u2019honneur de ce festival en Ille-et-Vilaine"},"content":{"rendered":"<p><strong>\u00ab\u00a0Le cin\u00e9ma iranien est plein de vitalit\u00e9\u00a0\u00bb,<\/strong> assure Laurent Garreau, directeur artistique du festival Nouvelles Images persanes, <a href=\"https:\/\/vitre.maville.com\/actu\/actudet_-le-festival-de-cinema-nouvelles-images-persanes-revient-pour-une-4e-edition-en-novembre-_7-7032389_actu.Htm\" target=\"_blank\" rel=\"noopener\">dont la 4e \u00e9dition se tiendra du 5 au 11\u00a0novembre 2025 \u00e0 Vitr\u00e9 (Ille-et-Vilaine)<\/a>.<\/p>\n<p>Cr\u00e9\u00e9 en 2019 par\u00a0l\u2019association Vitr\u00e9 Images d\u2019Iran, Cultures Persanes, l\u2019\u00e9v\u00e9nement met \u00e0 l\u2019honneur la production cin\u00e9matographique mais aussi litt\u00e9raire et musicale <strong>\u00ab\u00a0de ce pays\u00a0dont la richesse culturelle et humaine reste trop m\u00e9connue\u00a0\u00bb,<\/strong> estime Laurent Garreau.<\/p>\n<p>Des films in\u00e9dits en France<\/p>\n<p>Cinq longs-m\u00e9trages in\u00e9dits en France seront pr\u00e9sent\u00e9s en comp\u00e9tition pour le prix du jury international et le prix du public et quatre courts-m\u00e9trages pour le prix lyc\u00e9ens et \u00e9tudiants.<\/p>\n<p>Trois films hors comp\u00e9tition seront projet\u00e9s au cin\u00e9ma l\u2019Aurore\u00a0: Un simple accident de Jafar Panahi, palme d\u2019or au dernier festival de Cannes et s\u00e9lectionn\u00e9 pour les Oscars\u00a0; Lire Lolita \u00e0 T\u00e9h\u00e9ran d\u2019Eran Riklis et Zinat d\u2019Ebrahim Mokthari. Un cycle de documentaires r\u00e9alis\u00e9s par des femmes, compl\u00e9t\u00e9s par des d\u00e9bats, est aussi au programme. En parall\u00e8le, des rencontres litt\u00e9raires avec des auteurs de romans et bandes dessin\u00e9es, des concerts, des tables rondes, des spectacles et une exposition permettront au public de d\u00e9couvrir <strong>\u00ab\u00a0une culture persane inventive, travers\u00e9e de blessures mais aussi de fulgurances\u00a0\u00bb,<\/strong> souligne Laurent Garreau.<\/p>\n<p><strong>Du mercredi\u00a05 au mardi 11\u00a0novembre 2025,<\/strong> 4e \u00e9dition du festival Nouvelles Images persanes \u00e0 Vitr\u00e9. Programme complet sur le site internet du festival. Billetterie en ligne et \u00e0 l\u2019Office de tourisme de Vitr\u00e9 \u00e0 partir du 28\u00a0octobre. Tarif\u00a0: entre 5,80\u00a0\u20ac et 10\u00a0\u20ac.<\/p>\n<p>\u00a0<\/p>\n","protected":false},"excerpt":{"rendered":"\u00ab\u00a0Le cin\u00e9ma iranien est plein de vitalit\u00e9\u00a0\u00bb, assure Laurent Garreau, directeur artistique du festival Nouvelles Images persanes, dont&hellip;\n","protected":false},"author":2,"featured_media":492938,"comment_status":"","ping_status":"","sticky":false,"template":"","format":"standard","meta":{"footnotes":""},"categories":[2821],"tags":[1111,11,829,1777,674,849,1011,27,14472,848,3019,12,584,25],"class_list":{"0":"post-492937","1":"post","2":"type-post","3":"status-publish","4":"format-standard","5":"has-post-thumbnail","7":"category-rennes","8":"tag-actu","9":"tag-actualites","10":"tag-bretagne","11":"tag-eu","12":"tag-europe","13":"tag-festival","14":"tag-fr","15":"tag-france","16":"tag-honneur","17":"tag-ille-et-vilaine","18":"tag-iran","19":"tag-news","20":"tag-rennes","21":"tag-republique-francaise"},"share_on_mastodon":{"url":"https:\/\/pubeurope.com\/@fr\/115445669747053643","error":""},"_links":{"self":[{"href":"https:\/\/www.europesays.com\/fr\/wp-json\/wp\/v2\/posts\/492937","targetHints":{"allow":["GET"]}}],"collection":[{"href":"https:\/\/www.europesays.com\/fr\/wp-json\/wp\/v2\/posts"}],"about":[{"href":"https:\/\/www.europesays.com\/fr\/wp-json\/wp\/v2\/types\/post"}],"author":[{"embeddable":true,"href":"https:\/\/www.europesays.com\/fr\/wp-json\/wp\/v2\/users\/2"}],"replies":[{"embeddable":true,"href":"https:\/\/www.europesays.com\/fr\/wp-json\/wp\/v2\/comments?post=492937"}],"version-history":[{"count":0,"href":"https:\/\/www.europesays.com\/fr\/wp-json\/wp\/v2\/posts\/492937\/revisions"}],"wp:featuredmedia":[{"embeddable":true,"href":"https:\/\/www.europesays.com\/fr\/wp-json\/wp\/v2\/media\/492938"}],"wp:attachment":[{"href":"https:\/\/www.europesays.com\/fr\/wp-json\/wp\/v2\/media?parent=492937"}],"wp:term":[{"taxonomy":"category","embeddable":true,"href":"https:\/\/www.europesays.com\/fr\/wp-json\/wp\/v2\/categories?post=492937"},{"taxonomy":"post_tag","embeddable":true,"href":"https:\/\/www.europesays.com\/fr\/wp-json\/wp\/v2\/tags?post=492937"}],"curies":[{"name":"wp","href":"https:\/\/api.w.org\/{rel}","templated":true}]}}