{"id":492943,"date":"2025-10-27T10:34:34","date_gmt":"2025-10-27T10:34:34","guid":{"rendered":"https:\/\/www.europesays.com\/fr\/492943\/"},"modified":"2025-10-27T10:34:34","modified_gmt":"2025-10-27T10:34:34","slug":"la-folle-semaine-dafonso-moreira","status":"publish","type":"post","link":"https:\/\/www.europesays.com\/fr\/492943\/","title":{"rendered":"la folle semaine d\u2019Afonso Moreira"},"content":{"rendered":"<p>                            <img width=\"770\" height=\"433\" src=\"https:\/\/www.europesays.com\/fr\/wp-content\/uploads\/2025\/10\/AFP__20251026__823Q37A__v1__HighRes__FblFraLigue1LyonStrasbourg-770x433.jpg\" class=\"attachment-article size-article wp-post-image\" alt=\"Afonso Moreira lors d'OL - Strasbourg\" decoding=\"async\" fetchpriority=\"high\"  \/><\/p>\n<p>Afonso Moreira lors d\u2019OL \u2013 Strasbourg (Photo by OLIVIER CHASSIGNOLE \/ AFP)<\/p>\n<p>Buteur contre le FC B\u00e2le jeudi soir, Afonso Moreira a remis \u00e7a dimanche soir face \u00e0 Strasbourg. Une merveille de frappe enroul\u00e9e qui a permis \u00e0 l\u2019OL de prendre les trois points. En quatre jours, l\u2019aventure du Portugais a peut-\u00eatre connu un tournant.<\/p>\n<p>Ils ne se connaissent ni d\u2019Adam, ni d&rsquo;\u00c8ve, mais \u00e0 eux deux, les Moreira ont jou\u00e9 un grand r\u00f4le dans cet\u00a0<strong>OL &#8211; Strasbourg<\/strong><a href=\"https:\/\/www.olympique-et-lyonnais.com\/dans-un-match-electrique-lol-fait-tomber-strasbourg-2-1,383440.html\" target=\"_blank\" rel=\"noopener\">(2-1)<\/a>\u00a0de la 9e journ\u00e9e de Ligue 1. D\u2019un c\u00f4t\u00e9, Diego, ancien de la maison lyonnaise, qui a connu un retour pour le moins bruyant et qui a certainement pouss\u00e9 l\u2019\u00e9tat d\u2019esprit collectif des joueurs de Paulo Fonseca \u00e0 un degr\u00e9 sup\u00e9rieur. De l\u2019autre, Afonso, gueule d\u2019ange et devenu le h\u00e9ros local de ces derniers jours. Dans cette soir\u00e9e \u00e9lectrique, c\u2019est bien le Lyonnais qui a donn\u00e9 un dernier coup d\u2019acc\u00e9l\u00e9rateur, une derni\u00e8re fl\u00e9chette qui a fait mouche. Quand son homonyme sortait sous les sifflets du Parc OL, qui lui faisait payer ses accrochages avec\u00a0<strong>Karabec<\/strong>\u00a0et\u00a0<strong>Tolisso<\/strong>, l\u2019autre propulsait tout le stade dans un vacarme qui n\u2019avait rien d\u2019hostile.<\/p>\n<p>Un \u00e9tat d&rsquo;esprit qui ne triche pas<\/p>\n<p>\u00c0 la 91e minute, Afonso\u00a0<strong>Moreira<\/strong>\u00a0est venu terrasser \u00e0 lui tout seul Strasbourg d\u2019une frappe qui risque de devenir sa sp\u00e9ciale. C\u00f4t\u00e9 gauche, le Portugais a repiqu\u00e9 axe et envoy\u00e9 une ogive enroul\u00e9e dans le petit filet oppos\u00e9 de\u00a0<strong>Penders<\/strong>. Un but salvateur pour celui qui a remplac\u00e9 au pied lev\u00e9 Malick\u00a0<strong>Fofana<\/strong>,\u00a0<a href=\"https:\/\/www.olympique-et-lyonnais.com\/ol-strasbourg-2-1-fofana-la-grosse-entorse-de-la-soiree,383445.html\" target=\"_blank\" rel=\"noopener\">sorti sur civi\u00e8re<\/a>.\u00a0\u00ab\u00a0Ce but, je le d\u00e9die \u00e0 Malick, a-t-il rapidement confi\u00e9 au micro de Ligue 1+. C\u2019est un gars que j\u2019appr\u00e9cie beaucoup.\u00a0\u00bb<\/p>\n<p>Dans un collectif, le malheur des uns fait parfois le bonheur des autres. S\u2019il a endoss\u00e9 le costume de h\u00e9ros de la soir\u00e9e, Afonso\u00a0<strong>Moreira<\/strong>\u00a0est bien conscient que l\u2019OL aura besoin de son ailier belge pour rester dans les objectifs. L\u2019heure n\u2019est donc pas \u00e0 tirer la couverture sur lui. Pourtant, en l\u2019espace de quatre jours, l\u2019aventure rhodanienne de l\u2019ancien du\u00a0<strong>Sporting Portugal\u00a0<\/strong>a pris un tournant. Double buteur d\u00e9cisif, le feu-follet portugais r\u00e9colte le fruit de son travail des derni\u00e8res semaines.<\/p>\n<p>Les \u00e9paules assez solides pour \u00eatre titulaire ?<\/p>\n<p>Oblig\u00e9 de se contenter de miettes depuis le d\u00e9but de saison,\u00a0<strong>Moreira<\/strong>\u00a0encaisse, apprend et tente d\u2019aider comme il le peut. Son \u00e9tat d\u2019esprit a d\u2019ailleurs \u00e9t\u00e9 soulign\u00e9 dimanche soir apr\u00e8s la victoire de l\u2019OL. \u00ab\u00a0Afonso est arriv\u00e9 il y a trois mois.\u00a0Il lance vraiment sa carri\u00e8re maintenant.\u00a0Au Sporting, je crois qu&rsquo;il a deux ou trois matchs en pro. Il travaille \u00e9norm\u00e9ment.\u00a0Il a jou\u00e9 mais cinq ou six minutes par l\u00e0 avec nous. Mais il d\u00e9fendait comme un fou, il ne l\u00e2chait rien,\u00a0a not\u00e9 Moussa\u00a0<strong>Niakhat\u00e9<\/strong>.\u00a0Et aujourd&rsquo;hui, puisque \u00e7a reste un joueur offensif, il l&rsquo;a r\u00e9compens\u00e9 avec ce but victorieux. Jeudi, il nous offre le break pour souffler.\u00a0C&rsquo;est le travail.\u00a0Il est r\u00e9compens\u00e9 et je suis tr\u00e8s content pour lui.\u00a0\u00bb<\/p>\n<p>M\u00eame son de cloche chez le capitaine Corentin\u00a0<strong>Tolisso<\/strong>.\u00a0\u00ab\u00a0Je suis tr\u00e8s heureux pour Afonso. Je pense que c\u2019est la r\u00e9compense du travail. Il a peu de temps de jeu dans ce d\u00e9but de saison, mais quand il rentre, il essaye d\u2019apporter ses qualit\u00e9s. C\u2019est un gar\u00e7on qui a un tr\u00e8s bon \u00e9tat d\u2019esprit, qui se donne \u00e0 fond. Quand tu ne triches pas, tu es r\u00e9compens\u00e9 et c\u2019est ce qui lui arrive.\u00a0\u00bb<\/p>\n<p>Supersub depuis neuf matchs, Afonso\u00a0<strong>Moreira<\/strong>\u00a0va-t-il prendre de l\u2019\u00e9paisseur dans les prochaines semaines ? Le cas Malick\u00a0<strong>Fofana<\/strong>\u00a0ne laisse malheureusement que peu de place au doute. Mais l\u2019ailier portugais a-t-il vraiment les \u00e9paules assez solides ? Pas s\u00fbr\u2026<\/p>\n","protected":false},"excerpt":{"rendered":"Afonso Moreira lors d\u2019OL \u2013 Strasbourg (Photo by OLIVIER CHASSIGNOLE \/ AFP) Buteur contre le FC B\u00e2le jeudi&hellip;\n","protected":false},"author":2,"featured_media":492944,"comment_status":"","ping_status":"","sticky":false,"template":"","format":"standard","meta":{"footnotes":""},"categories":[2820],"tags":[1111,11,1777,674,1011,27,775,66,12,241,978,25,640],"class_list":{"0":"post-492943","1":"post","2":"type-post","3":"status-publish","4":"format-standard","5":"has-post-thumbnail","7":"category-strasbourg","8":"tag-actu","9":"tag-actualites","10":"tag-eu","11":"tag-europe","12":"tag-fr","13":"tag-france","14":"tag-grand-est","15":"tag-ligue-1","16":"tag-news","17":"tag-ol","18":"tag-olympique-lyonnais","19":"tag-republique-francaise","20":"tag-strasbourg"},"share_on_mastodon":{"url":"https:\/\/pubeurope.com\/@fr\/115445686813012565","error":""},"_links":{"self":[{"href":"https:\/\/www.europesays.com\/fr\/wp-json\/wp\/v2\/posts\/492943","targetHints":{"allow":["GET"]}}],"collection":[{"href":"https:\/\/www.europesays.com\/fr\/wp-json\/wp\/v2\/posts"}],"about":[{"href":"https:\/\/www.europesays.com\/fr\/wp-json\/wp\/v2\/types\/post"}],"author":[{"embeddable":true,"href":"https:\/\/www.europesays.com\/fr\/wp-json\/wp\/v2\/users\/2"}],"replies":[{"embeddable":true,"href":"https:\/\/www.europesays.com\/fr\/wp-json\/wp\/v2\/comments?post=492943"}],"version-history":[{"count":0,"href":"https:\/\/www.europesays.com\/fr\/wp-json\/wp\/v2\/posts\/492943\/revisions"}],"wp:featuredmedia":[{"embeddable":true,"href":"https:\/\/www.europesays.com\/fr\/wp-json\/wp\/v2\/media\/492944"}],"wp:attachment":[{"href":"https:\/\/www.europesays.com\/fr\/wp-json\/wp\/v2\/media?parent=492943"}],"wp:term":[{"taxonomy":"category","embeddable":true,"href":"https:\/\/www.europesays.com\/fr\/wp-json\/wp\/v2\/categories?post=492943"},{"taxonomy":"post_tag","embeddable":true,"href":"https:\/\/www.europesays.com\/fr\/wp-json\/wp\/v2\/tags?post=492943"}],"curies":[{"name":"wp","href":"https:\/\/api.w.org\/{rel}","templated":true}]}}