{"id":492950,"date":"2025-10-27T10:39:10","date_gmt":"2025-10-27T10:39:10","guid":{"rendered":"https:\/\/www.europesays.com\/fr\/492950\/"},"modified":"2025-10-27T10:39:10","modified_gmt":"2025-10-27T10:39:10","slug":"une-voiture-fonce-a-toute-vitesse-lors-dune-course-a-pied-et-seme-la-panique","status":"publish","type":"post","link":"https:\/\/www.europesays.com\/fr\/492950\/","title":{"rendered":"une voiture fonce \u00e0 toute vitesse lors d&rsquo;une course \u00e0 pied et s\u00e8me la panique"},"content":{"rendered":"<p>            Par<br \/>\n        <strong><br \/>\n            <a href=\"https:\/\/actu.fr\/auteur\/thomas-bernard\" title=\"Consulter tous les articles de Thomas Bernard\" rel=\"nofollow noopener\" target=\"_blank\">Thomas Bernard<\/a><br \/>\n        <\/strong><\/p>\n<p>        Publi\u00e9 le<\/p>\n<p>            27 oct. 2025 \u00e0 11h35        <\/p>\n<p>\u00ab\u2009J\u2019ai cru que j\u2019allais mourir sur la course.\u2009\u00bb Ces mots sont ceux d\u2019une participante au trail urbain de Chantenay, organis\u00e9 ce dimanche 26\u00a0octobre 2025 \u00e0 Nantes. En fin de matin\u00e9e, une voiture bleue, de la marque Renault Sc\u00e9nic <strong>d\u00e9boule \u00e0 toute vitesse sur le boulevard de La Libert\u00e9, au milieu des participants<\/strong>.<\/p>\n<p class=\" wall-content\">La sc\u00e8ne s\u00e8me <a href=\"https:\/\/www.instagram.com\/p\/DQRtFwGjLX9\/\" rel=\"nofollow noopener\" target=\"_blank\">la panique parmi les coureurs et spectateurs<\/a>. Le v\u00e9hicule incrimin\u00e9 avait refus\u00e9 de s\u2019arr\u00eater malgr\u00e9 les demandes de la police.<\/p>\n<p class=\" wall-content\"><a href=\"https:\/\/www.instagram.com\/p\/DQRXCN5jHP_\/embed\" title=\"Ouvrir le lien sur Instagram\" rel=\"nofollow noopener\" target=\"_blank\">Visualiser le contenu sur Instagram<\/a><\/p>\n<p>Le conducteur recherch\u00e9, une personne bless\u00e9e<\/p>\n<p class=\" wall-content\">Une personne a \u00e9t\u00e9 bless\u00e9e au coude apr\u00e8s \u00eatre tomb\u00e9e en voulant \u00e9viter la voiture. La victime a d\u00e9pos\u00e9 plainte. Ce lundi 27\u00a0octobre 2025, au commissariat central de Nantes on confiait avoir <strong>\u00ab\u2009\u00e9chapp\u00e9 \u00e0 un drame\u2009\u00bb<\/strong>.<\/p>\n<p class=\" wall-content\">Le conducteur du v\u00e9hicule est<strong> toujours recherch\u00e9 par les policiers<\/strong>. Une enqu\u00eate est en cours pour refus d\u2019obtemp\u00e9rer et violences aggrav\u00e9es.<\/p>\n<p class=\" wall-content\">Personnalisez votre actualit\u00e9 en ajoutant vos villes et m\u00e9dias en favori avec <a href=\"https:\/\/moncompte.actu.fr\" title=\"D\u00e9couvez Mon Actu\" rel=\"nofollow noopener\" data-trk=\"{&quot;cta&quot;:{&quot;action&quot;:&quot;https:\\\/\\\/moncompte.actu.fr&quot;,&quot;category&quot;:&quot;mon compte&quot;,&quot;from&quot;:&quot;article footer&quot;,&quot;name&quot;:&quot;Mon actu&quot;,&quot;type&quot;:&quot;cta&quot;}}\" target=\"_blank\">Mon Actu<\/a>.<\/p>\n<p>                    <script async src=\"\/\/www.instagram.com\/embed.js\"><\/script><\/p>\n","protected":false},"excerpt":{"rendered":"Par Thomas Bernard Publi\u00e9 le 27 oct. 2025 \u00e0 11h35 \u00ab\u2009J\u2019ai cru que j\u2019allais mourir sur la course.\u2009\u00bb&hellip;\n","protected":false},"author":2,"featured_media":146413,"comment_status":"","ping_status":"","sticky":false,"template":"","format":"standard","meta":{"footnotes":""},"categories":[2818],"tags":[1111,11,1777,674,118,1011,27,766,12,2636,2852,25],"class_list":{"0":"post-492950","1":"post","2":"type-post","3":"status-publish","4":"format-standard","5":"has-post-thumbnail","7":"category-nantes","8":"tag-actu","9":"tag-actualites","10":"tag-eu","11":"tag-europe","12":"tag-faits-divers","13":"tag-fr","14":"tag-france","15":"tag-nantes","16":"tag-news","17":"tag-pays-de-la-loire","18":"tag-refus-dobtemperer","19":"tag-republique-francaise"},"share_on_mastodon":{"url":"https:\/\/pubeurope.com\/@fr\/115445705313894279","error":""},"_links":{"self":[{"href":"https:\/\/www.europesays.com\/fr\/wp-json\/wp\/v2\/posts\/492950","targetHints":{"allow":["GET"]}}],"collection":[{"href":"https:\/\/www.europesays.com\/fr\/wp-json\/wp\/v2\/posts"}],"about":[{"href":"https:\/\/www.europesays.com\/fr\/wp-json\/wp\/v2\/types\/post"}],"author":[{"embeddable":true,"href":"https:\/\/www.europesays.com\/fr\/wp-json\/wp\/v2\/users\/2"}],"replies":[{"embeddable":true,"href":"https:\/\/www.europesays.com\/fr\/wp-json\/wp\/v2\/comments?post=492950"}],"version-history":[{"count":0,"href":"https:\/\/www.europesays.com\/fr\/wp-json\/wp\/v2\/posts\/492950\/revisions"}],"wp:featuredmedia":[{"embeddable":true,"href":"https:\/\/www.europesays.com\/fr\/wp-json\/wp\/v2\/media\/146413"}],"wp:attachment":[{"href":"https:\/\/www.europesays.com\/fr\/wp-json\/wp\/v2\/media?parent=492950"}],"wp:term":[{"taxonomy":"category","embeddable":true,"href":"https:\/\/www.europesays.com\/fr\/wp-json\/wp\/v2\/categories?post=492950"},{"taxonomy":"post_tag","embeddable":true,"href":"https:\/\/www.europesays.com\/fr\/wp-json\/wp\/v2\/tags?post=492950"}],"curies":[{"name":"wp","href":"https:\/\/api.w.org\/{rel}","templated":true}]}}