{"id":492953,"date":"2025-10-27T10:42:15","date_gmt":"2025-10-27T10:42:15","guid":{"rendered":"https:\/\/www.europesays.com\/fr\/492953\/"},"modified":"2025-10-27T10:42:15","modified_gmt":"2025-10-27T10:42:15","slug":"le-producteur-de-cinema-et-cofondateur-de-so-film-thierry-lounas-accuse-de-viol-une-enquete-ouverte","status":"publish","type":"post","link":"https:\/\/www.europesays.com\/fr\/492953\/","title":{"rendered":"le producteur de cin\u00e9ma et cofondateur de \u00abSo Film\u00bb Thierry Lounas accus\u00e9 de viol, une enqu\u00eate ouverte"},"content":{"rendered":"<p>\n    Une plainte a \u00e9t\u00e9 d\u00e9pos\u00e9e jeudi dernier par une quadrag\u00e9naire, \u00e0 Bordeaux, pour des faits remontant \u00e0 2010.<\/p>\n<p class=\"fig-paragraph\">Le producteur de cin\u00e9ma Thierry Lounas, cofondateur du magazine\u00a0<a href=\"https:\/\/www.lefigaro.fr\/cinema\/francois-hollande-un-frigidaire-connecte-et-un-blind-test-geant-le-summercamp-decontracte-de-sofilm-20190623\" data-fig-type=\"Article\" data-gtm-custom-categorie=\"navigation\" data-gtm-custom-action=\"crossclick\" data-gtm-custom-label=\"Contextuel\" data-gtm-event=\"customEventSPE\" data-fig-domain=\"LEFIGARO\" rel=\"nofollow noopener\" target=\"_blank\">So Film<\/a>, est vis\u00e9 par une plainte pour\u00a0<a href=\"https:\/\/www.lefigaro.fr\/faits-divers\/tentative-de-viol-dans-le-rer-c-un-suspect-sans-domicile-fixe-interpelle-a-mantes-la-jolie-20251025?msockid=258c4318a154643d05395665a0ed65f9\" target=\"_blank\" data-fig-type=\"NewsFlash\" rel=\"sponsored noopener nofollow\" data-gtm-custom-categorie=\"navigation\" data-gtm-custom-action=\"crossclick\" data-gtm-custom-label=\"Contextuel\" data-gtm-event=\"customEventSPE\" data-fig-domain=\"LEFIGARO\">viol<\/a>\u00a0pour des faits remontant \u00e0 2010 qu&rsquo;il conteste, a appris l\u2019AFP samedi aupr\u00e8s de l&rsquo;int\u00e9ress\u00e9 et du parquet, qui a ouvert une enqu\u00eate.<\/p>\n<p class=\"fig-paragraph\">La plainte de la plaignante, aujourd&rsquo;hui quadrag\u00e9naire, a \u00e9t\u00e9 d\u00e9pos\u00e9e jeudi \u00e0\u00a0<a href=\"https:\/\/www.lefigaro.fr\/bordeaux?msockid=258c4318a154643d05395665a0ed65f9\" target=\"_blank\" data-fig-type=\"Section\" rel=\"sponsored noopener nofollow\" data-gtm-custom-categorie=\"navigation\" data-gtm-custom-action=\"crossclick\" data-gtm-custom-label=\"Contextuel\" data-gtm-event=\"customEventSPE\" data-fig-domain=\"LEFIGARO\">Bordeaux<\/a>, a d\u00e9clar\u00e9 son avocate Me Laury Costes, confirmant des informations du site Les Jours. L&rsquo;enqu\u00eate a \u00e9t\u00e9 confi\u00e9e aux policiers de la Division de la criminalit\u00e9 territoriale (DCT), a pr\u00e9cis\u00e9 le parquet de Bordeaux.<\/p>\n<p>                                    <a class=\"fig-a11y-skip a11y-hidden\" href=\"#fig-a11y-skip-main-inarticle\"><br \/>\n        Passer la publicit\u00e9<br \/>\n    <\/a><\/p>\n<p class=\"fig-paragraph\">Selon Les Jours, les faits se seraient produits en 2010 lors d&rsquo;un festival \u00e0 Angers (Maine-et-Loire). La plaignante, alors \u00e9tudiante, aurait pris part \u00e0 un cocktail puis \u00e0 une sortie en bo\u00eete de nuit o\u00f9 elle aurait eu un baiser consenti avec un acteur, avant de perdre conscience et de se r\u00e9veiller nue, souffrant de douleurs vaginales, au c\u00f4t\u00e9 de Thierry Lounas endormi.<\/p>\n<p>Thierry Lounas conteste les accusations<\/p>\n<p class=\"fig-paragraph\">Le producteur a qualifi\u00e9 cette plainte de \u00abd\u00e9lirante\u00bb. \u00abJe n&rsquo;ai couch\u00e9 avec personne ce soir-l\u00e0, j&rsquo;ai fait la f\u00eate toute la nuit, je ne vois ni de pr\u00e8s ni de loin qui c&rsquo;est\u00bb, affirme-t-il, assurant \u00eatre rest\u00e9 \u00abjusqu&rsquo;au petit matin avec tout un groupe\u00bb. Contestant \u00abfermement ces accusations\u00bb, il veut porter plainte pour d\u00e9nonciation calomnieuse et se dit victime d&rsquo;un \u00ablynchage m\u00e9diatique\u00bb.<\/p>\n<p class=\"fig-paragraph\">Un premier article diffus\u00e9 mi-octobre par Les Jours \u00e9voquait des violences sexistes et sexuelles imput\u00e9es par douze femmes \u00e0 Thierry Lounas et sa compagne Claire Bonnefoy. Cette derni\u00e8re a publi\u00e9 un droit de r\u00e9ponse pour dire n&rsquo;avoir jamais \u00abagress\u00e9 ni embrass\u00e9 de force\u00bb une femme.<\/p>\n<p class=\"fig-paragraph\">\u00abL&rsquo;anciennet\u00e9 des faits d\u00e9nonc\u00e9s par ma cliente, la pluralit\u00e9 de plaignantes, les similitudes d\u00e9crites dans le mode op\u00e9ratoire d\u00e9nonc\u00e9 par elles, laissent craindre un nombre de victimes important\u00bb, accuse Me Laury Costes.<\/p>\n<p class=\"fig-paragraph\">Thierry Lounas, \u00e2g\u00e9 de 54 ans, est producteur au sein de la soci\u00e9t\u00e9 Capricci, bas\u00e9e \u00e0 Nantes, et cofondateur en 2012 du magazine sp\u00e9cialis\u00e9 So Film. Il assure s&rsquo;\u00eatre mis en retrait de ses activit\u00e9s apr\u00e8s le d\u00e9but de l&rsquo;affaire. Apr\u00e8s publication de l&rsquo;article des Jours, le Syndicat des producteurs ind\u00e9pendants (SPI) a suspendu temporairement l&rsquo;adh\u00e9sion de Thierry Lounas et Claire Bonnefoy en raison d&rsquo;accusations \u00abd&rsquo;une extr\u00eame gravit\u00e9\u00bb.<\/p>\n","protected":false},"excerpt":{"rendered":"Une plainte a \u00e9t\u00e9 d\u00e9pos\u00e9e jeudi dernier par une quadrag\u00e9naire, \u00e0 Bordeaux, pour des faits remontant \u00e0 2010.&hellip;\n","protected":false},"author":2,"featured_media":492954,"comment_status":"","ping_status":"","sticky":false,"template":"","format":"standard","meta":{"footnotes":""},"categories":[2817],"tags":[1111,11,1997,650,1777,674,1011,27,12,2219,25,1265],"class_list":{"0":"post-492953","1":"post","2":"type-post","3":"status-publish","4":"format-standard","5":"has-post-thumbnail","7":"category-bordeaux","8":"tag-actu","9":"tag-actualites","10":"tag-bordeaux","11":"tag-cinema","12":"tag-eu","13":"tag-europe","14":"tag-fr","15":"tag-france","16":"tag-news","17":"tag-nouvelle-aquitaine","18":"tag-republique-francaise","19":"tag-viol"},"share_on_mastodon":{"url":"","error":""},"_links":{"self":[{"href":"https:\/\/www.europesays.com\/fr\/wp-json\/wp\/v2\/posts\/492953","targetHints":{"allow":["GET"]}}],"collection":[{"href":"https:\/\/www.europesays.com\/fr\/wp-json\/wp\/v2\/posts"}],"about":[{"href":"https:\/\/www.europesays.com\/fr\/wp-json\/wp\/v2\/types\/post"}],"author":[{"embeddable":true,"href":"https:\/\/www.europesays.com\/fr\/wp-json\/wp\/v2\/users\/2"}],"replies":[{"embeddable":true,"href":"https:\/\/www.europesays.com\/fr\/wp-json\/wp\/v2\/comments?post=492953"}],"version-history":[{"count":0,"href":"https:\/\/www.europesays.com\/fr\/wp-json\/wp\/v2\/posts\/492953\/revisions"}],"wp:featuredmedia":[{"embeddable":true,"href":"https:\/\/www.europesays.com\/fr\/wp-json\/wp\/v2\/media\/492954"}],"wp:attachment":[{"href":"https:\/\/www.europesays.com\/fr\/wp-json\/wp\/v2\/media?parent=492953"}],"wp:term":[{"taxonomy":"category","embeddable":true,"href":"https:\/\/www.europesays.com\/fr\/wp-json\/wp\/v2\/categories?post=492953"},{"taxonomy":"post_tag","embeddable":true,"href":"https:\/\/www.europesays.com\/fr\/wp-json\/wp\/v2\/tags?post=492953"}],"curies":[{"name":"wp","href":"https:\/\/api.w.org\/{rel}","templated":true}]}}