{"id":492955,"date":"2025-10-27T10:43:12","date_gmt":"2025-10-27T10:43:12","guid":{"rendered":"https:\/\/www.europesays.com\/fr\/492955\/"},"modified":"2025-10-27T10:43:12","modified_gmt":"2025-10-27T10:43:12","slug":"pres-de-toulouse-une-personne-est-morte-apres-avoir-heurte-un-platane-avec-son-vehicule","status":"publish","type":"post","link":"https:\/\/www.europesays.com\/fr\/492955\/","title":{"rendered":"Pr\u00e8s de Toulouse. Une personne est morte apr\u00e8s avoir heurt\u00e9 un platane avec son v\u00e9hicule"},"content":{"rendered":"<p>            Par<br \/>\n        <strong><br \/>\n            <a href=\"https:\/\/actu.fr\/auteur\/david-saint-sernin\" title=\"Consulter tous les articles de David Saint-Sernin\" rel=\"nofollow noopener\" target=\"_blank\">David Saint-Sernin<\/a><br \/>\n        <\/strong><\/p>\n<p>        Publi\u00e9 le<\/p>\n<p>            27 oct. 2025 \u00e0 11h29        <\/p>\n<p>Lundi 27 octobre 2025, un terrible accident de la route s\u2019est produit \u00e0<a href=\"https:\/\/actu.fr\/occitanie\/merville_31341\" rel=\"nofollow noopener\" target=\"_blank\"> Merville (Haute-Garonne)<\/a>, au nord-ouest de Toulouse. <a href=\"https:\/\/actu.fr\/occitanie\/gaillac-toulza_31206\/accident-de-la-circulation-en-haute-garonne-un-homme-est-mort-dans-une-sortie-de-route-au-sud-de-toulouse_63321636.html\" rel=\"nofollow noopener\" target=\"_blank\">Une personne est morte<\/a> au volant de son v\u00e9hicule.<\/p>\n<p>Choc contre un platane<\/p>\n<p class=\" wall-content\">Il \u00e9tait 9h10 quand les sapeurs-pompiers de Haute-Garonne sont intervenus, <strong>route des Platanes \u00e0 Merville<\/strong>, pour un accident de la circulation impliquant un seul v\u00e9hicule. La victime est venue percuter un platane.<\/p>\n<p class=\" wall-content\">\u00ab\u2009Malgr\u00e9 l\u2019intervention rapide des secours, elle a \u00e9t\u00e9 d\u00e9clar\u00e9e malheureusement d\u00e9c\u00e9d\u00e9e par le m\u00e9decin du SMUR\u2009\u00bb, indique le SDIS 31.<\/p>\n<p class=\" wall-content\">La route a \u00e9t\u00e9 ferm\u00e9e toute la matin\u00e9e pour permettre aux secours d\u2019intervenir. Elle a \u00e9t\u00e9 r\u00e9ouverte apr\u00e8s 11h.<\/p>\n<p>    <a href=\"https:\/\/www.facebook.com\/plugins\/post.php?href=https%3A%2F%2Fwww.facebook.com%2Fpermalink.php%3Fstory_fbid%3Dpfbid0DfDik7kGcNRGnEJJDAaCKd7DSDQoCYmc5PDdxcAtKQfRv5qQavrHs3riciKHze71l%26id%3D100067127184214&amp;show_text=true&amp;width=350\" title=\"Ouvrie le lien\" rel=\"nofollow noopener\" target=\"_blank\">Cliquez ici pour visualiser le contenu<\/a><\/p>\n<p class=\" wall-content\">Personnalisez votre actualit\u00e9 en ajoutant vos villes et m\u00e9dias en favori avec <a href=\"https:\/\/moncompte.actu.fr\" title=\"D\u00e9couvez Mon Actu\" rel=\"nofollow noopener\" data-trk=\"{&quot;cta&quot;:{&quot;action&quot;:&quot;https:\\\/\\\/moncompte.actu.fr&quot;,&quot;category&quot;:&quot;mon compte&quot;,&quot;from&quot;:&quot;article footer&quot;,&quot;name&quot;:&quot;Mon actu&quot;,&quot;type&quot;:&quot;cta&quot;}}\" target=\"_blank\">Mon Actu<\/a>.<\/p>\n","protected":false},"excerpt":{"rendered":"Par David Saint-Sernin Publi\u00e9 le 27 oct. 2025 \u00e0 11h29 Lundi 27 octobre 2025, un terrible accident de&hellip;\n","protected":false},"author":2,"featured_media":492956,"comment_status":"","ping_status":"","sticky":false,"template":"","format":"standard","meta":{"footnotes":""},"categories":[2816],"tags":[119,1111,11,1777,674,118,1011,27,12,2680,1311,25,2312],"class_list":{"0":"post-492955","1":"post","2":"type-post","3":"status-publish","4":"format-standard","5":"has-post-thumbnail","7":"category-toulouse","8":"tag-accident","9":"tag-actu","10":"tag-actualites","11":"tag-eu","12":"tag-europe","13":"tag-faits-divers","14":"tag-fr","15":"tag-france","16":"tag-news","17":"tag-occitanie","18":"tag-pompiers","19":"tag-republique-francaise","20":"tag-toulouse"},"share_on_mastodon":{"url":"https:\/\/pubeurope.com\/@fr\/115445720996543091","error":""},"_links":{"self":[{"href":"https:\/\/www.europesays.com\/fr\/wp-json\/wp\/v2\/posts\/492955","targetHints":{"allow":["GET"]}}],"collection":[{"href":"https:\/\/www.europesays.com\/fr\/wp-json\/wp\/v2\/posts"}],"about":[{"href":"https:\/\/www.europesays.com\/fr\/wp-json\/wp\/v2\/types\/post"}],"author":[{"embeddable":true,"href":"https:\/\/www.europesays.com\/fr\/wp-json\/wp\/v2\/users\/2"}],"replies":[{"embeddable":true,"href":"https:\/\/www.europesays.com\/fr\/wp-json\/wp\/v2\/comments?post=492955"}],"version-history":[{"count":0,"href":"https:\/\/www.europesays.com\/fr\/wp-json\/wp\/v2\/posts\/492955\/revisions"}],"wp:featuredmedia":[{"embeddable":true,"href":"https:\/\/www.europesays.com\/fr\/wp-json\/wp\/v2\/media\/492956"}],"wp:attachment":[{"href":"https:\/\/www.europesays.com\/fr\/wp-json\/wp\/v2\/media?parent=492955"}],"wp:term":[{"taxonomy":"category","embeddable":true,"href":"https:\/\/www.europesays.com\/fr\/wp-json\/wp\/v2\/categories?post=492955"},{"taxonomy":"post_tag","embeddable":true,"href":"https:\/\/www.europesays.com\/fr\/wp-json\/wp\/v2\/tags?post=492955"}],"curies":[{"name":"wp","href":"https:\/\/api.w.org\/{rel}","templated":true}]}}