{"id":492969,"date":"2025-10-27T10:54:15","date_gmt":"2025-10-27T10:54:15","guid":{"rendered":"https:\/\/www.europesays.com\/fr\/492969\/"},"modified":"2025-10-27T10:54:15","modified_gmt":"2025-10-27T10:54:15","slug":"marguerite-raconte-son-intervention-pour-faire-fuir-le-suspect","status":"publish","type":"post","link":"https:\/\/www.europesays.com\/fr\/492969\/","title":{"rendered":"Marguerite raconte son intervention pour faire fuir le suspect"},"content":{"rendered":"<p>C&rsquo;est une sc\u00e8ne \u00e0 laquelle personne ne s&rsquo;attend mais Marguerite l&rsquo;a parfaitement g\u00e9r\u00e9e. Passag\u00e8re du RER C le mercredi 15 octobre, cette directrice d&rsquo;\u00e9tablissement scolaire a racont\u00e9 \u00e0 <a href=\"https:\/\/www.bfmtv.com\/paris\/je-fais-un-grand-cri-marguerite-qui-est-intervenue-dans-la-tentative-de-viol-dans-le-rer-c-temoigne_AV-202510260306.html\" target=\"_blank\" rel=\"noopener\">BFMTV<\/a>\u00a0comment elle \u00e9tait intervenue pour secourir\u00a0Jhordana, une Br\u00e9silienne de 26\u00a0ans <a href=\"https:\/\/www.lalsace.fr\/faits-divers-justice\/2025\/10\/25\/tentative-de-viol-dans-le-rer-en-fuite-l-homme-filme-par-une-passagere-a-ete-arrete\" target=\"_blank\" rel=\"noopener\">victime d&rsquo;une tentative de viol.<\/a><\/p>\n<p> La jeune femme \u00e9tait en effet en train d&rsquo;\u00eatre agress\u00e9e par un homme, alors qu&rsquo;elle se trouvait seule avec lui dans une rame du RER en direction de Juvisy-sur-Orge (Essonne), o\u00f9 r\u00e9side son fr\u00e8re. Marguerite entend alors des cris. \u00ab\u00a0Je comprends que ce n\u2019est pas une dispute, donc je me l\u00e8ve de mon si\u00e8ge et je me rapproche de la sortie du train\u00a0\u00bb, commence-t-elle.<\/p>\n<p>Elle a \u00ab pouss\u00e9 un grand cri \u00bb<\/p>\n<p>Elle tombe nez-\u00e0-nez avec une situation \u00e9trange. \u00ab\u00a0Je vois Jhordana\u00a0qui a ce jeune homme allong\u00e9 sur elle, qui touche tout ce qu\u2019il peut toucher et elle qui se d\u00e9bat dans tous les sens\u00a0\u00bb, poursuit Marguerite. Le suspect aurait mordu, griff\u00e9, frapp\u00e9, \u00e9trangl\u00e9 et agress\u00e9 sexuellement la Br\u00e9silienne ce soir-l\u00e0. \u00ab J&rsquo;ai essay\u00e9 de m\u2019\u00e9chapper mais il a baiss\u00e9 mon pantalon. C\u2019est clair qu\u2019il essayait de me violer\u00a0\u00bb, avait d&rsquo;ailleurs d\u00e9clar\u00e9 la jeune femme de 26 ans.<\/p>\n<p>Marguerite a donc \u00ab\u00a0pouss\u00e9 un grand cri\u00a0\u00bb pour surprendre l&rsquo;individu et tenter de le faire fuir. Ce qui fonctionne puisque le suspect semble \u00ab\u00a0\u00e9tonn\u00e9 et se redresse \u00bb, ce qui permet \u00e0\u00a0Jhordana de \u00ab\u00a0le bousculer et venir vers moi\u00a0\u00bb, explique-t-elle.<\/p>\n<p>D\u00e9cor\u00e9e pour son acte h\u00e9ro\u00efque<\/p>\n<p>L&rsquo;homme a ensuite pris la fuite et le drame a \u00e9t\u00e9 \u00e9vit\u00e9 de justesse. Film\u00e9 par cette dame lors de la fin de la sc\u00e8ne, le suspect a \u00e9t\u00e9 reconnu et <a href=\"https:\/\/www.lalsace.fr\/faits-divers-justice\/2025\/10\/25\/tentative-de-viol-dans-le-rer-en-fuite-l-homme-filme-par-une-passagere-a-ete-arrete\" target=\"_blank\" rel=\"noopener\">interpell\u00e9 vendredi soir<\/a> \u00e0 Mantes-la-Jolie (Yvelines).<\/p>\n<p>Pour son acte de bravoure\u00a0Marguerite va \u00eatre d\u00e9cor\u00e9e. Dans un post sur X,\u00a0la\u00a0pr\u00e9sidente de la r\u00e9gion \u00cele-de-France\u00a0<a href=\"https:\/\/www.lalsace.fr\/p\/valerie-pecresse\" target=\"_blank\" rel=\"noopener\">Val\u00e9rie P\u00e9cresse<\/a> a annonc\u00e9 que \u00ab\u00a0la r\u00e9gion lui d\u00e9cernera la m\u00e9daille de l&rsquo;\u00cele-de-France. \u00bb<\/p>\n<p>&gt;&gt; Lire l&rsquo;article de <a href=\"https:\/\/www.bfmtv.com\/paris\/je-fais-un-grand-cri-marguerite-qui-est-intervenue-dans-la-tentative-de-viol-dans-le-rer-c-temoigne_AV-202510260306.html\" target=\"_blank\" rel=\"noopener\">BFMTV<\/a><\/p>\n","protected":false},"excerpt":{"rendered":"C&rsquo;est une sc\u00e8ne \u00e0 laquelle personne ne s&rsquo;attend mais Marguerite l&rsquo;a parfaitement g\u00e9r\u00e9e. Passag\u00e8re du RER C le&hellip;\n","protected":false},"author":2,"featured_media":492970,"comment_status":"","ping_status":"","sticky":false,"template":"","format":"standard","meta":{"footnotes":""},"categories":[1592],"tags":[1111,11,271,272,1777,674,274,107,1011,27,329,662,12,626,25],"class_list":{"0":"post-492969","1":"post","2":"type-post","3":"status-publish","4":"format-standard","5":"has-post-thumbnail","7":"category-ile-de-france","8":"tag-actu","9":"tag-actualites","10":"tag-crime","11":"tag-delit-et-contravention","12":"tag-eu","13":"tag-europe","14":"tag-faits-divers-justice","15":"tag-fil-info","16":"tag-fr","17":"tag-france","18":"tag-france-monde","19":"tag-ile-de-france","20":"tag-news","21":"tag-paris","22":"tag-republique-francaise"},"share_on_mastodon":{"url":"https:\/\/pubeurope.com\/@fr\/115445764150124934","error":""},"_links":{"self":[{"href":"https:\/\/www.europesays.com\/fr\/wp-json\/wp\/v2\/posts\/492969","targetHints":{"allow":["GET"]}}],"collection":[{"href":"https:\/\/www.europesays.com\/fr\/wp-json\/wp\/v2\/posts"}],"about":[{"href":"https:\/\/www.europesays.com\/fr\/wp-json\/wp\/v2\/types\/post"}],"author":[{"embeddable":true,"href":"https:\/\/www.europesays.com\/fr\/wp-json\/wp\/v2\/users\/2"}],"replies":[{"embeddable":true,"href":"https:\/\/www.europesays.com\/fr\/wp-json\/wp\/v2\/comments?post=492969"}],"version-history":[{"count":0,"href":"https:\/\/www.europesays.com\/fr\/wp-json\/wp\/v2\/posts\/492969\/revisions"}],"wp:featuredmedia":[{"embeddable":true,"href":"https:\/\/www.europesays.com\/fr\/wp-json\/wp\/v2\/media\/492970"}],"wp:attachment":[{"href":"https:\/\/www.europesays.com\/fr\/wp-json\/wp\/v2\/media?parent=492969"}],"wp:term":[{"taxonomy":"category","embeddable":true,"href":"https:\/\/www.europesays.com\/fr\/wp-json\/wp\/v2\/categories?post=492969"},{"taxonomy":"post_tag","embeddable":true,"href":"https:\/\/www.europesays.com\/fr\/wp-json\/wp\/v2\/tags?post=492969"}],"curies":[{"name":"wp","href":"https:\/\/api.w.org\/{rel}","templated":true}]}}