{"id":493006,"date":"2025-10-27T11:20:16","date_gmt":"2025-10-27T11:20:16","guid":{"rendered":"https:\/\/www.europesays.com\/fr\/493006\/"},"modified":"2025-10-27T11:20:16","modified_gmt":"2025-10-27T11:20:16","slug":"ligue-1-ce-quon-retient-de-la-9e-journee-le-psg-premier-europe-et-maintien-intenses","status":"publish","type":"post","link":"https:\/\/www.europesays.com\/fr\/493006\/","title":{"rendered":"Ligue 1 &#8211; Ce qu&rsquo;on retient de la 9e journ\u00e9e : le PSG premier, Europe et maintien intenses !"},"content":{"rendered":"<p><strong>Lors de la 9e journ\u00e9e de Ligue 1 2025-2026, le Paris Saint-Germain s\u2019est impos\u00e9 0-3 contre Brest au Stade Francis Le Bl\u00e9. Un match qui permet de repasser \u00e0 la 1ere place dans une course europ\u00e9enne tr\u00e8s serr\u00e9e.<\/strong><\/p>\n<p>\u00a0R\u00e9sultats de la journ\u00e9e \u2013<\/p>\n<p><img loading=\"lazy\" decoding=\"async\" class=\"aligncenter size-full wp-image-883730 lazyload\" alt=\"\" width=\"695\" height=\"567\" data-eio=\"p\" src=\"https:\/\/www.europesays.com\/fr\/wp-content\/uploads\/2025\/10\/resu-4.png\"  data- data-eio-rwidth=\"695\" data-eio-rheight=\"567\"\/><\/p>\n<p>\u00a0Classement actuel \u2013<\/p>\n<p><img loading=\"lazy\" decoding=\"async\" class=\"aligncenter size-full wp-image-883731 lazyload\" alt=\"\" width=\"685\" height=\"753\" data-eio=\"p\" src=\"https:\/\/www.europesays.com\/fr\/wp-content\/uploads\/2025\/10\/classement-9.png\"  data- data-eio-rwidth=\"685\" data-eio-rheight=\"753\"\/><\/p>\n<p>Le PSG a su assurer, avec s\u00e9rieux m\u00eame si on aurait aim\u00e9 un peu plus de rythme, afin mettre la pression sur l\u2019Olympique de Marseille. Le d\u00e9placement \u00e0 Brest n\u2019est jamais simple, une victoire 0-3 ne peut \u00eatre boud\u00e9e.<\/p>\n<p>Surtout quand elle permet de profiter du revers de l\u2019Olympique de Marseille \u00e0 Lens afin de reprendre la 1ere place. Un match avec des regrets pour des Marseillais, qui ont plut\u00f4t domin\u00e9 mais ont manqu\u00e9 de r\u00e9ussite. M\u00eame si les Lensois, dor\u00e9navant 2es, n\u2019ont pas gagn\u00e9 que par chance non plus. Il y a une belle \u00e9quipe \u00e0 prendre tr\u00e8s au s\u00e9rieux.<\/p>\n<p>De m\u00eame pour Lille, qui \u00e9tait clairement favori, face \u00e0 Metz, 18e, mais qui a bien su assurer pour une victoire avec la mani\u00e8re. Ce qui confirme assez bien sa place dans la course europ\u00e9enne, o\u00f9 Lyon a frapp\u00e9 tr\u00e8s fort hier dans un match tr\u00e8s serr\u00e9 (4 tirs \u00e0 5 en faveur de Strasbourg). Il a fallu se battre pour r\u00e9pondre \u00e0 l\u2019ouverture du score de l\u2019in\u00e9vitable de Joaquin Panichelli. Mais les Lyonnais ont su le faire, avec \u00ab\u00a0l\u2019aide\u00a0\u00bb d\u2019Isma\u00ebl Doukour\u00e9 : but contre son camp \u00e0 la 31e, puis carton rouge \u00e0 la 67e. Et c\u2019est dans le temps additionnel que le but de la victoire est arriv\u00e9.<\/p>\n<p>Derri\u00e8re, attention aussi \u00e0 Monaco, qui n\u2019a pas vraiment brill\u00e9 contre Toulouse (le match n\u2019a globalement pas \u00e9t\u00e9 r\u00e9jouissant), mais qui prend 3 points pr\u00e9cieux. M\u00eame si la question reste sur une possible r\u00e9gularit\u00e9 c\u00f4t\u00e9 mon\u00e9gasque.<\/p>\n<p>Quant au maintien, Lorient a rechut\u00e9, avec une certaine frustration puisqu\u2019il y a domination mais pas l\u2019efficacit\u00e9 face \u00e0 Angers, bien parti pour \u00eatre un concurrent direct dans la course. Auxerre peut avoir un peu le m\u00eame sentiment avec son revers \u00e0 domicile contre Le Havre.<\/p>\n<p>\t\t\t\t\t\t\t\t\t\t\t\t\t\t\t\t\t\t\t\t\t\t\t<img loading=\"lazy\" src=\"https:\/\/www.europesays.com\/fr\/wp-content\/uploads\/2025\/04\/ParisFans_Logo.png\" decoding=\"async\" class=\"lazyload\" width=\"240\" height=\"54\" data-eio-rwidth=\"240\" data-eio-rheight=\"54\"\/><\/p>\n","protected":false},"excerpt":{"rendered":"Lors de la 9e journ\u00e9e de Ligue 1 2025-2026, le Paris Saint-Germain s\u2019est impos\u00e9 0-3 contre Brest au&hellip;\n","protected":false},"author":2,"featured_media":493007,"comment_status":"","ping_status":"","sticky":false,"template":"","format":"standard","meta":{"footnotes":""},"categories":[1410],"tags":[63,1011,27,66,60,96],"class_list":{"0":"post-493006","1":"post","2":"type-post","3":"status-publish","4":"format-standard","5":"has-post-thumbnail","7":"category-football","8":"tag-football","9":"tag-fr","10":"tag-france","11":"tag-ligue-1","12":"tag-sports","13":"tag-une"},"share_on_mastodon":{"url":"https:\/\/pubeurope.com\/@fr\/115445867154767727","error":""},"_links":{"self":[{"href":"https:\/\/www.europesays.com\/fr\/wp-json\/wp\/v2\/posts\/493006","targetHints":{"allow":["GET"]}}],"collection":[{"href":"https:\/\/www.europesays.com\/fr\/wp-json\/wp\/v2\/posts"}],"about":[{"href":"https:\/\/www.europesays.com\/fr\/wp-json\/wp\/v2\/types\/post"}],"author":[{"embeddable":true,"href":"https:\/\/www.europesays.com\/fr\/wp-json\/wp\/v2\/users\/2"}],"replies":[{"embeddable":true,"href":"https:\/\/www.europesays.com\/fr\/wp-json\/wp\/v2\/comments?post=493006"}],"version-history":[{"count":0,"href":"https:\/\/www.europesays.com\/fr\/wp-json\/wp\/v2\/posts\/493006\/revisions"}],"wp:featuredmedia":[{"embeddable":true,"href":"https:\/\/www.europesays.com\/fr\/wp-json\/wp\/v2\/media\/493007"}],"wp:attachment":[{"href":"https:\/\/www.europesays.com\/fr\/wp-json\/wp\/v2\/media?parent=493006"}],"wp:term":[{"taxonomy":"category","embeddable":true,"href":"https:\/\/www.europesays.com\/fr\/wp-json\/wp\/v2\/categories?post=493006"},{"taxonomy":"post_tag","embeddable":true,"href":"https:\/\/www.europesays.com\/fr\/wp-json\/wp\/v2\/tags?post=493006"}],"curies":[{"name":"wp","href":"https:\/\/api.w.org\/{rel}","templated":true}]}}