{"id":493014,"date":"2025-10-27T11:25:11","date_gmt":"2025-10-27T11:25:11","guid":{"rendered":"https:\/\/www.europesays.com\/fr\/493014\/"},"modified":"2025-10-27T11:25:11","modified_gmt":"2025-10-27T11:25:11","slug":"je-ne-serai-jamais-tres-riche","status":"publish","type":"post","link":"https:\/\/www.europesays.com\/fr\/493014\/","title":{"rendered":"je ne serai jamais tr\u00e8s riche"},"content":{"rendered":"<p><strong>Acceptation. <\/strong>En pleine tourn\u00e9e, <a href=\"https:\/\/www.journaldesfemmes.fr\/people\/personnalites\/2839695-sheila-age-mari-ludovic\/\" title=\"Annie Chancel\" rel=\"nofollow noopener\" target=\"_blank\">Sheila<\/a> confie qu&rsquo;elle ne continue pas \u00e0 monter sur sc\u00e8ne pour l&rsquo;argent car elle se sacrifie financi\u00e8rement. \u00ab\u00a0Je privil\u00e9gie le spectacle avec des danseurs \u00a0et rogne sur ce que je touche (&#8230;) Sinon, je fais piano-voix, et l\u00e0, je gagne beaucoup d&rsquo;argent (&#8230;) Mais je pr\u00e9f\u00e8re toucher moins et offrir un super show (&#8230;) De toute fa\u00e7on, je ne serai jamais tr\u00e8s riche car je suis seulement interpr\u00e8te\u00a0\u00bb, a expliqu\u00e9 la chanteuse de 80 ans \u00e0\u00a0La Tribune Dimanche.<\/p>\n","protected":false},"excerpt":{"rendered":"Acceptation. En pleine tourn\u00e9e, Sheila confie qu&rsquo;elle ne continue pas \u00e0 monter sur sc\u00e8ne pour l&rsquo;argent car elle&hellip;\n","protected":false},"author":2,"featured_media":493015,"comment_status":"","ping_status":"","sticky":false,"template":"","format":"standard","meta":{"footnotes":""},"categories":[1355],"tags":[61593,51761,58,59,52292,1011,27,51766,1031,1361,873,10830],"class_list":{"0":"post-493014","1":"post","2":"type-post","3":"status-publish","4":"format-standard","5":"has-post-thumbnail","7":"category-musique","8":"tag-cms-journaldesfemmes-3245506","9":"tag-controller-content","10":"tag-divertissement","11":"tag-entertainment","12":"tag-format-reportage","13":"tag-fr","14":"tag-france","15":"tag-les-histoires-du-jdf","16":"tag-magazine","17":"tag-music","18":"tag-musique","19":"tag-sheila"},"share_on_mastodon":{"url":"https:\/\/pubeurope.com\/@fr\/115445886092962338","error":""},"_links":{"self":[{"href":"https:\/\/www.europesays.com\/fr\/wp-json\/wp\/v2\/posts\/493014","targetHints":{"allow":["GET"]}}],"collection":[{"href":"https:\/\/www.europesays.com\/fr\/wp-json\/wp\/v2\/posts"}],"about":[{"href":"https:\/\/www.europesays.com\/fr\/wp-json\/wp\/v2\/types\/post"}],"author":[{"embeddable":true,"href":"https:\/\/www.europesays.com\/fr\/wp-json\/wp\/v2\/users\/2"}],"replies":[{"embeddable":true,"href":"https:\/\/www.europesays.com\/fr\/wp-json\/wp\/v2\/comments?post=493014"}],"version-history":[{"count":0,"href":"https:\/\/www.europesays.com\/fr\/wp-json\/wp\/v2\/posts\/493014\/revisions"}],"wp:featuredmedia":[{"embeddable":true,"href":"https:\/\/www.europesays.com\/fr\/wp-json\/wp\/v2\/media\/493015"}],"wp:attachment":[{"href":"https:\/\/www.europesays.com\/fr\/wp-json\/wp\/v2\/media?parent=493014"}],"wp:term":[{"taxonomy":"category","embeddable":true,"href":"https:\/\/www.europesays.com\/fr\/wp-json\/wp\/v2\/categories?post=493014"},{"taxonomy":"post_tag","embeddable":true,"href":"https:\/\/www.europesays.com\/fr\/wp-json\/wp\/v2\/tags?post=493014"}],"curies":[{"name":"wp","href":"https:\/\/api.w.org\/{rel}","templated":true}]}}