{"id":493025,"date":"2025-10-27T11:32:12","date_gmt":"2025-10-27T11:32:12","guid":{"rendered":"https:\/\/www.europesays.com\/fr\/493025\/"},"modified":"2025-10-27T11:32:12","modified_gmt":"2025-10-27T11:32:12","slug":"la-proposition-de-loi-du-rn-provoque-lire-des-banques-francaises","status":"publish","type":"post","link":"https:\/\/www.europesays.com\/fr\/493025\/","title":{"rendered":"la proposition de loi du RN provoque l\u2019ire des banques fran\u00e7aises"},"content":{"rendered":"<p>\n    Pour le Rassemblement national, cette mesure, qui sera discut\u00e9e \u00e0 l\u2019Assembl\u00e9e ce jeudi 30 octobre, vise \u00e0 am\u00e9liorer le pouvoir d\u2019achat des Fran\u00e7ais. Mais les repr\u00e9sentants du secteur bancaire alertent sur une possible baisse de la qualit\u00e9 des services.<\/p>\n<p class=\"fig-paragraph\">Les\u00a0<a href=\"http:\/\/www.lefigaro.fr\/societes\/les-frais-bancaires-de-succession-desormais-encadres-en-france-20250505\" data-fig-type=\"Article\" data-gtm-custom-categorie=\"navigation\" data-gtm-custom-action=\"crossclick\" data-gtm-custom-label=\"Contextuel\" data-gtm-event=\"customEventSPE\" data-fig-domain=\"LEFIGARO\" rel=\"nofollow noopener\" target=\"_blank\">frais bancaires<\/a>, ces sommes factur\u00e9es par les banques pour le fonctionnement des comptes de leurs clients, sont dans le collimateur du\u00a0<a href=\"http:\/\/www.lefigaro.fr\/politique\/le-rassemblement-national-confronte-au-retour-de-la-guerre-de-l-union-des-droites-20251022\" data-fig-type=\"Article\" data-gtm-custom-categorie=\"navigation\" data-gtm-custom-action=\"crossclick\" data-gtm-custom-label=\"Contextuel\" data-gtm-event=\"customEventSPE\" data-fig-domain=\"LEFIGARO\" rel=\"nofollow noopener\" target=\"_blank\">Rassemblement national<\/a>\u00a0(RN). Une proposition de loi sur le sujet, d\u00e9pos\u00e9e par les d\u00e9put\u00e9s du parti de Marine Le Pen le mois dernier, sera discut\u00e9e ce jeudi 30 octobre en s\u00e9ance publique \u00e0 l\u2019Assembl\u00e9e nationale, \u00e0 l\u2019occasion de la niche parlementaire du RN, apr\u00e8s avoir \u00e9t\u00e9 rejet\u00e9e en commission des finances.<\/p>\n<p class=\"fig-paragraph\">Pr\u00e9sent\u00e9e par le d\u00e9put\u00e9 Jean-Philippe Tanguy, le \u00abMonsieur budget\u00bb du RN, elle vise \u00e0 \u00ablimiter les frais bancaires injustes\u00bb, pointant \u00abune charge abusive, particuli\u00e8rement pour les m\u00e9nages en situation de fragilit\u00e9 financi\u00e8re, mais aussi pour les classes moyennes et les acteurs \u00e9conomiques et associatifs\u00bb. Les d\u00e9put\u00e9s ajoutent m\u00eame vouloir \u00abmettre un terme aux pratiques bancaires pr\u00e9datrices qui transforment chaque incident en une source de profits\u00bb.<\/p>\n<p>                                    <a class=\"fig-a11y-skip a11y-hidden\" href=\"#fig-a11y-skip-main-inarticle\"><br \/>\n        Passer la publicit\u00e9<br \/>\n    <\/a><\/p>\n<p class=\"fig-paragraph\">Ce n\u2019est pas la premi\u00e8re fois que ce projet est pos\u00e9 sur la table. En avril dernier, les communistes avaient d\u00e9j\u00e0 d\u00e9pos\u00e9 un texte de loi pour \u00ablimiter les frais bancaires\u00bb, finalement retir\u00e9 le 16 octobre. Si les partis veulent s\u2019attaquer \u00e0 cette probl\u00e9matique, c\u2019est que\u00a0<a href=\"http:\/\/www.lefigaro.fr\/conso\/les-tarifs-bancaires-ont-encore-flambe-en-2025-20251007\" target=\"_blank\" data-fig-type=\"NewsFlash\" rel=\"noopener nofollow\" data-gtm-custom-categorie=\"navigation\" data-gtm-custom-action=\"crossclick\" data-gtm-custom-label=\"Contextuel\" data-gtm-event=\"customEventSPE\" data-fig-domain=\"LEFIGARO\">les frais bancaires sont en hausse<\/a>. Ils ont progress\u00e9 de 3,1% en moyenne entre juin 2024 et juin 2025, selon l\u2019Observatoire des tarifs bancaires du Comit\u00e9 consultatif du secteur financier (CCSF), publi\u00e9 d\u00e9but octobre. Sur deux ans, l\u2019augmentation atteint 6,2%.<\/p>\n<p>\u00abNuire \u00e0 l\u2019int\u00e9r\u00eat des clients\u00bb<\/p>\n<p class=\"fig-paragraph\">Dans le d\u00e9tail, ce sont les frais de tenues de comptes qui ont le plus augment\u00e9 entre fin d\u00e9cembre 2024 et le 1er avril 2025, avec une facturation qui a bondi de 8,95% en moyenne, apr\u00e8s une hausse de 8,23% en 2024. Des augmentations d\u00e9fendues par le pr\u00e9sident du Syndicat national de la banque et du cr\u00e9dit (SNB\/CFE-CGC), Fr\u00e9d\u00e9ric Guyonnet, pour qui \u00abla r\u00e9mun\u00e9ration des services bancaires permet aux \u00e9tablissements de financer le fonctionnement des 33.000 agences physiques, la p\u00e9rennit\u00e9 des 373.000 emplois du secteur, dont une majorit\u00e9 en agence et l\u2019accompagnement quotidien de tous les profils de client, y compris les plus vuln\u00e9rables\u00bb.<\/p>\n<p class=\"fig-paragraph\">Dans un communiqu\u00e9 publi\u00e9 le 14 octobre, le patron du premier syndicat de la banque, de la finance et du cr\u00e9dit en France assure que la proposition de loi d\u00e9pos\u00e9e par le RN, qui vise \u00e0 am\u00e9liorer le pouvoir d\u2019achat des Fran\u00e7ais, \u00abrisque paradoxalement de nuire \u00e0 l\u2019int\u00e9r\u00eat des clients, soit la quasi-totalit\u00e9 des citoyens\u00bb. Soulignant que les frais bancaires ne repr\u00e9sentent que \u00ab0,49% du budget moyen des m\u00e9nages\u00bb, il affirme que la mesure risque d\u2019avoir, \u00ab\u00e0 terme, des cons\u00e9quences lourdes et durables\u00bb sur l\u2019emploi dans le secteur, sur \u00able maillage territorial des banques et la qualit\u00e9 du service\u00bb apport\u00e9 aux clients.<\/p>\n<p class=\"fig-paragraph\">Un constat partag\u00e9 par Daniel Baal, pr\u00e9sident de la F\u00e9d\u00e9ration bancaire fran\u00e7aise (FBF) et pr\u00e9sident du\u00a0<a href=\"http:\/\/leparticulier.lefigaro.fr\/jcms\/c_121650\/credit\/une-eclaircie-pour-le-pouvoir-d-achat-une-banque-filiale-du-credit-mutuel-enfin-condamnee-pour-entrave-au-changement-d-assurance-emprunteur-20251009\" data-fig-type=\"Article\" data-gtm-custom-categorie=\"navigation\" data-gtm-custom-action=\"crossclick\" data-gtm-custom-label=\"Contextuel\" data-gtm-event=\"customEventSPE\" data-fig-domain=\"LEPARTICULIER\" rel=\"nofollow noopener\" target=\"_blank\">Cr\u00e9dit mutuel<\/a>. \u00abL\u2019ensemble des services bancaires repr\u00e9sente en gros 0,47% du budget moyen des Fran\u00e7ais. On est \u00e0 la moiti\u00e9 du co\u00fbt pour l\u2019Europe, o\u00f9 on est \u00e0 0,95%, et trois fois en dessous de ce qui est pratiqu\u00e9 en Italie\u00bb, a-t-il relev\u00e9 sur BFM Business le 16 octobre. \u00abOn a aujourd\u2019hui les services bancaires les moins chers d\u2019Europe en moyenne alors qu\u2019on a le r\u00e9seau bancaire le plus important\u00bb, a-t-il d\u00e9fendu.<\/p>\n","protected":false},"excerpt":{"rendered":"Pour le Rassemblement national, cette mesure, qui sera discut\u00e9e \u00e0 l\u2019Assembl\u00e9e ce jeudi 30 octobre, vise \u00e0 am\u00e9liorer&hellip;\n","protected":false},"author":2,"featured_media":493026,"comment_status":"","ping_status":"","sticky":false,"template":"","format":"standard","meta":{"footnotes":""},"categories":[6],"tags":[4282,35,33,34,1011,27,1078],"class_list":{"0":"post-493025","1":"post","2":"type-post","3":"status-publish","4":"format-standard","5":"has-post-thumbnail","7":"category-economie","8":"tag-banques","9":"tag-business","10":"tag-economie","11":"tag-economy","12":"tag-fr","13":"tag-france","14":"tag-rassemblement-national"},"share_on_mastodon":{"url":"https:\/\/pubeurope.com\/@fr\/115445913536570214","error":""},"_links":{"self":[{"href":"https:\/\/www.europesays.com\/fr\/wp-json\/wp\/v2\/posts\/493025","targetHints":{"allow":["GET"]}}],"collection":[{"href":"https:\/\/www.europesays.com\/fr\/wp-json\/wp\/v2\/posts"}],"about":[{"href":"https:\/\/www.europesays.com\/fr\/wp-json\/wp\/v2\/types\/post"}],"author":[{"embeddable":true,"href":"https:\/\/www.europesays.com\/fr\/wp-json\/wp\/v2\/users\/2"}],"replies":[{"embeddable":true,"href":"https:\/\/www.europesays.com\/fr\/wp-json\/wp\/v2\/comments?post=493025"}],"version-history":[{"count":0,"href":"https:\/\/www.europesays.com\/fr\/wp-json\/wp\/v2\/posts\/493025\/revisions"}],"wp:featuredmedia":[{"embeddable":true,"href":"https:\/\/www.europesays.com\/fr\/wp-json\/wp\/v2\/media\/493026"}],"wp:attachment":[{"href":"https:\/\/www.europesays.com\/fr\/wp-json\/wp\/v2\/media?parent=493025"}],"wp:term":[{"taxonomy":"category","embeddable":true,"href":"https:\/\/www.europesays.com\/fr\/wp-json\/wp\/v2\/categories?post=493025"},{"taxonomy":"post_tag","embeddable":true,"href":"https:\/\/www.europesays.com\/fr\/wp-json\/wp\/v2\/tags?post=493025"}],"curies":[{"name":"wp","href":"https:\/\/api.w.org\/{rel}","templated":true}]}}