{"id":493028,"date":"2025-10-27T11:34:12","date_gmt":"2025-10-27T11:34:12","guid":{"rendered":"https:\/\/www.europesays.com\/fr\/493028\/"},"modified":"2025-10-27T11:34:12","modified_gmt":"2025-10-27T11:34:12","slug":"un-homme-retrouve-mort-poignarde-pres-dun-arret-de-tramway","status":"publish","type":"post","link":"https:\/\/www.europesays.com\/fr\/493028\/","title":{"rendered":"un homme retrouv\u00e9 mort poignard\u00e9 pr\u00e8s d\u2019un arr\u00eat de tramway"},"content":{"rendered":"<p>\n    Un homme est d\u00e9c\u00e9d\u00e9 samedi matin \u00e0 V\u00e9nissieux des suites de ses blessures apr\u00e8s avoir \u00e9t\u00e9 poignard\u00e9 dans la nuit. Un suspect s\u2019est rendu dimanche.<\/p>\n<p class=\"fig-paragraph\">Un homme de 37 ans a \u00e9t\u00e9 tu\u00e9 \u00e0 l\u2019arme blanche dans la nuit de vendredi \u00e0 samedi \u00e0\u00a0<a href=\"http:\/\/www.lefigaro.fr\/lyon\/une-manifestation-pro-palestinienne-organisee-le-7-octobre-a-venissieux-fait-polemique-20251008\" data-fig-type=\"NewsFlash\" data-gtm-custom-categorie=\"navigation\" data-gtm-custom-action=\"crossclick\" data-gtm-custom-label=\"Contextuel\" data-gtm-event=\"customEventSPE\" data-fig-domain=\"LEFIGARO\" rel=\"nofollow noopener\" target=\"_blank\">V\u00e9nissieux<\/a>, pr\u00e8s de Lyon. Le corps de la victime, dont l\u2019identit\u00e9 \u00e9tait connue des services de police, a \u00e9t\u00e9 retrouv\u00e9 t\u00f4t samedi sur les rails du tramway, au niveau de la station \u00abLa Borelle\u00bb.<\/p>\n<p class=\"fig-paragraph\">Rapidement,\u00a0<a href=\"http:\/\/www.lefigaro.fr\/lyon\/la-maire-de-venissieux-ecrit-a-retailleau-pour-demander-des-renforts-policiers-contre-le-narcotrafic-20250903\" data-fig-type=\"NewsFlash\" data-gtm-custom-categorie=\"navigation\" data-gtm-custom-action=\"crossclick\" data-gtm-custom-label=\"Contextuel\" data-gtm-event=\"customEventSPE\" data-fig-domain=\"LEFIGARO\" rel=\"nofollow noopener\" target=\"_blank\">l\u2019exploitation des images de vid\u00e9osurveillance\u00a0<\/a>a permis de voir que le trentenaire venait d\u2019avoir une altercation avec l\u2019occupant d\u2019une voiture. Ce dernier lui aurait alors port\u00e9 un coup de couteau au ventre avant de prendre la fuite \u00e0 bord de son v\u00e9hicule. Malgr\u00e9 l\u2019intervention des secours, la victime est d\u00e9c\u00e9d\u00e9e sur place.<\/p>\n<p>                                    <a class=\"fig-a11y-skip a11y-hidden\" href=\"#fig-a11y-skip-main-inarticle\"><br \/>\n        Passer la publicit\u00e9<br \/>\n    <\/a><\/p>\n<p class=\"fig-paragraph\">Selon une information du\u00a0<a href=\"https:\/\/c.leprogres.fr\/faits-divers-justice\/2025\/10\/26\/meurtre-a-l-arme-blanche-a-venissieux-un-suspect-en-garde-a-vue\" target=\"_blank\" rel=\"sponsored noopener nofollow\" data-gtm-custom-categorie=\"navigation\" data-gtm-custom-action=\"crossclick\" data-gtm-custom-label=\"Contextuel\" data-gtm-event=\"customEventSPE\">Progr\u00e8s<\/a>, confirm\u00e9e au Figaro par une source polici\u00e8re, un homme s\u2019est pr\u00e9sent\u00e9 \u00e0 la police dimanche expliquant \u00eatre l\u2019auteur du meurtre. D\u2019apr\u00e8s le quotidien r\u00e9gional, l\u2019hypoth\u00e8se d\u2019un diff\u00e9rend d\u2019ordre priv\u00e9 apr\u00e8s une soir\u00e9e arros\u00e9e est pour le moment privil\u00e9gi\u00e9e.<\/p>\n","protected":false},"excerpt":{"rendered":"Un homme est d\u00e9c\u00e9d\u00e9 samedi matin \u00e0 V\u00e9nissieux des suites de ses blessures apr\u00e8s avoir \u00e9t\u00e9 poignard\u00e9 dans&hellip;\n","protected":false},"author":2,"featured_media":493029,"comment_status":"","ping_status":"","sticky":false,"template":"","format":"standard","meta":{"footnotes":""},"categories":[4],"tags":[11,9405,1011,27,777,12,25],"class_list":{"0":"post-493028","1":"post","2":"type-post","3":"status-publish","4":"format-standard","5":"has-post-thumbnail","7":"category-france","8":"tag-actualites","9":"tag-arme-blanche","10":"tag-fr","11":"tag-france","12":"tag-meurtre","13":"tag-news","14":"tag-republique-francaise"},"share_on_mastodon":{"url":"https:\/\/pubeurope.com\/@fr\/115445921562393439","error":""},"_links":{"self":[{"href":"https:\/\/www.europesays.com\/fr\/wp-json\/wp\/v2\/posts\/493028","targetHints":{"allow":["GET"]}}],"collection":[{"href":"https:\/\/www.europesays.com\/fr\/wp-json\/wp\/v2\/posts"}],"about":[{"href":"https:\/\/www.europesays.com\/fr\/wp-json\/wp\/v2\/types\/post"}],"author":[{"embeddable":true,"href":"https:\/\/www.europesays.com\/fr\/wp-json\/wp\/v2\/users\/2"}],"replies":[{"embeddable":true,"href":"https:\/\/www.europesays.com\/fr\/wp-json\/wp\/v2\/comments?post=493028"}],"version-history":[{"count":0,"href":"https:\/\/www.europesays.com\/fr\/wp-json\/wp\/v2\/posts\/493028\/revisions"}],"wp:featuredmedia":[{"embeddable":true,"href":"https:\/\/www.europesays.com\/fr\/wp-json\/wp\/v2\/media\/493029"}],"wp:attachment":[{"href":"https:\/\/www.europesays.com\/fr\/wp-json\/wp\/v2\/media?parent=493028"}],"wp:term":[{"taxonomy":"category","embeddable":true,"href":"https:\/\/www.europesays.com\/fr\/wp-json\/wp\/v2\/categories?post=493028"},{"taxonomy":"post_tag","embeddable":true,"href":"https:\/\/www.europesays.com\/fr\/wp-json\/wp\/v2\/tags?post=493028"}],"curies":[{"name":"wp","href":"https:\/\/api.w.org\/{rel}","templated":true}]}}