{"id":493030,"date":"2025-10-27T11:35:12","date_gmt":"2025-10-27T11:35:12","guid":{"rendered":"https:\/\/www.europesays.com\/fr\/493030\/"},"modified":"2025-10-27T11:35:12","modified_gmt":"2025-10-27T11:35:12","slug":"les-memes-fractures-demeurent-20-ans-apres-estime-dominique-de-villepin","status":"publish","type":"post","link":"https:\/\/www.europesays.com\/fr\/493030\/","title":{"rendered":"\u00ables m\u00eames fractures demeurent\u00bb 20 ans apr\u00e8s, estime Dominique de Villepin"},"content":{"rendered":"<p>\n    Celui qui \u00e9tait premier ministre en 2005 appelle aussi dans un communiqu\u00e9 \u00e0 \u00abrestaurer la confiance dans la parole publique\u00bb.<\/p>\n<p class=\"fig-paragraph\">L\u2019ancien premier ministre\u00a0<a href=\"http:\/\/www.lefigaro.fr\/politique\/budget-dominique-de-villepin-enjoint-sebastien-lecornu-de-s-emanciper-d-emmanuel-macron-20250928\" target=\"_blank\" data-fig-type=\"Article\" rel=\"noopener\" data-gtm-custom-categorie=\"navigation\" data-gtm-custom-action=\"crossclick\" data-gtm-custom-label=\"Contextuel\" data-gtm-event=\"customEventSPE\" data-fig-domain=\"LEFIGARO\">Dominique de Villepin<\/a>\u00a0juge que \u00ables m\u00eames fractures demeurent\u00bb et appelle \u00e0 \u00abrestaurer la confiance dans la parole publique\u00bb vingt ans apr\u00e8s la mort de\u00a0<a href=\"https:\/\/www.lefigaro.fr\/politique\/le-spectre-des-emeutes-de-2005-ressurgit-et-fait-craindre-un-embrasement-20230629\" target=\"_blank\" data-fig-type=\"Article\" rel=\"noopener\" data-gtm-custom-categorie=\"navigation\" data-gtm-custom-action=\"crossclick\" data-gtm-custom-label=\"Contextuel\" data-gtm-event=\"customEventSPE\" data-fig-domain=\"LEFIGARO\">Zyed et Bouna<\/a>, \u00e0\u00a0<a href=\"https:\/\/www.lefigaro.fr\/actualite-france\/2015\/03\/15\/01016-20150315ARTFIG00131-deux-policiers-juges-dix-ans-apres-la-mort-de-zyed-et-de-bouna.php\" target=\"_blank\" data-fig-type=\"Article\" rel=\"noopener\" data-gtm-custom-categorie=\"navigation\" data-gtm-custom-action=\"crossclick\" data-gtm-custom-label=\"Contextuel\" data-gtm-event=\"customEventSPE\" data-fig-domain=\"LEFIGARO\">Clichy-sous-Bois<\/a>, qui avait d\u00e9clench\u00e9 une vague d&rsquo;\u00e9meutes. \u00abVoil\u00e0 vingt ans que j&rsquo;essaie de comprendre ce qui g\u00e9n\u00e8re de telles fractures et conduit \u00e0 de tels drames. Et je me rends compte, avec une grande inqui\u00e9tude, que nous pers\u00e9v\u00e9rons toujours dans le d\u00e9ni et l&rsquo;abandon\u00bb, \u00e9crit Dominique de Villepin dans un communiqu\u00e9 de 7 pages, rappelant qu&rsquo;il \u00e9tait \u00abpremier ministre depuis cinq mois lorsque deux enfants de France sont morts, victimes de la s\u00e9gr\u00e9gation et de l&rsquo;abandon de la R\u00e9publique\u00bb.<\/p>\n<p class=\"fig-paragraph\">Le 27 octobre 2005, apr\u00e8s avoir \u00e9t\u00e9 poursuivis par des policiers, Bouna Traor\u00e9, 15 ans, et Zyed Benna, 17 ans, se cach\u00e8rent dans un site EDF et y furent \u00e9lectrocut\u00e9s, entra\u00eenant une vague d&rsquo;\u00e9meutes dans tout le pays. \u00abDepuis ce jour, j&rsquo;ai acquis la conviction que l&rsquo;\u00e9quilibre de la Nation ne peut na\u00eetre que de la v\u00e9rit\u00e9, parce qu&rsquo;elle seule garantit la justice\u00bb, poursuit le premier ministre de l\u2019\u00e9poque Dominique de Villepin juge que \u00ables m\u00eames fractures demeurent\u00bb et appelle \u00e0 \u00abrestaurer la confiance dans la parole publique\u00bb. Dominique de Villepin, jugeant \u00abessentiel de restaurer la confiance dans la parole publique\u00bb. \u00abLa v\u00e9rit\u00e9 n&rsquo;est pas un risque politique\u00a0: elle est la condition m\u00eame de l&rsquo;exercice d\u00e9mocratique\u00bb, affirme-t-il.<\/p>\n<p>                                    <a class=\"fig-a11y-skip a11y-hidden\" href=\"#fig-a11y-skip-main-inarticle\"><br \/>\n        Passer la publicit\u00e9<br \/>\n    <\/a><\/p>\n<p class=\"fig-paragraph\">Il reconna\u00eet qu&rsquo;\u00aben reprenant trop rapidement, soucieux de l&rsquo;unit\u00e9 gouvernementale, des informations erron\u00e9es venues du minist\u00e8re de l&rsquo;Int\u00e9rieur, nous avons contribu\u00e9 \u00e0 affaiblir la confiance dans la parole publique\u00bb. Et il pointe \u00e9galement, dans une allusion \u00e0 Nicolas Sarkozy, \u00abcertains propos publics &#8211; le K\u00e4rcher, les \u201cracailles\u201d -\u00bb qui \u00abont pu blesser, attisant le ressentiment, comme si la R\u00e9publique r\u00e9duisait une partie de ses enfants \u00e0 un probl\u00e8me \u00e0 r\u00e9soudre\u00bb.<\/p>\n<p>\u00abTirer les le\u00e7ons de ces drames\u00bb<\/p>\n<p class=\"fig-paragraph\">Appelant \u00e0 \u00abtirer les le\u00e7ons de ces drames\u00bb, il souligne que \u00ables \u00e9meutes de 2005 ont r\u00e9v\u00e9l\u00e9 une France \u00e0 deux vitesses: d&rsquo;un c\u00f4t\u00e9, des territoires o\u00f9 la R\u00e9publique continue de s&rsquo;incarner; de l&rsquo;autre, des zones o\u00f9 elle n&rsquo;est plus qu&rsquo;un mot, un concept, une id\u00e9e abstraite, et trop souvent, une contrainte\u00bb. \u00abVingt ans apr\u00e8s, les m\u00eames fractures demeurent. Ce n&rsquo;est pas le manque de moyens qui fait d\u00e9faut, mais la vision d&rsquo;ensemble, la constance et la coh\u00e9rence\u00bb, consid\u00e8re-t-il, \u00e9voquant les Gilets jaunes en 2018, qui \u00abont exprim\u00e9 une autre r\u00e9volte, diff\u00e9rente dans sa forme, mais semblable dans son ressort: le sentiment d&rsquo;abandon\u00bb, et les \u00e9meutes cons\u00e9cutives \u00e0 la mort du jeune Nahel, en 2023. \u00abSi les m\u00eames causes produisent les m\u00eames effets, c&rsquo;est que la R\u00e9publique n&rsquo;a pas su r\u00e9parer son contrat politique et social\u00bb, estime l&rsquo;ex-Premier ministre, pour qui \u00able drame de Zyed et Bouna, c&rsquo;est le drame d&rsquo;une jeunesse fran\u00e7aise qui ne demandait qu&rsquo;\u00e0 \u00eatre reconnue et respect\u00e9e comme telle\u00bb.<\/p>\n","protected":false},"excerpt":{"rendered":"Celui qui \u00e9tait premier ministre en 2005 appelle aussi dans un communiqu\u00e9 \u00e0 \u00abrestaurer la confiance dans la&hellip;\n","protected":false},"author":2,"featured_media":493031,"comment_status":"","ping_status":"","sticky":false,"template":"","format":"standard","meta":{"footnotes":""},"categories":[2],"tags":[11,23385,1011,27,18,12],"class_list":{"0":"post-493030","1":"post","2":"type-post","3":"status-publish","4":"format-standard","5":"has-post-thumbnail","7":"category-actualites","8":"tag-actualites","9":"tag-dominique-de-villepin","10":"tag-fr","11":"tag-france","12":"tag-mort","13":"tag-news"},"share_on_mastodon":{"url":"https:\/\/pubeurope.com\/@fr\/115445925506814822","error":""},"_links":{"self":[{"href":"https:\/\/www.europesays.com\/fr\/wp-json\/wp\/v2\/posts\/493030","targetHints":{"allow":["GET"]}}],"collection":[{"href":"https:\/\/www.europesays.com\/fr\/wp-json\/wp\/v2\/posts"}],"about":[{"href":"https:\/\/www.europesays.com\/fr\/wp-json\/wp\/v2\/types\/post"}],"author":[{"embeddable":true,"href":"https:\/\/www.europesays.com\/fr\/wp-json\/wp\/v2\/users\/2"}],"replies":[{"embeddable":true,"href":"https:\/\/www.europesays.com\/fr\/wp-json\/wp\/v2\/comments?post=493030"}],"version-history":[{"count":0,"href":"https:\/\/www.europesays.com\/fr\/wp-json\/wp\/v2\/posts\/493030\/revisions"}],"wp:featuredmedia":[{"embeddable":true,"href":"https:\/\/www.europesays.com\/fr\/wp-json\/wp\/v2\/media\/493031"}],"wp:attachment":[{"href":"https:\/\/www.europesays.com\/fr\/wp-json\/wp\/v2\/media?parent=493030"}],"wp:term":[{"taxonomy":"category","embeddable":true,"href":"https:\/\/www.europesays.com\/fr\/wp-json\/wp\/v2\/categories?post=493030"},{"taxonomy":"post_tag","embeddable":true,"href":"https:\/\/www.europesays.com\/fr\/wp-json\/wp\/v2\/tags?post=493030"}],"curies":[{"name":"wp","href":"https:\/\/api.w.org\/{rel}","templated":true}]}}