{"id":493032,"date":"2025-10-27T11:36:17","date_gmt":"2025-10-27T11:36:17","guid":{"rendered":"https:\/\/www.europesays.com\/fr\/493032\/"},"modified":"2025-10-27T11:36:17","modified_gmt":"2025-10-27T11:36:17","slug":"saint-etienne-sous-lempire-de-lalcool-lautomobiliste-fuit-le-controle-avant-detre-piege-sur-un-parking","status":"publish","type":"post","link":"https:\/\/www.europesays.com\/fr\/493032\/","title":{"rendered":"Saint-\u00c9tienne. Sous l&#8217;empire de l&rsquo;alcool, l\u2019automobiliste fuit le contr\u00f4le avant d&rsquo;\u00eatre pi\u00e9g\u00e9 sur un parking"},"content":{"rendered":"<p>Les policiers de la Section d\u2019intervention ont connu un vendredi soir bien compliqu\u00e9 ce 24\u00a0octobre. Un peu avant minuit, les fonctionnaires en faction dans le quartier de Centre-Deux aper\u00e7oivent un v\u00e9hicule de type BMW rouler \u00e0 vive allure rue des Docteurs-Charcot. Ils d\u00e9cident alors d\u2019intervenir et de proc\u00e9der \u00e0 un contr\u00f4le de s\u00e9curit\u00e9.<\/p>\n<p>Mais le conducteur de la puissante berline allemande ne l\u2019entend pas de cette oreille et choisit d\u2019acc\u00e9l\u00e9rer encore plus fort quand les agents de police d\u00e9clenchent les avertisseurs sonores et lumineux. Apr\u00e8s avoir emprunt\u00e9 la rue du Mont, dans le quartier de Bellevue, et pensant avoir r\u00e9ussi \u00e0 semer, le chauffeur, \u00e2g\u00e9 de 28 ans et originaire de Saint-\u00c9tienne, d\u00e9cide de se cacher sur un parking derri\u00e8re un immeuble d\u2019habitation, au niveau de la rue Jean-Allemane.<\/p>\n<p>  Assomm\u00e9 par un poteau \u00e9lectrique en tentant de prendre la fuite<\/p>\n<p>Les forces de l\u2019ordre d\u00e9cident alors de boucler les entr\u00e9es et sorties du site pour parvenir \u00e0 leurs fins. Bloqu\u00e9 sur place, l\u2019homme est coinc\u00e9. Les policiers parviennent finalement \u00e0 le ma\u00eetriser mais ce dernier refuse encore de se laisser interpeller. Il insulte \u00e0 plusieurs reprises les membres de l\u2019\u00e9quipage et leur porte plusieurs coups de pied.<\/p>\n<p>D\u2019apr\u00e8s une source polici\u00e8re, et alors qu\u2019une seule menotte \u00e9tait accroch\u00e9e \u00e0 son poignet, l\u2019individu aurait tent\u00e9 de prendre la fuite en courant avant de percuter un poteau \u00e9lectrique.<\/p>\n<p>Sonn\u00e9, il a enfin pu \u00eatre mis hors d\u2019\u00e9tat de nuire. Le contr\u00f4le d\u2019alcool\u00e9mie pratiqu\u00e9 sur lui va se r\u00e9v\u00e9ler positif avec 1,14 gramme d\u2019alcool par litre de sang. De plus, il circulait sans permis de conduire et le v\u00e9hicule n\u2019\u00e9tait pas assur\u00e9.<\/p>\n<p>\u00c0 l\u2019issue de sa garde \u00e0 vue, il s\u2019est vu notifier une convocation devant le tribunal correctionnel dans le cadre d\u2019une comparution imm\u00e9diate.<\/p>\n<p>Devant la justice, il devra r\u00e9pondre d\u2019un refus d\u2019obtemp\u00e9rer, de r\u00e9bellion, outrages, conduite sous l\u2019empire d\u2019un \u00e9tat alcoolique, d\u00e9faut de permis et d\u00e9faut d\u2019assurance.<\/p>\n","protected":false},"excerpt":{"rendered":"Les policiers de la Section d\u2019intervention ont connu un vendredi soir bien compliqu\u00e9 ce 24\u00a0octobre. Un peu avant&hellip;\n","protected":false},"author":2,"featured_media":493033,"comment_status":"","ping_status":"","sticky":false,"template":"","format":"standard","meta":{"footnotes":""},"categories":[9653],"tags":[1111,11,2430,271,272,7539,1777,674,274,1011,27,3367,12,25,4001,7538,104,2803],"class_list":{"0":"post-493032","1":"post","2":"type-post","3":"status-publish","4":"format-standard","5":"has-post-thumbnail","7":"category-saint-etienne","8":"tag-actu","9":"tag-actualites","10":"tag-auvergne-rhone-alpes","11":"tag-crime","12":"tag-delit-et-contravention","13":"tag-edition-loire-sud","14":"tag-eu","15":"tag-europe","16":"tag-faits-divers-justice","17":"tag-fr","18":"tag-france","19":"tag-loire","20":"tag-news","21":"tag-republique-francaise","22":"tag-saint-etienne","23":"tag-saint-etienne-ville","24":"tag-societe","25":"tag-transport"},"share_on_mastodon":{"url":"https:\/\/pubeurope.com\/@fr\/115445929523373240","error":""},"_links":{"self":[{"href":"https:\/\/www.europesays.com\/fr\/wp-json\/wp\/v2\/posts\/493032","targetHints":{"allow":["GET"]}}],"collection":[{"href":"https:\/\/www.europesays.com\/fr\/wp-json\/wp\/v2\/posts"}],"about":[{"href":"https:\/\/www.europesays.com\/fr\/wp-json\/wp\/v2\/types\/post"}],"author":[{"embeddable":true,"href":"https:\/\/www.europesays.com\/fr\/wp-json\/wp\/v2\/users\/2"}],"replies":[{"embeddable":true,"href":"https:\/\/www.europesays.com\/fr\/wp-json\/wp\/v2\/comments?post=493032"}],"version-history":[{"count":0,"href":"https:\/\/www.europesays.com\/fr\/wp-json\/wp\/v2\/posts\/493032\/revisions"}],"wp:featuredmedia":[{"embeddable":true,"href":"https:\/\/www.europesays.com\/fr\/wp-json\/wp\/v2\/media\/493033"}],"wp:attachment":[{"href":"https:\/\/www.europesays.com\/fr\/wp-json\/wp\/v2\/media?parent=493032"}],"wp:term":[{"taxonomy":"category","embeddable":true,"href":"https:\/\/www.europesays.com\/fr\/wp-json\/wp\/v2\/categories?post=493032"},{"taxonomy":"post_tag","embeddable":true,"href":"https:\/\/www.europesays.com\/fr\/wp-json\/wp\/v2\/tags?post=493032"}],"curies":[{"name":"wp","href":"https:\/\/api.w.org\/{rel}","templated":true}]}}