{"id":493038,"date":"2025-10-27T11:39:15","date_gmt":"2025-10-27T11:39:15","guid":{"rendered":"https:\/\/www.europesays.com\/fr\/493038\/"},"modified":"2025-10-27T11:39:15","modified_gmt":"2025-10-27T11:39:15","slug":"apres-un-incendie-le-commissariat-de-police-de-nancy-ferme-ce-lundi-voici-ou-deposer-plainte","status":"publish","type":"post","link":"https:\/\/www.europesays.com\/fr\/493038\/","title":{"rendered":"Apr\u00e8s un incendie, le commissariat de police de Nancy ferm\u00e9 ce lundi : voici o\u00f9 d\u00e9poser plainte"},"content":{"rendered":"<p>            Par<br \/>\n        <strong><br \/>\n            <a href=\"https:\/\/actu.fr\/auteur\/amandine-mehl\" title=\"Consulter tous les articles de Amandine Mehl\" target=\"_blank\" rel=\"noopener\">Amandine Mehl<\/a><br \/>\n        <\/strong><\/p>\n<p>        Publi\u00e9 le<\/p>\n<p>            27 oct. 2025 \u00e0 12h14        <\/p>\n<p>En raison d\u2019un <a href=\"https:\/\/actu.fr\/tag\/incendie\" target=\"_blank\" rel=\"noopener\">incendie<\/a> survenu dimanche 26\u00a0octobre 2025, le commissariat de <a href=\"https:\/\/actu.fr\/tag\/police\" target=\"_blank\" rel=\"noopener\">police<\/a> de <strong>Nancy<\/strong>, situ\u00e9 au 38 boulevard Lobau, est <strong>ferm\u00e9 au public ce lundi<\/strong>.<\/p>\n<p class=\" wall-content\">Les personnes souhaitant d\u00e9poser plainte sont par cons\u00e9quent <b>invit\u00e9es \u00e0 faire diff\u00e9remment.\u00a0<\/b><\/p>\n<p>Des policiers sans chauffage ni \u00e9lectricit\u00e9 \u00e0 Nancy<\/p>\n<p class=\" wall-content\">Selon une source polici\u00e8re, le feu a pris dans une <strong>armoire \u00e9lectrique<\/strong>. Si aucun bless\u00e9 n\u2019est \u00e0 d\u00e9plorer, le sinistre vient tout de m\u00eame <strong>chambouler<\/strong> le quotidien des policiers qui se retrouvent<strong> sans \u00e9lectricit\u00e9 et sans chauffage<\/strong> ce lundi. Si l\u2019\u00e9lectricit\u00e9 devrait \u00eatre r\u00e9tablie en d\u00e9but d\u2019apr\u00e8s-midi, aucune pr\u00e9cision n\u2019a \u00e9t\u00e9 donn\u00e9e s\u2019agissant de l\u2019accueil du public.<\/p>\n<p class=\" wall-content\">Pour l\u2019heure, les personnes souhaitant d\u00e9poser plainte sont par cons\u00e9quent <strong>rapatri\u00e9es au commissariat secteur Saint-L\u00e9on<\/strong>.\u00a0<\/p>\n<p class=\" wall-content\">Personnalisez votre actualit\u00e9 en ajoutant vos villes et m\u00e9dias en favori avec <a href=\"https:\/\/moncompte.actu.fr\" title=\"D\u00e9couvez Mon Actu\" rel=\"nofollow noopener\" data-trk=\"{&quot;cta&quot;:{&quot;action&quot;:&quot;https:\\\/\\\/moncompte.actu.fr&quot;,&quot;category&quot;:&quot;mon compte&quot;,&quot;from&quot;:&quot;article footer&quot;,&quot;name&quot;:&quot;Mon actu&quot;,&quot;type&quot;:&quot;cta&quot;}}\" target=\"_blank\">Mon Actu<\/a>.<\/p>\n","protected":false},"excerpt":{"rendered":"Par Amandine Mehl Publi\u00e9 le 27 oct. 2025 \u00e0 12h14 En raison d\u2019un incendie survenu dimanche 26\u00a0octobre 2025,&hellip;\n","protected":false},"author":2,"featured_media":493039,"comment_status":"","ping_status":"","sticky":false,"template":"","format":"standard","meta":{"footnotes":""},"categories":[9635],"tags":[1111,11,1777,674,118,1011,27,775,1310,1702,12,1072,25],"class_list":{"0":"post-493038","1":"post","2":"type-post","3":"status-publish","4":"format-standard","5":"has-post-thumbnail","7":"category-nancy","8":"tag-actu","9":"tag-actualites","10":"tag-eu","11":"tag-europe","12":"tag-faits-divers","13":"tag-fr","14":"tag-france","15":"tag-grand-est","16":"tag-incendie","17":"tag-nancy","18":"tag-news","19":"tag-police","20":"tag-republique-francaise"},"share_on_mastodon":{"url":"https:\/\/pubeurope.com\/@fr\/115445941230769939","error":""},"_links":{"self":[{"href":"https:\/\/www.europesays.com\/fr\/wp-json\/wp\/v2\/posts\/493038","targetHints":{"allow":["GET"]}}],"collection":[{"href":"https:\/\/www.europesays.com\/fr\/wp-json\/wp\/v2\/posts"}],"about":[{"href":"https:\/\/www.europesays.com\/fr\/wp-json\/wp\/v2\/types\/post"}],"author":[{"embeddable":true,"href":"https:\/\/www.europesays.com\/fr\/wp-json\/wp\/v2\/users\/2"}],"replies":[{"embeddable":true,"href":"https:\/\/www.europesays.com\/fr\/wp-json\/wp\/v2\/comments?post=493038"}],"version-history":[{"count":0,"href":"https:\/\/www.europesays.com\/fr\/wp-json\/wp\/v2\/posts\/493038\/revisions"}],"wp:featuredmedia":[{"embeddable":true,"href":"https:\/\/www.europesays.com\/fr\/wp-json\/wp\/v2\/media\/493039"}],"wp:attachment":[{"href":"https:\/\/www.europesays.com\/fr\/wp-json\/wp\/v2\/media?parent=493038"}],"wp:term":[{"taxonomy":"category","embeddable":true,"href":"https:\/\/www.europesays.com\/fr\/wp-json\/wp\/v2\/categories?post=493038"},{"taxonomy":"post_tag","embeddable":true,"href":"https:\/\/www.europesays.com\/fr\/wp-json\/wp\/v2\/tags?post=493038"}],"curies":[{"name":"wp","href":"https:\/\/api.w.org\/{rel}","templated":true}]}}