{"id":493044,"date":"2025-10-27T11:42:11","date_gmt":"2025-10-27T11:42:11","guid":{"rendered":"https:\/\/www.europesays.com\/fr\/493044\/"},"modified":"2025-10-27T11:42:11","modified_gmt":"2025-10-27T11:42:11","slug":"21-novembre-2025-les-choristes-a-montpellier","status":"publish","type":"post","link":"https:\/\/www.europesays.com\/fr\/493044\/","title":{"rendered":"21 novembre 2025 Les Choristes \u00e0 Montpellier !"},"content":{"rendered":"<p>D\u00e9j\u00e0 \u00bb<br \/>\nLa Ma\u00eetrise Saint-Marc c\u00e9l\u00e8bre les 20 ans du film culte Les Choristes avec une tourn\u00e9e exceptionnelle. Ce spectacle r\u00e9veille la magie du film gr\u00e2ce aux belles voix d&rsquo;enfants et \u00e0 une direction artistique fid\u00e8le \u00e0 son esprit.<br \/>\nVenez vivre 20 ans d\u2019\u00e9motion ! Les jeunes choristes interpr\u00e9teront des airs embl\u00e9matiques comme \u00ab\u00a0Vois sur ton chemin\u00a0\u00bb, \u00ab\u00a0Caresse sur l&rsquo;oc\u00e9an\u00a0\u00bb, et \u00ab\u00a0Cerf-volant\u00a0\u00bb, ainsi que des cr\u00e9ations in\u00e9dites pour l&rsquo;occasion. Avec 16 \u00e0 20 jeunes talents sur sc\u00e8ne, les performances se tiendront dans des lieux prestigieux, allant des cath\u00e9drales aux th\u00e9\u00e2tres, offrant une acoustique parfaite.<\/p>\n","protected":false},"excerpt":{"rendered":"D\u00e9j\u00e0 \u00bb La Ma\u00eetrise Saint-Marc c\u00e9l\u00e8bre les 20 ans du film culte Les Choristes avec une tourn\u00e9e exceptionnelle.&hellip;\n","protected":false},"author":2,"featured_media":493045,"comment_status":"","ping_status":"","sticky":false,"template":"","format":"standard","meta":{"footnotes":""},"categories":[9599],"tags":[20747,1111,11,1777,674,2087,1011,27,2208,12,2680,25],"class_list":{"0":"post-493044","1":"post","2":"type-post","3":"status-publish","4":"format-standard","5":"has-post-thumbnail","7":"category-montpellier","8":"tag-20747","9":"tag-actu","10":"tag-actualites","11":"tag-eu","12":"tag-europe","13":"tag-evenement","14":"tag-fr","15":"tag-france","16":"tag-montpellier","17":"tag-news","18":"tag-occitanie","19":"tag-republique-francaise"},"share_on_mastodon":{"url":"https:\/\/pubeurope.com\/@fr\/115445953006850129","error":""},"_links":{"self":[{"href":"https:\/\/www.europesays.com\/fr\/wp-json\/wp\/v2\/posts\/493044","targetHints":{"allow":["GET"]}}],"collection":[{"href":"https:\/\/www.europesays.com\/fr\/wp-json\/wp\/v2\/posts"}],"about":[{"href":"https:\/\/www.europesays.com\/fr\/wp-json\/wp\/v2\/types\/post"}],"author":[{"embeddable":true,"href":"https:\/\/www.europesays.com\/fr\/wp-json\/wp\/v2\/users\/2"}],"replies":[{"embeddable":true,"href":"https:\/\/www.europesays.com\/fr\/wp-json\/wp\/v2\/comments?post=493044"}],"version-history":[{"count":0,"href":"https:\/\/www.europesays.com\/fr\/wp-json\/wp\/v2\/posts\/493044\/revisions"}],"wp:featuredmedia":[{"embeddable":true,"href":"https:\/\/www.europesays.com\/fr\/wp-json\/wp\/v2\/media\/493045"}],"wp:attachment":[{"href":"https:\/\/www.europesays.com\/fr\/wp-json\/wp\/v2\/media?parent=493044"}],"wp:term":[{"taxonomy":"category","embeddable":true,"href":"https:\/\/www.europesays.com\/fr\/wp-json\/wp\/v2\/categories?post=493044"},{"taxonomy":"post_tag","embeddable":true,"href":"https:\/\/www.europesays.com\/fr\/wp-json\/wp\/v2\/tags?post=493044"}],"curies":[{"name":"wp","href":"https:\/\/api.w.org\/{rel}","templated":true}]}}