{"id":493048,"date":"2025-10-27T11:44:11","date_gmt":"2025-10-27T11:44:11","guid":{"rendered":"https:\/\/www.europesays.com\/fr\/493048\/"},"modified":"2025-10-27T11:44:11","modified_gmt":"2025-10-27T11:44:11","slug":"a-rouen-sa-sortie-de-boite-vire-au-grand-nimporte-quoi-et-en-garde-a-vue","status":"publish","type":"post","link":"https:\/\/www.europesays.com\/fr\/493048\/","title":{"rendered":"\u00c0 Rouen, sa sortie de bo\u00eete vire au grand n&rsquo;importe quoi&#8230; et en garde \u00e0 vue\u00a0!"},"content":{"rendered":"<p>            Par<br \/>\n        <strong><br \/>\n            <a href=\"https:\/\/actu.fr\/auteur\/julien-bouteiller\" title=\"Consulter tous les articles de Julien Bouteiller\" target=\"_blank\" rel=\"noopener\">Julien Bouteiller<\/a><br \/>\n        <\/strong><\/p>\n<p>        Publi\u00e9 le<\/p>\n<p>            27 oct. 2025 \u00e0 11h31        <\/p>\n<p><strong>La sortie de bo\u00eete de nuit se finit en garde \u00e0 vue<\/strong>. Dans la nuit du 24 au 25\u00a0octobre 2025, la police a interpell\u00e9 <strong>un homme totalement ivre<\/strong>, qui a globalement fait n\u2019importe quoi lors de sa fin de soir\u00e9e \u00e0 <a href=\"https:\/\/actu.fr\/normandie\/rouen_76540\" target=\"_blank\" rel=\"noopener\">Rouen<\/a>.<\/p>\n<p>Fin de soir\u00e9e difficile pour le conducteur ivre<\/p>\n<p class=\" wall-content\">Selon une source polici\u00e8re, vers 2h20 du matin, la police est appel\u00e9e pour \u00ab\u2009un individu <strong>qui pousse son v\u00e9hicule<\/strong> sur le boulevard des Belges\u2009\u00bb.<\/p>\n<p class=\" wall-content\">Sur place, les agents apprennent de l\u2019agent de s\u00e9curit\u00e9 d\u2019une bo\u00eete de nuit que le monsieur<strong> a bu et consomm\u00e9 du protoxyde d\u2019azote<\/strong>. Pendant ce temps, il essaye toujours de faire red\u00e9marrer sa voiture en la poussant puis en se mettant \u00e0 l\u2019int\u00e9rieur, porti\u00e8re ouverte et les jambes \u00e0 l\u2019ext\u00e9rieur.<\/p>\n<p class=\" wall-content\">\u00c0 force de pers\u00e9v\u00e9rance, il parvient \u00e0 red\u00e9marrer sa voiture, et fuit les policiers qui veulent le contr\u00f4ler. <strong>Il remonte m\u00eame le pont Guillaume-le-Conqu\u00e9rant \u00e0 contresens.<\/strong><\/p>\n<p class=\" wall-content\">Finalement stopp\u00e9, l\u2019homme de 30\u00a0ans, est interpell\u00e9. Il s\u2019av\u00e8re qu\u2019il n\u2019a pas le permis et qu\u2019il affiche un taux d\u20191,6g d\u2019alcool dans le sang. Il est donc plac\u00e9 en garde \u00e0 vue pour l\u2019ensemble de son \u0153uvre.<\/p>\n<p>Vid\u00e9os : en ce moment sur ActuSuivez l\u2019actualit\u00e9 de Rouen <a href=\"https:\/\/www.whatsapp.com\/channel\/0029VaKfnf99hXF2ddApFB1D\" target=\"_blank\" rel=\"noopener\">sur notre cha\u00eene WhatsApp<\/a> et <a href=\"https:\/\/www.tiktok.com\/@76actu.fr?lang=fr\" target=\"_blank\" rel=\"noopener\">sur notre compte TikTok<\/a><\/p>\n<p class=\" wall-content\">Personnalisez votre actualit\u00e9 en ajoutant vos villes et m\u00e9dias en favori avec <a href=\"https:\/\/moncompte.actu.fr\" title=\"D\u00e9couvez Mon Actu\" rel=\"nofollow noopener\" data-trk=\"{&quot;cta&quot;:{&quot;action&quot;:&quot;https:\\\/\\\/moncompte.actu.fr&quot;,&quot;category&quot;:&quot;mon compte&quot;,&quot;from&quot;:&quot;article footer&quot;,&quot;name&quot;:&quot;Mon actu&quot;,&quot;type&quot;:&quot;cta&quot;}}\" target=\"_blank\">Mon Actu<\/a>.<\/p>\n<p>                    <script async src=\"\/\/www.tiktok.com\/embed.js\"><\/script><\/p>\n","protected":false},"excerpt":{"rendered":"Par Julien Bouteiller Publi\u00e9 le 27 oct. 2025 \u00e0 11h31 La sortie de bo\u00eete de nuit se finit&hellip;\n","protected":false},"author":2,"featured_media":493049,"comment_status":"","ping_status":"","sticky":false,"template":"","format":"standard","meta":{"footnotes":""},"categories":[9587],"tags":[1111,11,5702,1777,674,118,1011,27,12,5161,1072,25,9590],"class_list":{"0":"post-493048","1":"post","2":"type-post","3":"status-publish","4":"format-standard","5":"has-post-thumbnail","7":"category-rouen","8":"tag-actu","9":"tag-actualites","10":"tag-alcool","11":"tag-eu","12":"tag-europe","13":"tag-faits-divers","14":"tag-fr","15":"tag-france","16":"tag-news","17":"tag-normandie","18":"tag-police","19":"tag-republique-francaise","20":"tag-rouen"},"share_on_mastodon":{"url":"https:\/\/pubeurope.com\/@fr\/115445960831414908","error":""},"_links":{"self":[{"href":"https:\/\/www.europesays.com\/fr\/wp-json\/wp\/v2\/posts\/493048","targetHints":{"allow":["GET"]}}],"collection":[{"href":"https:\/\/www.europesays.com\/fr\/wp-json\/wp\/v2\/posts"}],"about":[{"href":"https:\/\/www.europesays.com\/fr\/wp-json\/wp\/v2\/types\/post"}],"author":[{"embeddable":true,"href":"https:\/\/www.europesays.com\/fr\/wp-json\/wp\/v2\/users\/2"}],"replies":[{"embeddable":true,"href":"https:\/\/www.europesays.com\/fr\/wp-json\/wp\/v2\/comments?post=493048"}],"version-history":[{"count":0,"href":"https:\/\/www.europesays.com\/fr\/wp-json\/wp\/v2\/posts\/493048\/revisions"}],"wp:featuredmedia":[{"embeddable":true,"href":"https:\/\/www.europesays.com\/fr\/wp-json\/wp\/v2\/media\/493049"}],"wp:attachment":[{"href":"https:\/\/www.europesays.com\/fr\/wp-json\/wp\/v2\/media?parent=493048"}],"wp:term":[{"taxonomy":"category","embeddable":true,"href":"https:\/\/www.europesays.com\/fr\/wp-json\/wp\/v2\/categories?post=493048"},{"taxonomy":"post_tag","embeddable":true,"href":"https:\/\/www.europesays.com\/fr\/wp-json\/wp\/v2\/tags?post=493048"}],"curies":[{"name":"wp","href":"https:\/\/api.w.org\/{rel}","templated":true}]}}